{"id":24618,"date":"2024-02-15T13:00:15","date_gmt":"2024-02-15T19:00:15","guid":{"rendered":"https:\/\/contextoanalisisperiodistico.com\/index.php\/2024\/02\/15\/previene-sefader-propagacion-de-rabia-en-especies-ganaderas-de-la-costa\/"},"modified":"2024-02-15T13:00:15","modified_gmt":"2024-02-15T19:00:15","slug":"previene-sefader-propagacion-de-rabia-en-especies-ganaderas-de-la-costa","status":"publish","type":"post","link":"https:\/\/contextoanalisisperiodistico.com\/index.php\/2024\/02\/15\/previene-sefader-propagacion-de-rabia-en-especies-ganaderas-de-la-costa\/","title":{"rendered":"Previene Sefader propagaci\u00f3n de rabia en especies ganaderas de la Costa"},"content":{"rendered":"<div id=\"fb-root\"><\/div>\n\n<p>\u2022 La dependencia vacun\u00f3 a 2 mil animales bovinos, equinos y ovinos en municipios de esta regi\u00f3n<\/p>\n\n\n\n<figure class=\"wp-block-image size-large\"><img fetchpriority=\"high\" decoding=\"async\" width=\"990\" height=\"659\" src=\"https:\/\/contextoanalisisperiodistico.com\/wp-content\/uploads\/2024\/02\/img-20240215-wa00397382367190852890900.jpg\" alt=\"\" class=\"wp-image-24614\" srcset=\"https:\/\/contextoanalisisperiodistico.com\/wp-content\/uploads\/2024\/02\/img-20240215-wa00397382367190852890900.jpg 990w, https:\/\/contextoanalisisperiodistico.com\/wp-content\/uploads\/2024\/02\/img-20240215-wa00397382367190852890900-300x200.jpg 300w, https:\/\/contextoanalisisperiodistico.com\/wp-content\/uploads\/2024\/02\/img-20240215-wa00397382367190852890900-768x511.jpg 768w\" sizes=\"(max-width: 990px) 100vw, 990px\" \/><\/figure>\n\n\n\n<figure class=\"wp-block-image\"><img decoding=\"async\" width=\"300\" height=\"200\" src=\"https:\/\/contextoanalisisperiodistico.com\/wp-content\/uploads\/2024\/02\/img-20240215-wa0040364028671190879628-300x200.jpg\" alt=\"\" class=\"wp-image-24617\" srcset=\"https:\/\/contextoanalisisperiodistico.com\/wp-content\/uploads\/2024\/02\/img-20240215-wa0040364028671190879628-300x200.jpg 300w, https:\/\/contextoanalisisperiodistico.com\/wp-content\/uploads\/2024\/02\/img-20240215-wa0040364028671190879628-768x511.jpg 768w, https:\/\/contextoanalisisperiodistico.com\/wp-content\/uploads\/2024\/02\/img-20240215-wa0040364028671190879628.jpg 990w\" sizes=\"(max-width: 300px) 100vw, 300px\" \/><\/figure>\n\n\n\n<figure class=\"wp-block-image\"><img decoding=\"async\" width=\"300\" height=\"200\" src=\"https:\/\/contextoanalisisperiodistico.com\/wp-content\/uploads\/2024\/02\/img-20240215-wa00423999233738499346712-300x200.jpg\" alt=\"\" class=\"wp-image-24616\" srcset=\"https:\/\/contextoanalisisperiodistico.com\/wp-content\/uploads\/2024\/02\/img-20240215-wa00423999233738499346712-300x200.jpg 300w, https:\/\/contextoanalisisperiodistico.com\/wp-content\/uploads\/2024\/02\/img-20240215-wa00423999233738499346712-768x511.jpg 768w, https:\/\/contextoanalisisperiodistico.com\/wp-content\/uploads\/2024\/02\/img-20240215-wa00423999233738499346712.jpg 990w\" sizes=\"(max-width: 300px) 100vw, 300px\" \/><\/figure>\n\n\n\n<figure class=\"wp-block-image\"><img loading=\"lazy\" decoding=\"async\" width=\"300\" height=\"200\" src=\"https:\/\/contextoanalisisperiodistico.com\/wp-content\/uploads\/2024\/02\/img-20240215-wa00431206868190020824861-300x200.jpg\" alt=\"\" class=\"wp-image-24615\" srcset=\"https:\/\/contextoanalisisperiodistico.com\/wp-content\/uploads\/2024\/02\/img-20240215-wa00431206868190020824861-300x200.jpg 300w, https:\/\/contextoanalisisperiodistico.com\/wp-content\/uploads\/2024\/02\/img-20240215-wa00431206868190020824861-768x512.jpg 768w, https:\/\/contextoanalisisperiodistico.com\/wp-content\/uploads\/2024\/02\/img-20240215-wa00431206868190020824861.jpg 990w\" sizes=\"(max-width: 300px) 100vw, 300px\" \/><\/figure>\n\n\n\n<p>Villa de Tututepec de Melchor Ocampo, Oax. 15 de febrero de 2024.- Como parte de la campa\u00f1a para el control y prevenci\u00f3n de la rabia en especies ganaderas 2023-2024, la Secretar\u00eda de Fomento Agroalimentario y Desarrollo Rural (Sefader) realiz\u00f3 una jornada de vacunaci\u00f3n en municipios de la regi\u00f3n de la Costa, aplicando 2 mil dosis en bovinos y especies ganaderas como equinos y ovinos.<\/p>\n\n\n\n<p>En coordinaci\u00f3n con personal m\u00e9dico veterinario especialista en manejo de ganado mayor, provenientes del Comit\u00e9 Estatal para el Fomento y Protecci\u00f3n Pecuaria del Estado de Oaxaca se otorgaron vacunas a los municipios de Villa de Tututepec de Melchor Ocampo y San Pedro Mixtepec.<\/p>\n\n\n\n<p>Ganaderas y ganaderos de las localidades de R\u00edo Grande, San Jos\u00e9 Manialtepec, Santa Rosa de Lima, La Pastor\u00eda, entre otras, recibieron el apoyo de dosis contra la rabia en especies ganaderas, debido a que se han presentado ataques de murci\u00e9lago hemat\u00f3fago en animales.<\/p>\n\n\n\n<p>Con el objetivo de aplicar 200 mil dosis a trav\u00e9s de ocho m\u00e9dicas y m\u00e9dicos veterinarios, se han atendido regiones como la Costa, Cuenca del Papaloapan, Valles Centrales e Istmo de Tehuantepec, lugares en los que se ha notificado la presencia de este depredador.<\/p>\n\n\n\n<p>El director de Fomento Pecuario de la Sefader, Roberto Hern\u00e1ndez Santiago expres\u00f3 que este beneficio para el sector ganadero se lleva a cabo de manera gratuita por parte del Gobierno del Estado de Oaxaca, a fin de prevenir casos de rabia y preservar la salud p\u00fablica.<\/p>\n\n\n\n<p>De esta manera invit\u00f3 a la ciudadan\u00eda a reportar cualquier incidencia o presencia de este murci\u00e9lago o de animales mordidos, al Departamento de Salud Animal de la Sefader a trav\u00e9s del n\u00famero telef\u00f3nico 951 501 69 00 extensi\u00f3n 257 78.<\/p>\n\n\n\n<p>As\u00ed como al Servicio Nacional de Sanidad, Inocuidad y Calidad Agroalimentaria (Senasica) al tel\u00e9fono 951 307 4677, o bien, al Comit\u00e9 Estatal para el Fomento y Protecci\u00f3n Pecuaria del Estado de Oaxaca a los n\u00fameros 951 502 56 33 o 951 505 50 68.<br \/>-0-<\/p>\n","protected":false},"excerpt":{"rendered":"<p>\u2022 La dependencia vacun\u00f3 a 2 mil animales bovinos, equinos y ovinos en municipios de&#8230;<\/p>\n","protected":false},"author":4,"featured_media":24613,"comment_status":"","ping_status":"open","sticky":false,"template":"","format":"standard","meta":{"footnotes":""},"categories":[9],"tags":[],"jetpack_sharing_enabled":true,"featured_image_urls":{"full":["https:\/\/contextoanalisisperiodistico.com\/wp-content\/uploads\/2024\/02\/IMG-20240215-WA0041.jpg",990,659,false],"thumbnail":["https:\/\/contextoanalisisperiodistico.com\/wp-content\/uploads\/2024\/02\/IMG-20240215-WA0041-150x150.jpg",150,150,true],"medium":["https:\/\/contextoanalisisperiodistico.com\/wp-content\/uploads\/2024\/02\/IMG-20240215-WA0041-300x200.jpg",300,200,true],"medium_large":["https:\/\/contextoanalisisperiodistico.com\/wp-content\/uploads\/2024\/02\/IMG-20240215-WA0041-768x511.jpg",640,426,true],"large":["https:\/\/contextoanalisisperiodistico.com\/wp-content\/uploads\/2024\/02\/IMG-20240215-WA0041.jpg",640,426,false],"1536x1536":["https:\/\/contextoanalisisperiodistico.com\/wp-content\/uploads\/2024\/02\/IMG-20240215-WA0041.jpg",990,659,false],"2048x2048":["https:\/\/contextoanalisisperiodistico.com\/wp-content\/uploads\/2024\/02\/IMG-20240215-WA0041.jpg",990,659,false],"covernews-slider-full":["https:\/\/contextoanalisisperiodistico.com\/wp-content\/uploads\/2024\/02\/IMG-20240215-WA0041.jpg",990,659,false],"covernews-slider-center":["https:\/\/contextoanalisisperiodistico.com\/wp-content\/uploads\/2024\/02\/IMG-20240215-WA0041-800x500.jpg",800,500,true],"covernews-featured":["https:\/\/contextoanalisisperiodistico.com\/wp-content\/uploads\/2024\/02\/IMG-20240215-WA0041.jpg",990,659,false],"covernews-medium":["https:\/\/contextoanalisisperiodistico.com\/wp-content\/uploads\/2024\/02\/IMG-20240215-WA0041-540x340.jpg",540,340,true],"covernews-medium-square":["https:\/\/contextoanalisisperiodistico.com\/wp-content\/uploads\/2024\/02\/IMG-20240215-WA0041-400x250.jpg",400,250,true]},"author_info":{"display_name":"Mario Gir\u00f3n","author_link":"https:\/\/contextoanalisisperiodistico.com\/index.php\/author\/director\/"},"category_info":"<a href=\"https:\/\/contextoanalisisperiodistico.com\/index.php\/category\/politica\/\" rel=\"category tag\">Pol\u00edtica<\/a>","tag_info":"Pol\u00edtica","comment_count":"0","jetpack_featured_media_url":"https:\/\/contextoanalisisperiodistico.com\/wp-content\/uploads\/2024\/02\/IMG-20240215-WA0041.jpg","_links":{"self":[{"href":"https:\/\/contextoanalisisperiodistico.com\/index.php\/wp-json\/wp\/v2\/posts\/24618"}],"collection":[{"href":"https:\/\/contextoanalisisperiodistico.com\/index.php\/wp-json\/wp\/v2\/posts"}],"about":[{"href":"https:\/\/contextoanalisisperiodistico.com\/index.php\/wp-json\/wp\/v2\/types\/post"}],"author":[{"embeddable":true,"href":"https:\/\/contextoanalisisperiodistico.com\/index.php\/wp-json\/wp\/v2\/users\/4"}],"replies":[{"embeddable":true,"href":"https:\/\/contextoanalisisperiodistico.com\/index.php\/wp-json\/wp\/v2\/comments?post=24618"}],"version-history":[{"count":0,"href":"https:\/\/contextoanalisisperiodistico.com\/index.php\/wp-json\/wp\/v2\/posts\/24618\/revisions"}],"wp:featuredmedia":[{"embeddable":true,"href":"https:\/\/contextoanalisisperiodistico.com\/index.php\/wp-json\/wp\/v2\/media\/24613"}],"wp:attachment":[{"href":"https:\/\/contextoanalisisperiodistico.com\/index.php\/wp-json\/wp\/v2\/media?parent=24618"}],"wp:term":[{"taxonomy":"category","embeddable":true,"href":"https:\/\/contextoanalisisperiodistico.com\/index.php\/wp-json\/wp\/v2\/categories?post=24618"},{"taxonomy":"post_tag","embeddable":true,"href":"https:\/\/contextoanalisisperiodistico.com\/index.php\/wp-json\/wp\/v2\/tags?post=24618"}],"curies":[{"name":"wp","href":"https:\/\/api.w.org\/{rel}","templated":true}]}}