{"id":24612,"date":"2024-02-15T12:54:54","date_gmt":"2024-02-15T18:54:54","guid":{"rendered":"https:\/\/contextoanalisisperiodistico.com\/index.php\/2024\/02\/15\/proteccion-civil-emite-recomendaciones-ante-incendios-forestales\/"},"modified":"2024-02-15T12:54:54","modified_gmt":"2024-02-15T18:54:54","slug":"proteccion-civil-emite-recomendaciones-ante-incendios-forestales","status":"publish","type":"post","link":"https:\/\/contextoanalisisperiodistico.com\/index.php\/2024\/02\/15\/proteccion-civil-emite-recomendaciones-ante-incendios-forestales\/","title":{"rendered":"Protecci\u00f3n Civil emite recomendaciones ante incendios forestales"},"content":{"rendered":"<div id=\"fb-root\"><\/div>\n\n<p>Oaxaca de Ju\u00e1rez, Oax., 15 de febrero de 2024.- La Coordinaci\u00f3n Estatal de Protecci\u00f3n Civil y Gesti\u00f3n de Riesgos (CEPCyGR), en conjunto con la Comisi\u00f3n Estatal Forestal (Coesfo) da a conocer las acciones preventivas que se deben realizar ante un incendio forestal.<\/p>\n\n\n\n\n\n<p>En esta temporada de incendios, la dependencia exhorta a la poblaci\u00f3n a evitar quemar basura, tirar cigarros, vidrios o botellas en \u00e1reas verdes, y en caso de detectar fuego, calor o humo, informar inmediatamente a las autoridades.<\/p>\n\n\n\n<p>Protecci\u00f3n Civil recomienda a las personas que participan como primera respuesta en el combate para el control de incendios, hacerlo en grupo de personas y realizar brechas cortafuego a distancia, con la finalidad de proteger su integridad f\u00edsica.<\/p>\n\n\n\n<p>Ante la presencia de un incendio se pide reportarlo a las dependencias oficiales como la Comisi\u00f3n Estatal de Forestal al tel\u00e9fono 951 503 25 37, o a la Comisi\u00f3n Nacional Forestal (Conafor) al n\u00famero telef\u00f3nico 951 516 5112 y 951 51 6 54 66 o al n\u00famero de emergencia de la Secretar\u00eda de Seguridad y Protecci\u00f3n Ciudadana (SSPC) 9-1-1.<\/p>\n\n\n\n<p>A trav\u00e9s de estas acciones, Protecci\u00f3n Civil refrenda su compromiso de estar al servicio del pueblo, interviniendo en situaciones de emergencia o accidentes que pongan en riesgo la integridad f\u00edsica de las personas.<\/p>\n\n\n\n<p>-0-<\/p>\n","protected":false},"excerpt":{"rendered":"<p>Oaxaca de Ju\u00e1rez, Oax., 15 de febrero de 2024.- La Coordinaci\u00f3n Estatal de Protecci\u00f3n Civil&#8230;<\/p>\n","protected":false},"author":4,"featured_media":24611,"comment_status":"","ping_status":"open","sticky":false,"template":"","format":"standard","meta":{"footnotes":""},"categories":[9],"tags":[],"jetpack_sharing_enabled":true,"featured_image_urls":{"full":["https:\/\/contextoanalisisperiodistico.com\/wp-content\/uploads\/2024\/02\/IMG-20240215-WA0038.jpg",1080,1080,false],"thumbnail":["https:\/\/contextoanalisisperiodistico.com\/wp-content\/uploads\/2024\/02\/IMG-20240215-WA0038-150x150.jpg",150,150,true],"medium":["https:\/\/contextoanalisisperiodistico.com\/wp-content\/uploads\/2024\/02\/IMG-20240215-WA0038-300x300.jpg",300,300,true],"medium_large":["https:\/\/contextoanalisisperiodistico.com\/wp-content\/uploads\/2024\/02\/IMG-20240215-WA0038-768x768.jpg",640,640,true],"large":["https:\/\/contextoanalisisperiodistico.com\/wp-content\/uploads\/2024\/02\/IMG-20240215-WA0038-1024x1024.jpg",640,640,true],"1536x1536":["https:\/\/contextoanalisisperiodistico.com\/wp-content\/uploads\/2024\/02\/IMG-20240215-WA0038.jpg",1080,1080,false],"2048x2048":["https:\/\/contextoanalisisperiodistico.com\/wp-content\/uploads\/2024\/02\/IMG-20240215-WA0038.jpg",1080,1080,false],"covernews-slider-full":["https:\/\/contextoanalisisperiodistico.com\/wp-content\/uploads\/2024\/02\/IMG-20240215-WA0038-1080x715.jpg",1080,715,true],"covernews-slider-center":["https:\/\/contextoanalisisperiodistico.com\/wp-content\/uploads\/2024\/02\/IMG-20240215-WA0038-800x500.jpg",800,500,true],"covernews-featured":["https:\/\/contextoanalisisperiodistico.com\/wp-content\/uploads\/2024\/02\/IMG-20240215-WA0038-1024x1024.jpg",1024,1024,true],"covernews-medium":["https:\/\/contextoanalisisperiodistico.com\/wp-content\/uploads\/2024\/02\/IMG-20240215-WA0038-540x340.jpg",540,340,true],"covernews-medium-square":["https:\/\/contextoanalisisperiodistico.com\/wp-content\/uploads\/2024\/02\/IMG-20240215-WA0038-400x250.jpg",400,250,true]},"author_info":{"display_name":"Mario Gir\u00f3n","author_link":"https:\/\/contextoanalisisperiodistico.com\/index.php\/author\/director\/"},"category_info":"<a href=\"https:\/\/contextoanalisisperiodistico.com\/index.php\/category\/politica\/\" rel=\"category tag\">Pol\u00edtica<\/a>","tag_info":"Pol\u00edtica","comment_count":"0","jetpack_featured_media_url":"https:\/\/contextoanalisisperiodistico.com\/wp-content\/uploads\/2024\/02\/IMG-20240215-WA0038.jpg","_links":{"self":[{"href":"https:\/\/contextoanalisisperiodistico.com\/index.php\/wp-json\/wp\/v2\/posts\/24612"}],"collection":[{"href":"https:\/\/contextoanalisisperiodistico.com\/index.php\/wp-json\/wp\/v2\/posts"}],"about":[{"href":"https:\/\/contextoanalisisperiodistico.com\/index.php\/wp-json\/wp\/v2\/types\/post"}],"author":[{"embeddable":true,"href":"https:\/\/contextoanalisisperiodistico.com\/index.php\/wp-json\/wp\/v2\/users\/4"}],"replies":[{"embeddable":true,"href":"https:\/\/contextoanalisisperiodistico.com\/index.php\/wp-json\/wp\/v2\/comments?post=24612"}],"version-history":[{"count":0,"href":"https:\/\/contextoanalisisperiodistico.com\/index.php\/wp-json\/wp\/v2\/posts\/24612\/revisions"}],"wp:featuredmedia":[{"embeddable":true,"href":"https:\/\/contextoanalisisperiodistico.com\/index.php\/wp-json\/wp\/v2\/media\/24611"}],"wp:attachment":[{"href":"https:\/\/contextoanalisisperiodistico.com\/index.php\/wp-json\/wp\/v2\/media?parent=24612"}],"wp:term":[{"taxonomy":"category","embeddable":true,"href":"https:\/\/contextoanalisisperiodistico.com\/index.php\/wp-json\/wp\/v2\/categories?post=24612"},{"taxonomy":"post_tag","embeddable":true,"href":"https:\/\/contextoanalisisperiodistico.com\/index.php\/wp-json\/wp\/v2\/tags?post=24612"}],"curies":[{"name":"wp","href":"https:\/\/api.w.org\/{rel}","templated":true}]}}