{"id":24425,"date":"2024-02-09T20:44:30","date_gmt":"2024-02-10T02:44:30","guid":{"rendered":"https:\/\/contextoanalisisperiodistico.com\/index.php\/2024\/02\/09\/llegan-a-san-miguel-yotao-mejoras-en-educacion-vivienda-y-caminos\/"},"modified":"2024-02-09T20:44:30","modified_gmt":"2024-02-10T02:44:30","slug":"llegan-a-san-miguel-yotao-mejoras-en-educacion-vivienda-y-caminos","status":"publish","type":"post","link":"https:\/\/contextoanalisisperiodistico.com\/index.php\/2024\/02\/09\/llegan-a-san-miguel-yotao-mejoras-en-educacion-vivienda-y-caminos\/","title":{"rendered":"Llegan a San Miguel Yotao mejoras en educaci\u00f3n, vivienda y caminos"},"content":{"rendered":"<div id=\"fb-root\"><\/div>\n\n<p>\u2022 El Gobernador del Estado anunci\u00f3 una inversi\u00f3n superior a los 6 millones de pesos, los cuales corresponden a los ejercicios fiscales 2023 y 2024<\/p>\n\n\n\n<figure class=\"wp-block-image size-large\"><img fetchpriority=\"high\" decoding=\"async\" width=\"682\" height=\"1024\" src=\"https:\/\/contextoanalisisperiodistico.com\/wp-content\/uploads\/2024\/02\/img-20240209-wa00633407896059328757456-682x1024.jpg\" alt=\"\" class=\"wp-image-24422\" srcset=\"https:\/\/contextoanalisisperiodistico.com\/wp-content\/uploads\/2024\/02\/img-20240209-wa00633407896059328757456-682x1024.jpg 682w, https:\/\/contextoanalisisperiodistico.com\/wp-content\/uploads\/2024\/02\/img-20240209-wa00633407896059328757456-200x300.jpg 200w, https:\/\/contextoanalisisperiodistico.com\/wp-content\/uploads\/2024\/02\/img-20240209-wa00633407896059328757456-768x1152.jpg 768w, https:\/\/contextoanalisisperiodistico.com\/wp-content\/uploads\/2024\/02\/img-20240209-wa00633407896059328757456.jpg 853w\" sizes=\"(max-width: 682px) 100vw, 682px\" \/><\/figure>\n\n\n\n<figure class=\"wp-block-image\"><img decoding=\"async\" width=\"1024\" height=\"682\" src=\"https:\/\/contextoanalisisperiodistico.com\/wp-content\/uploads\/2024\/02\/img-20240209-wa00623641130396087840071-1024x682.jpg\" alt=\"\" class=\"wp-image-24421\" srcset=\"https:\/\/contextoanalisisperiodistico.com\/wp-content\/uploads\/2024\/02\/img-20240209-wa00623641130396087840071-1024x682.jpg 1024w, https:\/\/contextoanalisisperiodistico.com\/wp-content\/uploads\/2024\/02\/img-20240209-wa00623641130396087840071-300x200.jpg 300w, https:\/\/contextoanalisisperiodistico.com\/wp-content\/uploads\/2024\/02\/img-20240209-wa00623641130396087840071-768x512.jpg 768w, https:\/\/contextoanalisisperiodistico.com\/wp-content\/uploads\/2024\/02\/img-20240209-wa00623641130396087840071.jpg 1280w\" sizes=\"(max-width: 1024px) 100vw, 1024px\" \/><\/figure>\n\n\n\n<figure class=\"wp-block-image\"><img decoding=\"async\" width=\"1024\" height=\"682\" src=\"https:\/\/contextoanalisisperiodistico.com\/wp-content\/uploads\/2024\/02\/img-20240209-wa00606343298534807687069-1024x682.jpg\" alt=\"\" class=\"wp-image-24424\" srcset=\"https:\/\/contextoanalisisperiodistico.com\/wp-content\/uploads\/2024\/02\/img-20240209-wa00606343298534807687069-1024x682.jpg 1024w, https:\/\/contextoanalisisperiodistico.com\/wp-content\/uploads\/2024\/02\/img-20240209-wa00606343298534807687069-300x200.jpg 300w, https:\/\/contextoanalisisperiodistico.com\/wp-content\/uploads\/2024\/02\/img-20240209-wa00606343298534807687069-768x512.jpg 768w, https:\/\/contextoanalisisperiodistico.com\/wp-content\/uploads\/2024\/02\/img-20240209-wa00606343298534807687069.jpg 1280w\" sizes=\"(max-width: 1024px) 100vw, 1024px\" \/><\/figure>\n\n\n\n<figure class=\"wp-block-image\"><img loading=\"lazy\" decoding=\"async\" width=\"1024\" height=\"683\" src=\"https:\/\/contextoanalisisperiodistico.com\/wp-content\/uploads\/2024\/02\/img-20240209-wa00612362791973320417965-1024x683.jpg\" alt=\"\" class=\"wp-image-24423\" srcset=\"https:\/\/contextoanalisisperiodistico.com\/wp-content\/uploads\/2024\/02\/img-20240209-wa00612362791973320417965-1024x683.jpg 1024w, https:\/\/contextoanalisisperiodistico.com\/wp-content\/uploads\/2024\/02\/img-20240209-wa00612362791973320417965-300x200.jpg 300w, https:\/\/contextoanalisisperiodistico.com\/wp-content\/uploads\/2024\/02\/img-20240209-wa00612362791973320417965-768x512.jpg 768w, https:\/\/contextoanalisisperiodistico.com\/wp-content\/uploads\/2024\/02\/img-20240209-wa00612362791973320417965.jpg 1280w\" sizes=\"(max-width: 1024px) 100vw, 1024px\" \/><\/figure>\n\n\n\n<p>San Miguel Yotao, Oax. 9 de febrero de 2024.- En seguimiento al compromiso de resarcir el rezago hist\u00f3rico de los pueblos y comunidades oaxaque\u00f1as, el Gobernador Salom\u00f3n Jara Cruz present\u00f3 la estrategia Atenci\u00f3n a Municipios Territorios Bienestar en esta localidad perteneciente al Distrito de Ixtl\u00e1n, para fortalecer la salud, educaci\u00f3n, campo y dem\u00e1s rubros.<\/p>\n\n\n\n<p>Durante su visita, el Mandatario estatal anunci\u00f3 una inversi\u00f3n de 6 millones 53 mil 389 pesos que corresponden a los ejercicios fiscales 2023 y 2024, con los que, dijo, trabajar\u00e1 para sacar al municipio, con m\u00e1s de 580 habitantes, de la pobreza y el abandono en el que han estado por d\u00e9cadas.<\/p>\n\n\n\n<p>\u201cEsta municipalidad ocupa el lugar n\u00famero 20 en pobreza a nivel estatal y el 35 a nivel nacional y eso no es justo, porque nuestros pueblos tienen que salir adelante, San Miguel Yotao no puede seguir siendo una comunidad olvidada\u201d, asever\u00f3 Jara Cruz.<\/p>\n\n\n\n<p>De esta manera se dio a conocer que en el a\u00f1o 2023 el Sistema Estatal para el Desarrollo Integral de la Familia (DIF) Oaxaca destin\u00f3 321 mil 182 pesos para el subprograma Comedores Populares para el Bienestar en beneficio de 130 familias de esta municipalidad.<\/p>\n\n\n\n<p>Durante este mismo a\u00f1o, la Secretar\u00eda de Finanzas (Sefin) deposit\u00f3 26 mil 921 pesos por parte del Fondo Compensatorio del Gobierno Federal.<\/p>\n\n\n\n<p>La Secretar\u00eda de Fomento Agroalimentario y Desarrollo Rural (Sefader) invirti\u00f3 257 mil 380 pesos para el programa Autosuficiencia Alimentaria, el cual apoya a 22 familias productoras de ma\u00edz, frijol, hortalizas, entre otros.<\/p>\n\n\n\n<p>A trav\u00e9s del programa Reforesta Oaxaca, la Comisi\u00f3n Estatal Forestal (Coesfo) don\u00f3 9 mil 640 plantas para la reactivaci\u00f3n de \u00e1reas verdes de esta poblaci\u00f3n.<\/p>\n\n\n\n<p>En tanto, la Secretar\u00eda de Bienestar, Tequio e Inclusi\u00f3n (Sebienti) benefici\u00f3 a 20 jefas de familia en extrema pobreza con un monto total de 240 mil pesos.<\/p>\n\n\n\n<p>El Secretariado Ejecutivo del Sistema Estatal de Seguridad P\u00fablica (SESESP) recibi\u00f3 una solicitud para una patrulla, sin embargo, San Miguel Yotao no cumple con todos los requisitos para adquirirla. La dependencia invit\u00f3 al presidente municipal Filem\u00f3n Ruiz Gabriel a certificar a sus elementos policiacos y a rendir su informe sobre el uso del Fondo de Aportaciones para el Fortalecimiento Municipal y de las Demarcaciones Territoriales del Distrito Federal (Fortamun).<\/p>\n\n\n\n<p>Para este 2024, los Servicios de Salud de Oaxaca (SSO) otorgar\u00e1n 703 mil 227 pesos para el abasto de medicamentos; tambi\u00e9n proporcionar\u00e1n un nebulizador y un taque de ox\u00edgeno. En pr\u00f3ximos meses la dependencia enviar\u00e1 a una pasante de enfermer\u00eda para coadyuvar en el bienestar de las familias.<\/p>\n\n\n\n<p>Con una inversi\u00f3n de 116 mil 385 pesos, el Instituto Estatal de Educaci\u00f3n P\u00fablica de Oaxaca (IEEPO) entreg\u00f3 un escritorio, una silla secretarial, silla apilable, mesa para maestro, pizarr\u00f3n, archivero, librero y bafle a un preescolar, una primaria y telesecundaria de la localidad.<\/p>\n\n\n\n<p>Por su parte el Instituto Oaxaque\u00f1o Constructor de Infraestructura Educativa (Iocied) canalizar\u00e1 600 mil pesos para la construcci\u00f3n de un aula en una escuela.<\/p>\n\n\n\n<p>Para 35 acciones de piso firme y ba\u00f1os con biodigestores, Vivienda Bienestar (Vibien) invertir\u00e1 1 mill\u00f3n 557 mil 500 pesos.<\/p>\n\n\n\n<p>Finalmente, la Secretar\u00eda de las Infraestructuras y Comunicaciones realizar\u00e1 la pavimentaci\u00f3n de un barrio de San Miguel Yotao con un monto de 1 mill\u00f3n 500 mil pesos.<\/p>\n\n\n\n<p>-0-<\/p>\n","protected":false},"excerpt":{"rendered":"<p>\u2022 El Gobernador del Estado anunci\u00f3 una inversi\u00f3n superior a los 6 millones de pesos,&#8230;<\/p>\n","protected":false},"author":4,"featured_media":24420,"comment_status":"","ping_status":"open","sticky":false,"template":"","format":"standard","meta":{"footnotes":""},"categories":[9],"tags":[],"jetpack_sharing_enabled":true,"featured_image_urls":{"full":["https:\/\/contextoanalisisperiodistico.com\/wp-content\/uploads\/2024\/02\/IMG-20240209-WA0059.jpg",1280,853,false],"thumbnail":["https:\/\/contextoanalisisperiodistico.com\/wp-content\/uploads\/2024\/02\/IMG-20240209-WA0059-150x150.jpg",150,150,true],"medium":["https:\/\/contextoanalisisperiodistico.com\/wp-content\/uploads\/2024\/02\/IMG-20240209-WA0059-300x200.jpg",300,200,true],"medium_large":["https:\/\/contextoanalisisperiodistico.com\/wp-content\/uploads\/2024\/02\/IMG-20240209-WA0059-768x512.jpg",640,427,true],"large":["https:\/\/contextoanalisisperiodistico.com\/wp-content\/uploads\/2024\/02\/IMG-20240209-WA0059-1024x682.jpg",640,426,true],"1536x1536":["https:\/\/contextoanalisisperiodistico.com\/wp-content\/uploads\/2024\/02\/IMG-20240209-WA0059.jpg",1280,853,false],"2048x2048":["https:\/\/contextoanalisisperiodistico.com\/wp-content\/uploads\/2024\/02\/IMG-20240209-WA0059.jpg",1280,853,false],"covernews-slider-full":["https:\/\/contextoanalisisperiodistico.com\/wp-content\/uploads\/2024\/02\/IMG-20240209-WA0059-1115x715.jpg",1115,715,true],"covernews-slider-center":["https:\/\/contextoanalisisperiodistico.com\/wp-content\/uploads\/2024\/02\/IMG-20240209-WA0059-800x500.jpg",800,500,true],"covernews-featured":["https:\/\/contextoanalisisperiodistico.com\/wp-content\/uploads\/2024\/02\/IMG-20240209-WA0059-1024x682.jpg",1024,682,true],"covernews-medium":["https:\/\/contextoanalisisperiodistico.com\/wp-content\/uploads\/2024\/02\/IMG-20240209-WA0059-540x340.jpg",540,340,true],"covernews-medium-square":["https:\/\/contextoanalisisperiodistico.com\/wp-content\/uploads\/2024\/02\/IMG-20240209-WA0059-400x250.jpg",400,250,true]},"author_info":{"display_name":"Mario Gir\u00f3n","author_link":"https:\/\/contextoanalisisperiodistico.com\/index.php\/author\/director\/"},"category_info":"<a href=\"https:\/\/contextoanalisisperiodistico.com\/index.php\/category\/politica\/\" rel=\"category tag\">Pol\u00edtica<\/a>","tag_info":"Pol\u00edtica","comment_count":"0","jetpack_featured_media_url":"https:\/\/contextoanalisisperiodistico.com\/wp-content\/uploads\/2024\/02\/IMG-20240209-WA0059.jpg","_links":{"self":[{"href":"https:\/\/contextoanalisisperiodistico.com\/index.php\/wp-json\/wp\/v2\/posts\/24425"}],"collection":[{"href":"https:\/\/contextoanalisisperiodistico.com\/index.php\/wp-json\/wp\/v2\/posts"}],"about":[{"href":"https:\/\/contextoanalisisperiodistico.com\/index.php\/wp-json\/wp\/v2\/types\/post"}],"author":[{"embeddable":true,"href":"https:\/\/contextoanalisisperiodistico.com\/index.php\/wp-json\/wp\/v2\/users\/4"}],"replies":[{"embeddable":true,"href":"https:\/\/contextoanalisisperiodistico.com\/index.php\/wp-json\/wp\/v2\/comments?post=24425"}],"version-history":[{"count":0,"href":"https:\/\/contextoanalisisperiodistico.com\/index.php\/wp-json\/wp\/v2\/posts\/24425\/revisions"}],"wp:featuredmedia":[{"embeddable":true,"href":"https:\/\/contextoanalisisperiodistico.com\/index.php\/wp-json\/wp\/v2\/media\/24420"}],"wp:attachment":[{"href":"https:\/\/contextoanalisisperiodistico.com\/index.php\/wp-json\/wp\/v2\/media?parent=24425"}],"wp:term":[{"taxonomy":"category","embeddable":true,"href":"https:\/\/contextoanalisisperiodistico.com\/index.php\/wp-json\/wp\/v2\/categories?post=24425"},{"taxonomy":"post_tag","embeddable":true,"href":"https:\/\/contextoanalisisperiodistico.com\/index.php\/wp-json\/wp\/v2\/tags?post=24425"}],"curies":[{"name":"wp","href":"https:\/\/api.w.org\/{rel}","templated":true}]}}