{"id":24419,"date":"2024-02-09T20:20:04","date_gmt":"2024-02-10T02:20:04","guid":{"rendered":"https:\/\/contextoanalisisperiodistico.com\/index.php\/2024\/02\/09\/benefician-a-san-juan-yaee-con-acciones-en-materia-de-salud-y-caminos\/"},"modified":"2024-02-09T20:20:04","modified_gmt":"2024-02-10T02:20:04","slug":"benefician-a-san-juan-yaee-con-acciones-en-materia-de-salud-y-caminos","status":"publish","type":"post","link":"https:\/\/contextoanalisisperiodistico.com\/index.php\/2024\/02\/09\/benefician-a-san-juan-yaee-con-acciones-en-materia-de-salud-y-caminos\/","title":{"rendered":"Benefician a San Juan Yae\u00e9 con acciones en materia de salud y caminos"},"content":{"rendered":"<div id=\"fb-root\"><\/div>\n\n<p>\u2022 El Gobernador del Estado Salom\u00f3n Jara Cruz anunci\u00f3 que mediante la estrategia Atenci\u00f3n a Municipios Territorios Bienestar se invertir\u00e1 6 millones 429 mil pesos<\/p>\n\n\n\n<figure class=\"wp-block-image size-large\"><img fetchpriority=\"high\" decoding=\"async\" width=\"1024\" height=\"682\" src=\"https:\/\/contextoanalisisperiodistico.com\/wp-content\/uploads\/2024\/02\/img-20240209-wa0057880454786240893381-1024x682.jpg\" alt=\"\" class=\"wp-image-24417\" srcset=\"https:\/\/contextoanalisisperiodistico.com\/wp-content\/uploads\/2024\/02\/img-20240209-wa0057880454786240893381-1024x682.jpg 1024w, https:\/\/contextoanalisisperiodistico.com\/wp-content\/uploads\/2024\/02\/img-20240209-wa0057880454786240893381-300x200.jpg 300w, https:\/\/contextoanalisisperiodistico.com\/wp-content\/uploads\/2024\/02\/img-20240209-wa0057880454786240893381-768x512.jpg 768w, https:\/\/contextoanalisisperiodistico.com\/wp-content\/uploads\/2024\/02\/img-20240209-wa0057880454786240893381-1536x1023.jpg 1536w, https:\/\/contextoanalisisperiodistico.com\/wp-content\/uploads\/2024\/02\/img-20240209-wa0057880454786240893381.jpg 1600w\" sizes=\"(max-width: 1024px) 100vw, 1024px\" \/><\/figure>\n\n\n\n<figure class=\"wp-block-image\"><img decoding=\"async\" width=\"1024\" height=\"682\" src=\"https:\/\/contextoanalisisperiodistico.com\/wp-content\/uploads\/2024\/02\/img-20240209-wa00552306650098836935629-1024x682.jpg\" alt=\"\" class=\"wp-image-24415\" srcset=\"https:\/\/contextoanalisisperiodistico.com\/wp-content\/uploads\/2024\/02\/img-20240209-wa00552306650098836935629-1024x682.jpg 1024w, https:\/\/contextoanalisisperiodistico.com\/wp-content\/uploads\/2024\/02\/img-20240209-wa00552306650098836935629-300x200.jpg 300w, https:\/\/contextoanalisisperiodistico.com\/wp-content\/uploads\/2024\/02\/img-20240209-wa00552306650098836935629-768x512.jpg 768w, https:\/\/contextoanalisisperiodistico.com\/wp-content\/uploads\/2024\/02\/img-20240209-wa00552306650098836935629-1536x1023.jpg 1536w, https:\/\/contextoanalisisperiodistico.com\/wp-content\/uploads\/2024\/02\/img-20240209-wa00552306650098836935629.jpg 1600w\" sizes=\"(max-width: 1024px) 100vw, 1024px\" \/><\/figure>\n\n\n\n<figure class=\"wp-block-image\"><img decoding=\"async\" width=\"1024\" height=\"682\" src=\"https:\/\/contextoanalisisperiodistico.com\/wp-content\/uploads\/2024\/02\/img-20240209-wa00568623377747088607995-1024x682.jpg\" alt=\"\" class=\"wp-image-24416\" srcset=\"https:\/\/contextoanalisisperiodistico.com\/wp-content\/uploads\/2024\/02\/img-20240209-wa00568623377747088607995-1024x682.jpg 1024w, https:\/\/contextoanalisisperiodistico.com\/wp-content\/uploads\/2024\/02\/img-20240209-wa00568623377747088607995-300x200.jpg 300w, https:\/\/contextoanalisisperiodistico.com\/wp-content\/uploads\/2024\/02\/img-20240209-wa00568623377747088607995-768x512.jpg 768w, https:\/\/contextoanalisisperiodistico.com\/wp-content\/uploads\/2024\/02\/img-20240209-wa00568623377747088607995-1536x1023.jpg 1536w, https:\/\/contextoanalisisperiodistico.com\/wp-content\/uploads\/2024\/02\/img-20240209-wa00568623377747088607995.jpg 1600w\" sizes=\"(max-width: 1024px) 100vw, 1024px\" \/><\/figure>\n\n\n\n<figure class=\"wp-block-image\"><img loading=\"lazy\" decoding=\"async\" width=\"1024\" height=\"682\" src=\"https:\/\/contextoanalisisperiodistico.com\/wp-content\/uploads\/2024\/02\/img-20240209-wa00544041200884313699062-1024x682.jpg\" alt=\"\" class=\"wp-image-24418\" srcset=\"https:\/\/contextoanalisisperiodistico.com\/wp-content\/uploads\/2024\/02\/img-20240209-wa00544041200884313699062-1024x682.jpg 1024w, https:\/\/contextoanalisisperiodistico.com\/wp-content\/uploads\/2024\/02\/img-20240209-wa00544041200884313699062-300x200.jpg 300w, https:\/\/contextoanalisisperiodistico.com\/wp-content\/uploads\/2024\/02\/img-20240209-wa00544041200884313699062-768x512.jpg 768w, https:\/\/contextoanalisisperiodistico.com\/wp-content\/uploads\/2024\/02\/img-20240209-wa00544041200884313699062-1536x1023.jpg 1536w, https:\/\/contextoanalisisperiodistico.com\/wp-content\/uploads\/2024\/02\/img-20240209-wa00544041200884313699062.jpg 1600w\" sizes=\"(max-width: 1024px) 100vw, 1024px\" \/><\/figure>\n\n\n\n<p>San Juan Yae\u00e9, Oax. 9 de febrero de 2024.- Como parte de la estrategia Atenci\u00f3n a Municipios Territorios Bienestar, el Gobernador del Estado Salom\u00f3n Jara Cruz visit\u00f3 San Juan Yae\u00e9, distrito de Villa Alta, en donde benefici\u00f3 a la poblaci\u00f3n con 6 millones 429 mil pesos con diversas acciones enfocadas a elevar la calidad de vida de las y los pobladores.<\/p>\n\n\n\n<p>Habitantes de la comunidad, que ocupa el lugar 134 de pobreza entre los 570 municipios de Oaxaca, acudieron al llamado del Gobernante para escuchar el desglose de obras y programas sociales con los que la Primavera Oaxaque\u00f1a busca reparar la deuda hist\u00f3rica que se tiene con los pueblos del estado.<\/p>\n\n\n\n<p>El Mandatario estatal asegur\u00f3 que se acabaron los tiempos en los que un presidente municipal acud\u00eda a la capital a tocar las puertas del Palacio de Gobierno y nunca lo recib\u00edan, pues ahora el funcionariado va a las comunidades, ya que en el nuevo modelo de gobierno se trabaja de manera cercana a la gente, con honestidad, sencillez y transparencia.<\/p>\n\n\n\n<p>\u201cHay que ir a los municipios para ver las necesidades en las escuelas, en la salud, en los caminos, la electrificaci\u00f3n; pues eso es lo que tiene que hacer un gobernante, por eso nuestro gobierno es de territorio y no de escritorio\u201d, recalc\u00f3 Jara Cruz antes de iniciar con la presentaci\u00f3n de las diferentes dependencias que acudieron a la poblaci\u00f3n serrana.<\/p>\n\n\n\n<p>Al respecto, Servicios de Salud de Oaxaca (SSO) report\u00f3 que, en 2023 con un monto de 2 millones 190 mil 996 pesos invirtieron en el mantenimiento de un centro de salud, brigadas m\u00f3viles y dos kits de material para las casas de salud; mientras que este a\u00f1o apoyar\u00e1 con 1 mill\u00f3n 217 mil 727 pesos para brigadas y para dotar de medicamentos al centro de salud y a dos casas de salud.<br \/>Caminos Bienestar (Cabien) inform\u00f3 que dar\u00e1 mantenimiento del camino de Tanetze de Zaragoza a Santiago Yagallo con inversi\u00f3n de 2 millones 698 mil pesos; al tiempo que la Secretar\u00eda de Fomento Agroalimentario y Desarrollo Rural (Sefader) desglos\u00f3 que durante el a\u00f1o 2023 apoy\u00f3 a 95 familias con el programa Autosuficiencia Alimentaria con 627 mil pesos.<br \/>Por su parte el Instituto Estatal de Educaci\u00f3n P\u00fablica de Oaxaca (IEEPO) brindar\u00e1 apoyo con 256 mil 132 pesos a los preescolares Jos\u00e9 Mar\u00eda Morelos y Pav\u00f3n, Regeneraci\u00f3n y M\u00e1rtires de la Revoluci\u00f3n con mobiliario, al igual que a las primarias M\u00e1rtires de la Revoluci\u00f3n, Jos\u00e9 Mar\u00eda Morelos y Pav\u00f3n, y \u00c1lvaro Obreg\u00f3n.<\/p>\n\n\n\n<p>En el mismo sentido a la telesecundaria se le brindar\u00e1 un lote de mobiliario, una pantalla, un bafle y cinco computadoras; adem\u00e1s de equipar la biblioteca de la comunidad con 100 mil pesos.<\/p>\n\n\n\n<p>La Secretar\u00eda de Bienestar, Tequio e Inclusi\u00f3n (Sebienti) ahond\u00f3 que a trav\u00e9s del programa Atenci\u00f3n a Jefas de Familia, Tarjeta Margarita Maza benefici\u00f3 a 20 jefas de familia durante 2023 por el orden de 240 mil pesos, misma cifra que invertir\u00e1 este a\u00f1o.<\/p>\n\n\n\n<p>Asimismo, el Sistema para el Desarrollo Integral de la Familia (DIF) Oaxaca indic\u00f3 que con 212 mil 589 pesos beneficiaron a 83 familias con Comedores Populares para el Bienestar; mientras la Secretar\u00eda de Finanzas (Sefin) comunic\u00f3 que deposit\u00f3 a las cuentas del municipio un Fondo Compensatorio por 91 mil 984 pesos.<\/p>\n\n\n\n<p>En otro rubro, el Instituto Oaxaque\u00f1o Constructor de Infraestructura Educativa (Iocied) anunci\u00f3 que equipar\u00e1 el bachillerato comunitario con muebles y 10 computadoras, con valor de 26 mil 276 pesos, adem\u00e1s de que har\u00e1 un estudio para la construcci\u00f3n de una barda. Mismo caso en el Preescolar M\u00e1rtires de la Revoluci\u00f3n, en donde har\u00e1 otro estudio para construcci\u00f3n de un muro y cisterna.<\/p>\n\n\n\n<p>La Secretar\u00eda de Interculturalidad, Pueblos y Comunidades Ind\u00edgenas y Afromexicanas (SIPCIA) implement\u00f3 el programa Mujer Emprendiendo en beneficio de cinco emprendedoras; y otorg\u00f3 una beca a un joven estudiante. Agreg\u00f3 que dotar\u00e1 con cuatro tubas a igual n\u00famero de bandas musicales.<br \/>Finalmente, la Secretar\u00eda de Infraestructuras y Comunicaciones realizar\u00e1 un proyecto para ampliaci\u00f3n de la red de energ\u00eda el\u00e9ctrica en el municipio<br \/>-0-<\/p>\n\n\n\n<p><\/p>\n\n\n\n<p><\/p>\n","protected":false},"excerpt":{"rendered":"<p>\u2022 El Gobernador del Estado Salom\u00f3n Jara Cruz anunci\u00f3 que mediante la estrategia Atenci\u00f3n a&#8230;<\/p>\n","protected":false},"author":4,"featured_media":24414,"comment_status":"","ping_status":"open","sticky":false,"template":"","format":"standard","meta":{"footnotes":""},"categories":[9],"tags":[],"jetpack_sharing_enabled":true,"featured_image_urls":{"full":["https:\/\/contextoanalisisperiodistico.com\/wp-content\/uploads\/2024\/02\/IMG-20240209-WA0053.jpg",1600,1066,false],"thumbnail":["https:\/\/contextoanalisisperiodistico.com\/wp-content\/uploads\/2024\/02\/IMG-20240209-WA0053-150x150.jpg",150,150,true],"medium":["https:\/\/contextoanalisisperiodistico.com\/wp-content\/uploads\/2024\/02\/IMG-20240209-WA0053-300x200.jpg",300,200,true],"medium_large":["https:\/\/contextoanalisisperiodistico.com\/wp-content\/uploads\/2024\/02\/IMG-20240209-WA0053-768x512.jpg",640,427,true],"large":["https:\/\/contextoanalisisperiodistico.com\/wp-content\/uploads\/2024\/02\/IMG-20240209-WA0053-1024x682.jpg",640,426,true],"1536x1536":["https:\/\/contextoanalisisperiodistico.com\/wp-content\/uploads\/2024\/02\/IMG-20240209-WA0053-1536x1023.jpg",1536,1023,true],"2048x2048":["https:\/\/contextoanalisisperiodistico.com\/wp-content\/uploads\/2024\/02\/IMG-20240209-WA0053.jpg",1600,1066,false],"covernews-slider-full":["https:\/\/contextoanalisisperiodistico.com\/wp-content\/uploads\/2024\/02\/IMG-20240209-WA0053-1115x715.jpg",1115,715,true],"covernews-slider-center":["https:\/\/contextoanalisisperiodistico.com\/wp-content\/uploads\/2024\/02\/IMG-20240209-WA0053-800x500.jpg",800,500,true],"covernews-featured":["https:\/\/contextoanalisisperiodistico.com\/wp-content\/uploads\/2024\/02\/IMG-20240209-WA0053-1024x682.jpg",1024,682,true],"covernews-medium":["https:\/\/contextoanalisisperiodistico.com\/wp-content\/uploads\/2024\/02\/IMG-20240209-WA0053-540x340.jpg",540,340,true],"covernews-medium-square":["https:\/\/contextoanalisisperiodistico.com\/wp-content\/uploads\/2024\/02\/IMG-20240209-WA0053-400x250.jpg",400,250,true]},"author_info":{"display_name":"Mario Gir\u00f3n","author_link":"https:\/\/contextoanalisisperiodistico.com\/index.php\/author\/director\/"},"category_info":"<a href=\"https:\/\/contextoanalisisperiodistico.com\/index.php\/category\/politica\/\" rel=\"category tag\">Pol\u00edtica<\/a>","tag_info":"Pol\u00edtica","comment_count":"0","jetpack_featured_media_url":"https:\/\/contextoanalisisperiodistico.com\/wp-content\/uploads\/2024\/02\/IMG-20240209-WA0053.jpg","_links":{"self":[{"href":"https:\/\/contextoanalisisperiodistico.com\/index.php\/wp-json\/wp\/v2\/posts\/24419"}],"collection":[{"href":"https:\/\/contextoanalisisperiodistico.com\/index.php\/wp-json\/wp\/v2\/posts"}],"about":[{"href":"https:\/\/contextoanalisisperiodistico.com\/index.php\/wp-json\/wp\/v2\/types\/post"}],"author":[{"embeddable":true,"href":"https:\/\/contextoanalisisperiodistico.com\/index.php\/wp-json\/wp\/v2\/users\/4"}],"replies":[{"embeddable":true,"href":"https:\/\/contextoanalisisperiodistico.com\/index.php\/wp-json\/wp\/v2\/comments?post=24419"}],"version-history":[{"count":0,"href":"https:\/\/contextoanalisisperiodistico.com\/index.php\/wp-json\/wp\/v2\/posts\/24419\/revisions"}],"wp:featuredmedia":[{"embeddable":true,"href":"https:\/\/contextoanalisisperiodistico.com\/index.php\/wp-json\/wp\/v2\/media\/24414"}],"wp:attachment":[{"href":"https:\/\/contextoanalisisperiodistico.com\/index.php\/wp-json\/wp\/v2\/media?parent=24419"}],"wp:term":[{"taxonomy":"category","embeddable":true,"href":"https:\/\/contextoanalisisperiodistico.com\/index.php\/wp-json\/wp\/v2\/categories?post=24419"},{"taxonomy":"post_tag","embeddable":true,"href":"https:\/\/contextoanalisisperiodistico.com\/index.php\/wp-json\/wp\/v2\/tags?post=24419"}],"curies":[{"name":"wp","href":"https:\/\/api.w.org\/{rel}","templated":true}]}}