{"id":24413,"date":"2024-02-09T18:00:54","date_gmt":"2024-02-10T00:00:54","guid":{"rendered":"https:\/\/contextoanalisisperiodistico.com\/index.php\/2024\/02\/09\/presenta-sso-a-52-pasantes-de-servicio-social-en-jurisdiccion-sanitaria-2-istmo\/"},"modified":"2024-02-09T18:00:54","modified_gmt":"2024-02-10T00:00:54","slug":"presenta-sso-a-52-pasantes-de-servicio-social-en-jurisdiccion-sanitaria-2-istmo","status":"publish","type":"post","link":"https:\/\/contextoanalisisperiodistico.com\/index.php\/2024\/02\/09\/presenta-sso-a-52-pasantes-de-servicio-social-en-jurisdiccion-sanitaria-2-istmo\/","title":{"rendered":"Presenta SSO a 52 pasantes de servicio social en Jurisdicci\u00f3n Sanitaria 2 Istmo"},"content":{"rendered":"<div id=\"fb-root\"><\/div>\n\n<p>\u2022 Algunas localidades que recibir\u00e1n a las y los becarios son Jos\u00e9 L\u00f3pez Portillo Chocomanatl\u00e1n, Santa Mar\u00eda del Mar, Guigovelaga, R\u00edo Pachi\u00f1\u00e9, Santa Mar\u00eda Guienagati, entre otras<\/p>\n\n\n\n<figure class=\"wp-block-image size-large\"><img fetchpriority=\"high\" decoding=\"async\" width=\"1024\" height=\"441\" src=\"https:\/\/contextoanalisisperiodistico.com\/wp-content\/uploads\/2024\/02\/img-20240209-wa00472449067012875089159-1024x441.jpg\" alt=\"\" class=\"wp-image-24411\" srcset=\"https:\/\/contextoanalisisperiodistico.com\/wp-content\/uploads\/2024\/02\/img-20240209-wa00472449067012875089159-1024x441.jpg 1024w, https:\/\/contextoanalisisperiodistico.com\/wp-content\/uploads\/2024\/02\/img-20240209-wa00472449067012875089159-300x129.jpg 300w, https:\/\/contextoanalisisperiodistico.com\/wp-content\/uploads\/2024\/02\/img-20240209-wa00472449067012875089159-768x331.jpg 768w, https:\/\/contextoanalisisperiodistico.com\/wp-content\/uploads\/2024\/02\/img-20240209-wa00472449067012875089159-1536x661.jpg 1536w, https:\/\/contextoanalisisperiodistico.com\/wp-content\/uploads\/2024\/02\/img-20240209-wa00472449067012875089159.jpg 1600w\" sizes=\"(max-width: 1024px) 100vw, 1024px\" \/><\/figure>\n\n\n\n<figure class=\"wp-block-image\"><img decoding=\"async\" width=\"1024\" height=\"460\" src=\"https:\/\/contextoanalisisperiodistico.com\/wp-content\/uploads\/2024\/02\/img-20240209-wa0046957716234114645642-1024x460.jpg\" alt=\"\" class=\"wp-image-24412\" srcset=\"https:\/\/contextoanalisisperiodistico.com\/wp-content\/uploads\/2024\/02\/img-20240209-wa0046957716234114645642-1024x460.jpg 1024w, https:\/\/contextoanalisisperiodistico.com\/wp-content\/uploads\/2024\/02\/img-20240209-wa0046957716234114645642-300x135.jpg 300w, https:\/\/contextoanalisisperiodistico.com\/wp-content\/uploads\/2024\/02\/img-20240209-wa0046957716234114645642-768x345.jpg 768w, https:\/\/contextoanalisisperiodistico.com\/wp-content\/uploads\/2024\/02\/img-20240209-wa0046957716234114645642-1536x690.jpg 1536w, https:\/\/contextoanalisisperiodistico.com\/wp-content\/uploads\/2024\/02\/img-20240209-wa0046957716234114645642.jpg 1600w\" sizes=\"(max-width: 1024px) 100vw, 1024px\" \/><\/figure>\n\n\n\n<p>Juchit\u00e1n de Zaragoza, Oax. 9 de febrero de 2024.- Para coadyuvar a la atenci\u00f3n m\u00e9dica de las familias istme\u00f1as, la dependencia de los Servicios de Salud de Oaxaca (SSO) a trav\u00e9s de la Jurisdicci\u00f3n Sanitaria 2 Istmo, present\u00f3 a 52 pasantes de servicio social que ser\u00e1n adscritos a centros de salud y hospitales de diferentes localidades de esta demarcaci\u00f3n.<\/p>\n\n\n\n<p>El titular de la Jurisdicci\u00f3n Sanitaria, Hebert Vidal S\u00e1nchez explic\u00f3 que este grupo de personas est\u00e1 conformado por 18 pasantes de la licenciatura de m\u00e9dico cirujano y partero, 13 de enfermer\u00eda, 10 de trabajo social, cinco de nutrici\u00f3n, tres de odontolog\u00eda e igual n\u00famero de psicolog\u00eda.<\/p>\n\n\n\n<p>Agreg\u00f3 que estas personas participaron durante una semana en un curso de inducci\u00f3n al puesto que desarrollar\u00e1n a fin de garantizar el servicio que brindar\u00e1n a la poblaci\u00f3n m\u00e1s vulnerable.<\/p>\n\n\n\n<p>De esta manera exhort\u00f3 a las y los profesionales a trabajar con vocaci\u00f3n, respeto, responsabilidad, comunicaci\u00f3n, iniciativa, disponibilidad y amabilidad hacia todas las personas usuarias de la red m\u00e9dica.<\/p>\n\n\n\n<p>Algunas localidades que recibir\u00e1n pasantes de servicio social son Jos\u00e9 L\u00f3pez Portillo Chocomanatl\u00e1n, Santa Mar\u00eda del Mar, Guigovelaga, R\u00edo Pachi\u00f1\u00e9, Santa Mar\u00eda Guienagati, El Porvenir y la colonia Ju\u00e1rez de San Mateo del Mar, entre otras.<\/p>\n\n\n\n<p>En su oportunidad, Dulce Soledad Reyes V\u00e1squez, egresada de la licenciatura en enfermer\u00eda de la Multiversidad Mundo Sin Fronteras, quien prestar\u00e1 su servicio social en el centro de salud de Jos\u00e9 L\u00f3pez Portillo Chocomanatl\u00e1n de Santa Mar\u00eda Chimalapa, expres\u00f3 su emoci\u00f3n por arribar a la comunidad y empatizar con las y los habitantes al brindar sus conocimientos e incidir para que las personas gocen de buena salud.<\/p>\n\n\n\n<p>En tanto, Narda Pineda Cheves, m\u00e9dico cirujano y partero pasante del Instituto de Estudios Superiores del Istmo de Tehuantepec (IESIT), desempe\u00f1ar\u00e1 su labor en el centro de salud de Guigovelaga, Santiago Lachiguiri con el objetivo de brindar un servicio de calidad para salvaguardar la salud de las y los pacientes.<\/p>\n\n\n\n<p>Las personas becarias son egresadas de las universidades Alfred Nobel (UAN), del Istmo (Unistmo), del Mar (UMAR) Campus Huatulco, del Golfo de M\u00e9xico Campus Oaxaca, adem\u00e1s de los institutos de Estudios Superiores de Am\u00e9rica Campus Salina Cruz y del Istmo de Tehuantepec (IESIT), as\u00ed como de la Multiversidad Mundo Sin Fronteras.<br \/>-0-<\/p>\n","protected":false},"excerpt":{"rendered":"<p>\u2022 Algunas localidades que recibir\u00e1n a las y los becarios son Jos\u00e9 L\u00f3pez Portillo Chocomanatl\u00e1n,&#8230;<\/p>\n","protected":false},"author":4,"featured_media":24410,"comment_status":"","ping_status":"open","sticky":false,"template":"","format":"standard","meta":{"footnotes":""},"categories":[92],"tags":[],"jetpack_sharing_enabled":true,"featured_image_urls":{"full":["https:\/\/contextoanalisisperiodistico.com\/wp-content\/uploads\/2024\/02\/IMG-20240209-WA0048.jpg",1600,719,false],"thumbnail":["https:\/\/contextoanalisisperiodistico.com\/wp-content\/uploads\/2024\/02\/IMG-20240209-WA0048-150x150.jpg",150,150,true],"medium":["https:\/\/contextoanalisisperiodistico.com\/wp-content\/uploads\/2024\/02\/IMG-20240209-WA0048-300x135.jpg",300,135,true],"medium_large":["https:\/\/contextoanalisisperiodistico.com\/wp-content\/uploads\/2024\/02\/IMG-20240209-WA0048-768x345.jpg",640,288,true],"large":["https:\/\/contextoanalisisperiodistico.com\/wp-content\/uploads\/2024\/02\/IMG-20240209-WA0048-1024x460.jpg",640,288,true],"1536x1536":["https:\/\/contextoanalisisperiodistico.com\/wp-content\/uploads\/2024\/02\/IMG-20240209-WA0048-1536x690.jpg",1536,690,true],"2048x2048":["https:\/\/contextoanalisisperiodistico.com\/wp-content\/uploads\/2024\/02\/IMG-20240209-WA0048.jpg",1600,719,false],"covernews-slider-full":["https:\/\/contextoanalisisperiodistico.com\/wp-content\/uploads\/2024\/02\/IMG-20240209-WA0048-1115x715.jpg",1115,715,true],"covernews-slider-center":["https:\/\/contextoanalisisperiodistico.com\/wp-content\/uploads\/2024\/02\/IMG-20240209-WA0048-800x500.jpg",800,500,true],"covernews-featured":["https:\/\/contextoanalisisperiodistico.com\/wp-content\/uploads\/2024\/02\/IMG-20240209-WA0048-1024x460.jpg",1024,460,true],"covernews-medium":["https:\/\/contextoanalisisperiodistico.com\/wp-content\/uploads\/2024\/02\/IMG-20240209-WA0048-540x340.jpg",540,340,true],"covernews-medium-square":["https:\/\/contextoanalisisperiodistico.com\/wp-content\/uploads\/2024\/02\/IMG-20240209-WA0048-400x250.jpg",400,250,true]},"author_info":{"display_name":"Mario Gir\u00f3n","author_link":"https:\/\/contextoanalisisperiodistico.com\/index.php\/author\/director\/"},"category_info":"<a href=\"https:\/\/contextoanalisisperiodistico.com\/index.php\/category\/salud\/\" rel=\"category tag\">Salud<\/a>","tag_info":"Salud","comment_count":"0","jetpack_featured_media_url":"https:\/\/contextoanalisisperiodistico.com\/wp-content\/uploads\/2024\/02\/IMG-20240209-WA0048.jpg","_links":{"self":[{"href":"https:\/\/contextoanalisisperiodistico.com\/index.php\/wp-json\/wp\/v2\/posts\/24413"}],"collection":[{"href":"https:\/\/contextoanalisisperiodistico.com\/index.php\/wp-json\/wp\/v2\/posts"}],"about":[{"href":"https:\/\/contextoanalisisperiodistico.com\/index.php\/wp-json\/wp\/v2\/types\/post"}],"author":[{"embeddable":true,"href":"https:\/\/contextoanalisisperiodistico.com\/index.php\/wp-json\/wp\/v2\/users\/4"}],"replies":[{"embeddable":true,"href":"https:\/\/contextoanalisisperiodistico.com\/index.php\/wp-json\/wp\/v2\/comments?post=24413"}],"version-history":[{"count":0,"href":"https:\/\/contextoanalisisperiodistico.com\/index.php\/wp-json\/wp\/v2\/posts\/24413\/revisions"}],"wp:featuredmedia":[{"embeddable":true,"href":"https:\/\/contextoanalisisperiodistico.com\/index.php\/wp-json\/wp\/v2\/media\/24410"}],"wp:attachment":[{"href":"https:\/\/contextoanalisisperiodistico.com\/index.php\/wp-json\/wp\/v2\/media?parent=24413"}],"wp:term":[{"taxonomy":"category","embeddable":true,"href":"https:\/\/contextoanalisisperiodistico.com\/index.php\/wp-json\/wp\/v2\/categories?post=24413"},{"taxonomy":"post_tag","embeddable":true,"href":"https:\/\/contextoanalisisperiodistico.com\/index.php\/wp-json\/wp\/v2\/tags?post=24413"}],"curies":[{"name":"wp","href":"https:\/\/api.w.org\/{rel}","templated":true}]}}