{"id":24385,"date":"2024-02-09T15:33:40","date_gmt":"2024-02-09T21:33:40","guid":{"rendered":"https:\/\/contextoanalisisperiodistico.com\/index.php\/2024\/02\/09\/resuelve-ogaipo-recursos-de-revision-y-aprueba-acuerdos-para-utilidad-de-la-ciudadania\/"},"modified":"2024-02-09T15:33:40","modified_gmt":"2024-02-09T21:33:40","slug":"resuelve-ogaipo-recursos-de-revision-y-aprueba-acuerdos-para-utilidad-de-la-ciudadania","status":"publish","type":"post","link":"https:\/\/contextoanalisisperiodistico.com\/index.php\/2024\/02\/09\/resuelve-ogaipo-recursos-de-revision-y-aprueba-acuerdos-para-utilidad-de-la-ciudadania\/","title":{"rendered":"Resuelve OGAIPO recursos de revisi\u00f3n y aprueba acuerdos para utilidad de la ciudadan\u00eda"},"content":{"rendered":"<div id=\"fb-root\"><\/div>\n\n<p>Oaxaca de Ju\u00e1rez, Oaxaca, a 09 de febrero de 2024.- En la Tercera Sesi\u00f3n Ordinaria 2024 celebrada este viernes, el Pleno del \u00d3rgano Garante de Acceso a la Informaci\u00f3n P\u00fablica, Transparencia, Protecci\u00f3n de Datos Personales y Buen Gobierno del Estado de Oaxaca (OGAIPO) resolvi\u00f3 cincuenta y seis recursos de revisi\u00f3n y cinco acuerdos, de los cuales uno es relativo a Denuncias de Incumplimiento de Obligaciones de Transparencia.<\/p>\n\n\n\n<p>&nbsp;<\/p>\n\n\n\n<p>La Sesi\u00f3n presencial fue encabezada por el Comisionado Presidente, Josu\u00e9 Solana Salmor\u00e1n, con la participaci\u00f3n de las Comisionadas, Claudia Ivette Soto Pineda, Mar\u00eda Tanivet Ramos Reyes y X\u00f3chitl Elizabeth M\u00e9ndez S\u00e1nchez; virtualmente particip\u00f3 el Comisionado Jos\u00e9 Luis Echeverr\u00eda Morales.<\/p>\n\n\n\n<p>&nbsp;<\/p>\n\n\n\n<p>En principio, se aprobaron resoluciones derivadas de denuncias por incumplimiento a las obligaciones de transparencia; las denuncias al H. Ayuntamiento de Santo Domingo Tehuantepec, Centro de Conciliaci\u00f3n Laboral del Estado de Oaxaca e Instituto Estatal de Educaci\u00f3n P\u00fablica de Oaxaca fueron infundadas, mientras que las hechas al H. Ayuntamiento de Tlacolula de Matamoros y Sistema Operador de los Servicios de Agua Potable y Alcantarillado resultaron parcialmente fundadas, contar\u00e1n con quince d\u00edas para poder integrar la informaci\u00f3n faltante y tres d\u00edas para notificar su cumplimiento al OGAIPO.<\/p>\n\n\n\n<p>&nbsp;<\/p>\n\n\n\n<p>Por otra parte, se aprob\u00f3 la suspensi\u00f3n de plazos legales para la sustanciaci\u00f3n en procedimientos para tramitaci\u00f3n de solicitudes de acceso a la informaci\u00f3n y\/o protecci\u00f3n de datos personales, recursos de revisi\u00f3n, quejas y denuncias, la publicaci\u00f3n y\/o actualizaci\u00f3n de las obligaciones de transparencia y la solventaci\u00f3n de las mismas para la Universidad Aut\u00f3noma Benito Ju\u00e1rez de Oaxaca. En ese tenor, se aprob\u00f3 la ampliaci\u00f3n de la suspensi\u00f3n de plazos legales de los mismos procedimientos para la Secretar\u00eda de Finanzas.<\/p>\n\n\n\n<p>&nbsp;<\/p>\n\n\n\n<p>Adem\u00e1s se aprob\u00f3 la actualizaci\u00f3n del Padr\u00f3n de Sujetos Obligados del Estado, con la extinci\u00f3n de la Coordinaci\u00f3n de Planeaci\u00f3n y Evaluaci\u00f3n para el Desarrollo Social de Oaxaca, Instituto de Atenci\u00f3n al Migrante Oaxaque\u00f1o, Coordinaci\u00f3n Estatal del Corredor Interoce\u00e1nico del Istmo de Tehuantepec, Instituto para el Fomento y la Protecci\u00f3n de las Artesan\u00edas, Instituto Oaxaque\u00f1o del Emprendedor y la Competitividad, Jefatura de Gabinete, Direcci\u00f3n General de Poblaci\u00f3n de Oaxaca y Coordinaci\u00f3n General de Educaci\u00f3n Media Superior y Superior, Ciencia y Tecnolog\u00eda.<\/p>\n\n\n\n<p>&nbsp;<\/p>\n\n\n\n<p>En esta sesi\u00f3n, tambi\u00e9n se sometieron a an\u00e1lisis y resoluci\u00f3n, recursos de revisi\u00f3n interpuestos por ciudadanos con incumplimiento de instituciones p\u00fablicas a las solicitudes de acceso a la informaci\u00f3n;&nbsp;en&nbsp;dieciocho casos se modific\u00f3 el sentido de las respuestas que entregaron los sujetos obligados a los solicitantes; en uno se orden\u00f3 la entrega de la informaci\u00f3n; en seis se confirm\u00f3 la respuesta; veinticinco se sobreseyeron; mientras que seis se desecharon. Se trata de cincuenta y cuatro recursos de revisi\u00f3n en materia acceso a la informaci\u00f3n y dos en materia de protecci\u00f3n de datos personales.&nbsp;<\/p>\n","protected":false},"excerpt":{"rendered":"<p>Oaxaca de Ju\u00e1rez, Oaxaca, a 09 de febrero de 2024.- En la Tercera Sesi\u00f3n Ordinaria&#8230;<\/p>\n","protected":false},"author":4,"featured_media":24384,"comment_status":"","ping_status":"open","sticky":false,"template":"","format":"standard","meta":{"footnotes":""},"categories":[9],"tags":[],"jetpack_sharing_enabled":true,"featured_image_urls":{"full":["https:\/\/contextoanalisisperiodistico.com\/wp-content\/uploads\/2024\/02\/IIISesiC3B3nOrdinaria2024.jpeg",1600,960,false],"thumbnail":["https:\/\/contextoanalisisperiodistico.com\/wp-content\/uploads\/2024\/02\/IIISesiC3B3nOrdinaria2024-150x150.jpeg",150,150,true],"medium":["https:\/\/contextoanalisisperiodistico.com\/wp-content\/uploads\/2024\/02\/IIISesiC3B3nOrdinaria2024-300x180.jpeg",300,180,true],"medium_large":["https:\/\/contextoanalisisperiodistico.com\/wp-content\/uploads\/2024\/02\/IIISesiC3B3nOrdinaria2024-768x461.jpeg",640,384,true],"large":["https:\/\/contextoanalisisperiodistico.com\/wp-content\/uploads\/2024\/02\/IIISesiC3B3nOrdinaria2024-1024x614.jpeg",640,384,true],"1536x1536":["https:\/\/contextoanalisisperiodistico.com\/wp-content\/uploads\/2024\/02\/IIISesiC3B3nOrdinaria2024-1536x922.jpeg",1536,922,true],"2048x2048":["https:\/\/contextoanalisisperiodistico.com\/wp-content\/uploads\/2024\/02\/IIISesiC3B3nOrdinaria2024.jpeg",1600,960,false],"covernews-slider-full":["https:\/\/contextoanalisisperiodistico.com\/wp-content\/uploads\/2024\/02\/IIISesiC3B3nOrdinaria2024-1115x715.jpeg",1115,715,true],"covernews-slider-center":["https:\/\/contextoanalisisperiodistico.com\/wp-content\/uploads\/2024\/02\/IIISesiC3B3nOrdinaria2024-800x500.jpeg",800,500,true],"covernews-featured":["https:\/\/contextoanalisisperiodistico.com\/wp-content\/uploads\/2024\/02\/IIISesiC3B3nOrdinaria2024-1024x614.jpeg",1024,614,true],"covernews-medium":["https:\/\/contextoanalisisperiodistico.com\/wp-content\/uploads\/2024\/02\/IIISesiC3B3nOrdinaria2024-540x340.jpeg",540,340,true],"covernews-medium-square":["https:\/\/contextoanalisisperiodistico.com\/wp-content\/uploads\/2024\/02\/IIISesiC3B3nOrdinaria2024-400x250.jpeg",400,250,true]},"author_info":{"display_name":"Mario Gir\u00f3n","author_link":"https:\/\/contextoanalisisperiodistico.com\/index.php\/author\/director\/"},"category_info":"<a href=\"https:\/\/contextoanalisisperiodistico.com\/index.php\/category\/politica\/\" rel=\"category tag\">Pol\u00edtica<\/a>","tag_info":"Pol\u00edtica","comment_count":"0","jetpack_featured_media_url":"https:\/\/contextoanalisisperiodistico.com\/wp-content\/uploads\/2024\/02\/IIISesiC3B3nOrdinaria2024.jpeg","_links":{"self":[{"href":"https:\/\/contextoanalisisperiodistico.com\/index.php\/wp-json\/wp\/v2\/posts\/24385"}],"collection":[{"href":"https:\/\/contextoanalisisperiodistico.com\/index.php\/wp-json\/wp\/v2\/posts"}],"about":[{"href":"https:\/\/contextoanalisisperiodistico.com\/index.php\/wp-json\/wp\/v2\/types\/post"}],"author":[{"embeddable":true,"href":"https:\/\/contextoanalisisperiodistico.com\/index.php\/wp-json\/wp\/v2\/users\/4"}],"replies":[{"embeddable":true,"href":"https:\/\/contextoanalisisperiodistico.com\/index.php\/wp-json\/wp\/v2\/comments?post=24385"}],"version-history":[{"count":0,"href":"https:\/\/contextoanalisisperiodistico.com\/index.php\/wp-json\/wp\/v2\/posts\/24385\/revisions"}],"wp:featuredmedia":[{"embeddable":true,"href":"https:\/\/contextoanalisisperiodistico.com\/index.php\/wp-json\/wp\/v2\/media\/24384"}],"wp:attachment":[{"href":"https:\/\/contextoanalisisperiodistico.com\/index.php\/wp-json\/wp\/v2\/media?parent=24385"}],"wp:term":[{"taxonomy":"category","embeddable":true,"href":"https:\/\/contextoanalisisperiodistico.com\/index.php\/wp-json\/wp\/v2\/categories?post=24385"},{"taxonomy":"post_tag","embeddable":true,"href":"https:\/\/contextoanalisisperiodistico.com\/index.php\/wp-json\/wp\/v2\/tags?post=24385"}],"curies":[{"name":"wp","href":"https:\/\/api.w.org\/{rel}","templated":true}]}}