{"id":24379,"date":"2024-02-09T10:09:39","date_gmt":"2024-02-09T16:09:39","guid":{"rendered":"https:\/\/contextoanalisisperiodistico.com\/index.php\/2024\/02\/09\/integra-sedeco-plan-de-activacion-economica-para-la-costa\/"},"modified":"2024-02-09T10:09:39","modified_gmt":"2024-02-09T16:09:39","slug":"integra-sedeco-plan-de-activacion-economica-para-la-costa","status":"publish","type":"post","link":"https:\/\/contextoanalisisperiodistico.com\/index.php\/2024\/02\/09\/integra-sedeco-plan-de-activacion-economica-para-la-costa\/","title":{"rendered":"Integra Sedeco Plan de Activaci\u00f3n Econ\u00f3mica para la Costa"},"content":{"rendered":"<div id=\"fb-root\"><\/div>\n\n<p>\u2022 Ante el arribo de visitantes por la apertura de la nueva autopista Oaxaca-Puerto Escondido, se trabaja en diversas acciones<\/p>\n\n\n\n<figure class=\"wp-block-image size-large\"><img fetchpriority=\"high\" decoding=\"async\" width=\"1024\" height=\"512\" src=\"https:\/\/contextoanalisisperiodistico.com\/wp-content\/uploads\/2024\/02\/img-20240209-wa00087640575528130819327-1024x512.jpg\" alt=\"\" class=\"wp-image-24378\" srcset=\"https:\/\/contextoanalisisperiodistico.com\/wp-content\/uploads\/2024\/02\/img-20240209-wa00087640575528130819327-1024x512.jpg 1024w, https:\/\/contextoanalisisperiodistico.com\/wp-content\/uploads\/2024\/02\/img-20240209-wa00087640575528130819327-300x150.jpg 300w, https:\/\/contextoanalisisperiodistico.com\/wp-content\/uploads\/2024\/02\/img-20240209-wa00087640575528130819327-768x384.jpg 768w, https:\/\/contextoanalisisperiodistico.com\/wp-content\/uploads\/2024\/02\/img-20240209-wa00087640575528130819327.jpg 1280w\" sizes=\"(max-width: 1024px) 100vw, 1024px\" \/><\/figure>\n\n\n\n<p>\u2022 El secretario de Desarrollo Econ\u00f3mico Ra\u00fal Ruiz Robles celebr\u00f3 que diversas l\u00edneas de transporte p\u00fablico tengan presencia en esta v\u00eda<\/p>\n\n\n\n<p>Oaxaca de Ju\u00e1rez, Oax. 9 de febrero de 2024.- El titular de la Secretar\u00eda de Desarrollo Econ\u00f3mico (Sedeco) Ra\u00fal Ruiz Robles celebr\u00f3 que diversas l\u00edneas de transporte p\u00fablico, locales y nacionales, tengan presencia en la nueva autopista Oaxaca-Puerto Escondido, por lo que se trabaja en un Plan de Activaci\u00f3n Econ\u00f3mica para la regi\u00f3n de la Costa debido al impulso que tendr\u00e1 con el arribo de visitantes.<\/p>\n\n\n\n<p>Esta acci\u00f3n, dijo el funcionario, incluye la entrega de cr\u00e9ditos preferenciales para la industria, comercio y servicios, capacitaciones gratuitas a la poblaci\u00f3n local, a integrantes del sector empresarial tur\u00edstico, ferias de empleo, impulso al desarrollo laboral de las mujeres, acceso a microcr\u00e9ditos, facilidades para la apertura de empresas y rehabilitaci\u00f3n de mercados y espacios comerciales, entre otros rubros.<\/p>\n\n\n\n<p>Indic\u00f3 que este plan de activaci\u00f3n econ\u00f3mica, que responde a los nuevos retos de crecimiento econ\u00f3mico, integrar\u00e1 a los diversos sectores productivos para consolidar, en conjunto, las expectativas de desarrollo regional.<\/p>\n\n\n\n<p>De acuerdo con los datos del Censo Econ\u00f3mico (CE) 2019, la regi\u00f3n de la Costa posee el 14 por ciento del total de las Unidades Econ\u00f3micas (UE) del estado, esto es 30 mil 634 de ellas, de las cuales, 42.65 por ciento se encuentran en el sector de comercio al por menor.<\/p>\n\n\n\n<p>Ruiz Robles destac\u00f3 que la inversi\u00f3n para construir esta v\u00eda de comunicaci\u00f3n terrestre fue superior a los 13 mil millones de pesos con la generaci\u00f3n de mil 800 empleos directos y 3 mil 500 indirectos, adem\u00e1s el tiempo de traslado disminuy\u00f3 de cinco horas y media a dos horas y media en promedio.<\/p>\n\n\n\n<p>La nueva autopista Oaxaca-Puerto Escondido cuenta con dos carriles de circulaci\u00f3n y amplios acotamientos, dos plazas de cobro (que se pondr\u00e1n en funcionamiento en un a\u00f1o), 15 entronques y accesos, 10 puentes, tres viaductos, tres t\u00faneles, 114 estructuras de cruce y 498 obras de drenaje transversal.<\/p>\n\n\n\n<p>Adicionalmente a las obras de la autopista, se realizaron un gran n\u00famero de obras sociales, como caminos, l\u00edneas de conducci\u00f3n de agua, electrificaci\u00f3n, rehabilitaci\u00f3n de escuelas y cl\u00ednicas, entre otros, en beneficio de la poblaci\u00f3n oaxaque\u00f1a.<br \/>-0-<\/p>\n","protected":false},"excerpt":{"rendered":"<p>\u2022 Ante el arribo de visitantes por la apertura de la nueva autopista Oaxaca-Puerto Escondido,&#8230;<\/p>\n","protected":false},"author":4,"featured_media":24377,"comment_status":"","ping_status":"open","sticky":false,"template":"","format":"standard","meta":{"footnotes":""},"categories":[7],"tags":[],"jetpack_sharing_enabled":true,"featured_image_urls":{"full":["https:\/\/contextoanalisisperiodistico.com\/wp-content\/uploads\/2024\/02\/IMG-20240209-WA0007.jpg",1600,1066,false],"thumbnail":["https:\/\/contextoanalisisperiodistico.com\/wp-content\/uploads\/2024\/02\/IMG-20240209-WA0007-150x150.jpg",150,150,true],"medium":["https:\/\/contextoanalisisperiodistico.com\/wp-content\/uploads\/2024\/02\/IMG-20240209-WA0007-300x200.jpg",300,200,true],"medium_large":["https:\/\/contextoanalisisperiodistico.com\/wp-content\/uploads\/2024\/02\/IMG-20240209-WA0007-768x512.jpg",640,427,true],"large":["https:\/\/contextoanalisisperiodistico.com\/wp-content\/uploads\/2024\/02\/IMG-20240209-WA0007-1024x682.jpg",640,426,true],"1536x1536":["https:\/\/contextoanalisisperiodistico.com\/wp-content\/uploads\/2024\/02\/IMG-20240209-WA0007-1536x1023.jpg",1536,1023,true],"2048x2048":["https:\/\/contextoanalisisperiodistico.com\/wp-content\/uploads\/2024\/02\/IMG-20240209-WA0007.jpg",1600,1066,false],"covernews-slider-full":["https:\/\/contextoanalisisperiodistico.com\/wp-content\/uploads\/2024\/02\/IMG-20240209-WA0007-1115x715.jpg",1115,715,true],"covernews-slider-center":["https:\/\/contextoanalisisperiodistico.com\/wp-content\/uploads\/2024\/02\/IMG-20240209-WA0007-800x500.jpg",800,500,true],"covernews-featured":["https:\/\/contextoanalisisperiodistico.com\/wp-content\/uploads\/2024\/02\/IMG-20240209-WA0007-1024x682.jpg",1024,682,true],"covernews-medium":["https:\/\/contextoanalisisperiodistico.com\/wp-content\/uploads\/2024\/02\/IMG-20240209-WA0007-540x340.jpg",540,340,true],"covernews-medium-square":["https:\/\/contextoanalisisperiodistico.com\/wp-content\/uploads\/2024\/02\/IMG-20240209-WA0007-400x250.jpg",400,250,true]},"author_info":{"display_name":"Mario Gir\u00f3n","author_link":"https:\/\/contextoanalisisperiodistico.com\/index.php\/author\/director\/"},"category_info":"<a href=\"https:\/\/contextoanalisisperiodistico.com\/index.php\/category\/municipios\/\" rel=\"category tag\">Municipios<\/a>","tag_info":"Municipios","comment_count":"0","jetpack_featured_media_url":"https:\/\/contextoanalisisperiodistico.com\/wp-content\/uploads\/2024\/02\/IMG-20240209-WA0007.jpg","_links":{"self":[{"href":"https:\/\/contextoanalisisperiodistico.com\/index.php\/wp-json\/wp\/v2\/posts\/24379"}],"collection":[{"href":"https:\/\/contextoanalisisperiodistico.com\/index.php\/wp-json\/wp\/v2\/posts"}],"about":[{"href":"https:\/\/contextoanalisisperiodistico.com\/index.php\/wp-json\/wp\/v2\/types\/post"}],"author":[{"embeddable":true,"href":"https:\/\/contextoanalisisperiodistico.com\/index.php\/wp-json\/wp\/v2\/users\/4"}],"replies":[{"embeddable":true,"href":"https:\/\/contextoanalisisperiodistico.com\/index.php\/wp-json\/wp\/v2\/comments?post=24379"}],"version-history":[{"count":0,"href":"https:\/\/contextoanalisisperiodistico.com\/index.php\/wp-json\/wp\/v2\/posts\/24379\/revisions"}],"wp:featuredmedia":[{"embeddable":true,"href":"https:\/\/contextoanalisisperiodistico.com\/index.php\/wp-json\/wp\/v2\/media\/24377"}],"wp:attachment":[{"href":"https:\/\/contextoanalisisperiodistico.com\/index.php\/wp-json\/wp\/v2\/media?parent=24379"}],"wp:term":[{"taxonomy":"category","embeddable":true,"href":"https:\/\/contextoanalisisperiodistico.com\/index.php\/wp-json\/wp\/v2\/categories?post=24379"},{"taxonomy":"post_tag","embeddable":true,"href":"https:\/\/contextoanalisisperiodistico.com\/index.php\/wp-json\/wp\/v2\/tags?post=24379"}],"curies":[{"name":"wp","href":"https:\/\/api.w.org\/{rel}","templated":true}]}}