{"id":24329,"date":"2024-02-08T07:21:36","date_gmt":"2024-02-08T13:21:36","guid":{"rendered":"https:\/\/contextoanalisisperiodistico.com\/index.php\/2024\/02\/08\/exhorta-sso-a-continuar-con-medidas-preventivas-contra-influenza\/"},"modified":"2024-02-08T07:21:36","modified_gmt":"2024-02-08T13:21:36","slug":"exhorta-sso-a-continuar-con-medidas-preventivas-contra-influenza","status":"publish","type":"post","link":"https:\/\/contextoanalisisperiodistico.com\/index.php\/2024\/02\/08\/exhorta-sso-a-continuar-con-medidas-preventivas-contra-influenza\/","title":{"rendered":"Exhorta SSO a continuar con medidas preventivas contra influenza"},"content":{"rendered":"<div id=\"fb-root\"><\/div>\n\n<p>\u2022 Se han aplicado 383 mil 770 dosis contra la influenza, es decir, 68 por ciento de la meta establecida<\/p>\n\n\n\n<p>\u2022 Durante la temporada estacional 2023-2024 se han reportado 59 casos de influenza; el 57.6 por ciento corresponde a la Jurisdicci\u00f3n Sanitaria n\u00famero 1 Valles Centrales<\/p>\n\n\n\n<p>Oaxaca de Ju\u00e1rez, Oax. 7 de febrero de 2024.- Los Servicios de Salud de Oaxaca (SSO) hacen un llamado a toda la comunidad para continuar con las medidas preventivas contra la influenza, a fin de disminuir la transmisi\u00f3n de este virus respiratorio.<\/p>\n\n\n\n<p>La dependencia destaca la importancia de continuar con las acciones protectoras sanitarias como el lavado de manos con agua y jab\u00f3n de manera frecuente, estornudo de etiqueta, evitar automedicarse y utilizar cubrebocas en personas con s\u00edntomas respiratorios, mayores de 60 a\u00f1os o con enfermedades subyacentes al acudir a lugares concurridos.<\/p>\n\n\n\n<p>Informa que, como parte de la Campa\u00f1a Nacional de Vacunaci\u00f3n para la Temporada Invernal 2023-2024, al corte del 1 de febrero del actual, los SSO han aplicado 383 mil 770 dosis contra la influenza, es decir, el 68 por ciento de la meta establecida.<\/p>\n\n\n\n<p>La vacuna est\u00e1 disponible en los centros de salud de las seis Jurisdicciones Sanitarias para la poblaci\u00f3n, principalmente para las personas adultas mayores de 60 a\u00f1os, ni\u00f1as y ni\u00f1os de 6 meses a 5 a\u00f1os, mujeres embarazadas y personas con comorbilidades.<\/p>\n\n\n\n<p>Por otro lado, los SSO indican que hasta la semana epidemiol\u00f3gica n\u00famero 40 del 2023 a la cinco de 2024, que corresponde a la temporada estacional 2023-2024, se han registrado 59 casos de influenza en el estado.<\/p>\n\n\n\n<p>Del total de casos confirmados, 34 reportes corresponden a la Jurisdicci\u00f3n Sanitaria n\u00famero 1 Valles Centrales, que representa el 57.6 por ciento; seguido de 10 casos en la n\u00famero 3 Tuxtepec e igual n\u00famero en la n\u00famero 5 Mixteca, as\u00ed como tres casos en la n\u00famero 2 Istmo y un caso en la n\u00famero 4 Costa y n\u00famero 6 Sierra.<\/p>\n\n\n\n<p>Algunos de los signos y s\u00edntomas de esta enfermedad son: fiebre mayor a 38 grados cent\u00edgrados, tos, dolor de cabeza, escurrimiento nasal, congesti\u00f3n nasal, dificultad para pasar alimentos y dolor de garganta.<\/p>\n\n\n\n<p>En este sentido, la dependencia invita a la poblaci\u00f3n a buscar atenci\u00f3n m\u00e9dica de inmediato ante cualquier s\u00edntoma, en especial para aquellos grupos de mayor riesgo, como menores de 2 a\u00f1os y adultos mayores, mujeres embarazadas, pacientes con morbilidad subyacente (enfermedades cardiovasculares, padecimiento renal cr\u00f3nica, hep\u00e1tica cr\u00f3nica, diabetes mellitus, VIH \/ SIDA o con obesidad m\u00f3rbida).<\/p>\n\n\n\n<p>-0-<\/p>\n\n\n\n<figure class=\"wp-block-image size-large\"><img fetchpriority=\"high\" decoding=\"async\" width=\"1024\" height=\"576\" src=\"https:\/\/contextoanalisisperiodistico.com\/wp-content\/uploads\/2024\/02\/img-20240208-wa00136456374444463582824-1024x576.jpg\" alt=\"\" class=\"wp-image-24327\" srcset=\"https:\/\/contextoanalisisperiodistico.com\/wp-content\/uploads\/2024\/02\/img-20240208-wa00136456374444463582824-1024x576.jpg 1024w, https:\/\/contextoanalisisperiodistico.com\/wp-content\/uploads\/2024\/02\/img-20240208-wa00136456374444463582824-300x169.jpg 300w, https:\/\/contextoanalisisperiodistico.com\/wp-content\/uploads\/2024\/02\/img-20240208-wa00136456374444463582824-768x432.jpg 768w, https:\/\/contextoanalisisperiodistico.com\/wp-content\/uploads\/2024\/02\/img-20240208-wa00136456374444463582824-1536x864.jpg 1536w, https:\/\/contextoanalisisperiodistico.com\/wp-content\/uploads\/2024\/02\/img-20240208-wa00136456374444463582824.jpg 1600w\" sizes=\"(max-width: 1024px) 100vw, 1024px\" \/><\/figure>\n\n\n\n<figure class=\"wp-block-image\"><img decoding=\"async\" width=\"1024\" height=\"576\" src=\"https:\/\/contextoanalisisperiodistico.com\/wp-content\/uploads\/2024\/02\/img-20240208-wa0011564875566320731101-1024x576.jpg\" alt=\"\" class=\"wp-image-24328\" srcset=\"https:\/\/contextoanalisisperiodistico.com\/wp-content\/uploads\/2024\/02\/img-20240208-wa0011564875566320731101-1024x576.jpg 1024w, https:\/\/contextoanalisisperiodistico.com\/wp-content\/uploads\/2024\/02\/img-20240208-wa0011564875566320731101-300x169.jpg 300w, https:\/\/contextoanalisisperiodistico.com\/wp-content\/uploads\/2024\/02\/img-20240208-wa0011564875566320731101-768x432.jpg 768w, https:\/\/contextoanalisisperiodistico.com\/wp-content\/uploads\/2024\/02\/img-20240208-wa0011564875566320731101-1536x864.jpg 1536w, https:\/\/contextoanalisisperiodistico.com\/wp-content\/uploads\/2024\/02\/img-20240208-wa0011564875566320731101.jpg 1600w\" sizes=\"(max-width: 1024px) 100vw, 1024px\" \/><\/figure>\n","protected":false},"excerpt":{"rendered":"<p>\u2022 Se han aplicado 383 mil 770 dosis contra la influenza, es decir, 68 por&#8230;<\/p>\n","protected":false},"author":4,"featured_media":24326,"comment_status":"","ping_status":"open","sticky":false,"template":"","format":"standard","meta":{"footnotes":""},"categories":[92],"tags":[],"jetpack_sharing_enabled":true,"featured_image_urls":{"full":["https:\/\/contextoanalisisperiodistico.com\/wp-content\/uploads\/2024\/02\/IMG-20240208-WA0012.jpg",1600,900,false],"thumbnail":["https:\/\/contextoanalisisperiodistico.com\/wp-content\/uploads\/2024\/02\/IMG-20240208-WA0012-150x150.jpg",150,150,true],"medium":["https:\/\/contextoanalisisperiodistico.com\/wp-content\/uploads\/2024\/02\/IMG-20240208-WA0012-300x169.jpg",300,169,true],"medium_large":["https:\/\/contextoanalisisperiodistico.com\/wp-content\/uploads\/2024\/02\/IMG-20240208-WA0012-768x432.jpg",640,360,true],"large":["https:\/\/contextoanalisisperiodistico.com\/wp-content\/uploads\/2024\/02\/IMG-20240208-WA0012-1024x576.jpg",640,360,true],"1536x1536":["https:\/\/contextoanalisisperiodistico.com\/wp-content\/uploads\/2024\/02\/IMG-20240208-WA0012-1536x864.jpg",1536,864,true],"2048x2048":["https:\/\/contextoanalisisperiodistico.com\/wp-content\/uploads\/2024\/02\/IMG-20240208-WA0012.jpg",1600,900,false],"covernews-slider-full":["https:\/\/contextoanalisisperiodistico.com\/wp-content\/uploads\/2024\/02\/IMG-20240208-WA0012-1115x715.jpg",1115,715,true],"covernews-slider-center":["https:\/\/contextoanalisisperiodistico.com\/wp-content\/uploads\/2024\/02\/IMG-20240208-WA0012-800x500.jpg",800,500,true],"covernews-featured":["https:\/\/contextoanalisisperiodistico.com\/wp-content\/uploads\/2024\/02\/IMG-20240208-WA0012-1024x576.jpg",1024,576,true],"covernews-medium":["https:\/\/contextoanalisisperiodistico.com\/wp-content\/uploads\/2024\/02\/IMG-20240208-WA0012-540x340.jpg",540,340,true],"covernews-medium-square":["https:\/\/contextoanalisisperiodistico.com\/wp-content\/uploads\/2024\/02\/IMG-20240208-WA0012-400x250.jpg",400,250,true]},"author_info":{"display_name":"Mario Gir\u00f3n","author_link":"https:\/\/contextoanalisisperiodistico.com\/index.php\/author\/director\/"},"category_info":"<a href=\"https:\/\/contextoanalisisperiodistico.com\/index.php\/category\/salud\/\" rel=\"category tag\">Salud<\/a>","tag_info":"Salud","comment_count":"0","jetpack_featured_media_url":"https:\/\/contextoanalisisperiodistico.com\/wp-content\/uploads\/2024\/02\/IMG-20240208-WA0012.jpg","_links":{"self":[{"href":"https:\/\/contextoanalisisperiodistico.com\/index.php\/wp-json\/wp\/v2\/posts\/24329"}],"collection":[{"href":"https:\/\/contextoanalisisperiodistico.com\/index.php\/wp-json\/wp\/v2\/posts"}],"about":[{"href":"https:\/\/contextoanalisisperiodistico.com\/index.php\/wp-json\/wp\/v2\/types\/post"}],"author":[{"embeddable":true,"href":"https:\/\/contextoanalisisperiodistico.com\/index.php\/wp-json\/wp\/v2\/users\/4"}],"replies":[{"embeddable":true,"href":"https:\/\/contextoanalisisperiodistico.com\/index.php\/wp-json\/wp\/v2\/comments?post=24329"}],"version-history":[{"count":0,"href":"https:\/\/contextoanalisisperiodistico.com\/index.php\/wp-json\/wp\/v2\/posts\/24329\/revisions"}],"wp:featuredmedia":[{"embeddable":true,"href":"https:\/\/contextoanalisisperiodistico.com\/index.php\/wp-json\/wp\/v2\/media\/24326"}],"wp:attachment":[{"href":"https:\/\/contextoanalisisperiodistico.com\/index.php\/wp-json\/wp\/v2\/media?parent=24329"}],"wp:term":[{"taxonomy":"category","embeddable":true,"href":"https:\/\/contextoanalisisperiodistico.com\/index.php\/wp-json\/wp\/v2\/categories?post=24329"},{"taxonomy":"post_tag","embeddable":true,"href":"https:\/\/contextoanalisisperiodistico.com\/index.php\/wp-json\/wp\/v2\/tags?post=24329"}],"curies":[{"name":"wp","href":"https:\/\/api.w.org\/{rel}","templated":true}]}}