{"id":24300,"date":"2024-02-07T11:06:47","date_gmt":"2024-02-07T17:06:47","guid":{"rendered":"https:\/\/contextoanalisisperiodistico.com\/index.php\/2024\/02\/07\/ayuntamiento-capitalino-y-fiscalia-especializada-coordinan-esfuerzo-para-erradicar-violencia-de-genero\/"},"modified":"2024-02-07T11:06:47","modified_gmt":"2024-02-07T17:06:47","slug":"ayuntamiento-capitalino-y-fiscalia-especializada-coordinan-esfuerzo-para-erradicar-violencia-de-genero","status":"publish","type":"post","link":"https:\/\/contextoanalisisperiodistico.com\/index.php\/2024\/02\/07\/ayuntamiento-capitalino-y-fiscalia-especializada-coordinan-esfuerzo-para-erradicar-violencia-de-genero\/","title":{"rendered":"Ayuntamiento capitalino y Fiscal\u00eda Especializada coordinan esfuerzo para erradicar violencia de g\u00e9nero"},"content":{"rendered":"<div id=\"fb-root\"><\/div>\n\n<p>\u00b7&nbsp;&nbsp;&nbsp;&nbsp;&nbsp;&nbsp;&nbsp;&nbsp;&nbsp;Oaxaca de Ju\u00e1rez, fue sede del \u201cCurso de Capacitaci\u00f3n de Emisi\u00f3n de \u00d3rdenes de Protecci\u00f3n\u201d dirigido a autoridades municipales.<\/p>\n\n\n\n<figure class=\"wp-block-image size-large\"><img fetchpriority=\"high\" decoding=\"async\" width=\"1024\" height=\"704\" src=\"https:\/\/contextoanalisisperiodistico.com\/wp-content\/uploads\/2024\/02\/boletC3ADn06-02-24281293526667388724599658-1024x704.jpg\" alt=\"\" class=\"wp-image-24298\" srcset=\"https:\/\/contextoanalisisperiodistico.com\/wp-content\/uploads\/2024\/02\/boletC3ADn06-02-24281293526667388724599658-1024x704.jpg 1024w, https:\/\/contextoanalisisperiodistico.com\/wp-content\/uploads\/2024\/02\/boletC3ADn06-02-24281293526667388724599658-300x206.jpg 300w, https:\/\/contextoanalisisperiodistico.com\/wp-content\/uploads\/2024\/02\/boletC3ADn06-02-24281293526667388724599658-768x528.jpg 768w, https:\/\/contextoanalisisperiodistico.com\/wp-content\/uploads\/2024\/02\/boletC3ADn06-02-24281293526667388724599658-1536x1056.jpg 1536w, https:\/\/contextoanalisisperiodistico.com\/wp-content\/uploads\/2024\/02\/boletC3ADn06-02-24281293526667388724599658.jpg 2000w\" sizes=\"(max-width: 1024px) 100vw, 1024px\" \/><\/figure>\n\n\n\n<figure class=\"wp-block-image\"><img decoding=\"async\" width=\"1024\" height=\"768\" src=\"https:\/\/contextoanalisisperiodistico.com\/wp-content\/uploads\/2024\/02\/boletC3ADn06-02-2428329401877968593135117-1024x768.jpg\" alt=\"\" class=\"wp-image-24299\" srcset=\"https:\/\/contextoanalisisperiodistico.com\/wp-content\/uploads\/2024\/02\/boletC3ADn06-02-2428329401877968593135117-1024x768.jpg 1024w, https:\/\/contextoanalisisperiodistico.com\/wp-content\/uploads\/2024\/02\/boletC3ADn06-02-2428329401877968593135117-300x225.jpg 300w, https:\/\/contextoanalisisperiodistico.com\/wp-content\/uploads\/2024\/02\/boletC3ADn06-02-2428329401877968593135117-768x576.jpg 768w, https:\/\/contextoanalisisperiodistico.com\/wp-content\/uploads\/2024\/02\/boletC3ADn06-02-2428329401877968593135117-1536x1152.jpg 1536w, https:\/\/contextoanalisisperiodistico.com\/wp-content\/uploads\/2024\/02\/boletC3ADn06-02-2428329401877968593135117.jpg 1600w\" sizes=\"(max-width: 1024px) 100vw, 1024px\" \/><\/figure>\n\n\n\n<p>Oaxaca de Ju\u00e1rez, Oax., a 06 de febrero de 2024.- En aras de erradicar la violencia hacia mujeres y ni\u00f1as en el estado de Oaxaca, la Fiscal\u00eda Especializada para la Atenci\u00f3n a Delitos Contra la Mujer por Raz\u00f3n de G\u00e9nero, en colaboraci\u00f3n con el Ayuntamiento de Oaxaca de Ju\u00e1rez, &nbsp;llev\u00f3 a cabo el \u00abCurso de Capacitaci\u00f3n de Emisi\u00f3n de \u00d3rdenes de Protecci\u00f3n\u00bb.<\/p>\n\n\n\n<p>En dicha jornada, la Encargada de Despacho de la Presidencia Municipal, Judith Carre\u00f1o Hern\u00e1ndez, acompa\u00f1ada de la Fiscal Especializada para la Atenci\u00f3n a Delitos Contra la Mujer por Raz\u00f3n de G\u00e9nero, Margarita Guzm\u00e1n Corsi, y la Regidora de Igualdad de G\u00e9nero y de la Ciudad Educadora, Deyanira Altamirano G\u00f3mez, presidi\u00f3 el curso donde se abordaron aspectos cruciales como los tipos de violencia, \u00f3rdenes de protecci\u00f3n, autoridades competentes y protocolos de acci\u00f3n.<\/p>\n\n\n\n<p>Cabe se\u00f1alar que este curso forma parte de los compromisos con el \u00abPacto de Mujeres de la Zona Metropolitana para la Igualdad Contra la Violencia de G\u00e9nero\u00bb, firmado el 21 de noviembre de 2023.<\/p>\n\n\n\n<p>En este sentido, Carre\u00f1o Hern\u00e1ndez subray\u00f3 la relevancia de la capacitaci\u00f3n para enfrentar la violencia de g\u00e9nero y garantizar los derechos de mujeres y ni\u00f1as y subray\u00f3: \u00abLa erradicaci\u00f3n de la violencia de g\u00e9nero es un punto medular para la administraci\u00f3n municipal, seguimos en la ruta de la erradicaci\u00f3n de la violencia en todas sus formas\u00bb.<\/p>\n\n\n\n<p>Asimismo, la ponente, Agente del Ministerio P\u00fablico, Luz Gabriela Herrera Pacheco, detall\u00f3 la importancia de conocer desde lo b\u00e1sico del tema hasta las autoridades indicadas para brindar ayuda y dictar medidas de protecci\u00f3n.<\/p>\n\n\n\n<p>Por su parte, la Fiscal Especializada para la Atenci\u00f3n a Delitos Contra la Mujer por Raz\u00f3n de G\u00e9nero, Margarita Guzm\u00e1n Corsi, resalt\u00f3 la necesidad de fortalecer la colaboraci\u00f3n entre los municipios de la Zona Metropolitana para seguir conociendo de pr\u00e1cticas y procedimientos que permitan salvaguardar la seguridad de las mujeres en situaci\u00f3n de riesgo.<\/p>\n\n\n\n<p>Con estas acciones, el Ayuntamiento de Oaxaca de Ju\u00e1rez reafirma su compromiso de brindar atenci\u00f3n y ayuda a las v\u00edctimas de violencia de g\u00e9nero, as\u00ed como prevenir este flagelo en beneficio de la ciudadan\u00eda.<\/p>\n","protected":false},"excerpt":{"rendered":"<p>\u00b7&nbsp;&nbsp;&nbsp;&nbsp;&nbsp;&nbsp;&nbsp;&nbsp;&nbsp;Oaxaca de Ju\u00e1rez, fue sede del \u201cCurso de Capacitaci\u00f3n de Emisi\u00f3n de \u00d3rdenes de Protecci\u00f3n\u201d&#8230;<\/p>\n","protected":false},"author":4,"featured_media":24297,"comment_status":"","ping_status":"open","sticky":false,"template":"","format":"standard","meta":{"footnotes":""},"categories":[9],"tags":[],"jetpack_sharing_enabled":true,"featured_image_urls":{"full":["https:\/\/contextoanalisisperiodistico.com\/wp-content\/uploads\/2024\/02\/BoletC3ADn06-02-2428229.jpg",1213,738,false],"thumbnail":["https:\/\/contextoanalisisperiodistico.com\/wp-content\/uploads\/2024\/02\/BoletC3ADn06-02-2428229-150x150.jpg",150,150,true],"medium":["https:\/\/contextoanalisisperiodistico.com\/wp-content\/uploads\/2024\/02\/BoletC3ADn06-02-2428229-300x183.jpg",300,183,true],"medium_large":["https:\/\/contextoanalisisperiodistico.com\/wp-content\/uploads\/2024\/02\/BoletC3ADn06-02-2428229-768x467.jpg",640,389,true],"large":["https:\/\/contextoanalisisperiodistico.com\/wp-content\/uploads\/2024\/02\/BoletC3ADn06-02-2428229-1024x623.jpg",640,389,true],"1536x1536":["https:\/\/contextoanalisisperiodistico.com\/wp-content\/uploads\/2024\/02\/BoletC3ADn06-02-2428229.jpg",1213,738,false],"2048x2048":["https:\/\/contextoanalisisperiodistico.com\/wp-content\/uploads\/2024\/02\/BoletC3ADn06-02-2428229.jpg",1213,738,false],"covernews-slider-full":["https:\/\/contextoanalisisperiodistico.com\/wp-content\/uploads\/2024\/02\/BoletC3ADn06-02-2428229-1115x715.jpg",1115,715,true],"covernews-slider-center":["https:\/\/contextoanalisisperiodistico.com\/wp-content\/uploads\/2024\/02\/BoletC3ADn06-02-2428229-800x500.jpg",800,500,true],"covernews-featured":["https:\/\/contextoanalisisperiodistico.com\/wp-content\/uploads\/2024\/02\/BoletC3ADn06-02-2428229-1024x623.jpg",1024,623,true],"covernews-medium":["https:\/\/contextoanalisisperiodistico.com\/wp-content\/uploads\/2024\/02\/BoletC3ADn06-02-2428229-540x340.jpg",540,340,true],"covernews-medium-square":["https:\/\/contextoanalisisperiodistico.com\/wp-content\/uploads\/2024\/02\/BoletC3ADn06-02-2428229-400x250.jpg",400,250,true]},"author_info":{"display_name":"Mario Gir\u00f3n","author_link":"https:\/\/contextoanalisisperiodistico.com\/index.php\/author\/director\/"},"category_info":"<a href=\"https:\/\/contextoanalisisperiodistico.com\/index.php\/category\/politica\/\" rel=\"category tag\">Pol\u00edtica<\/a>","tag_info":"Pol\u00edtica","comment_count":"0","jetpack_featured_media_url":"https:\/\/contextoanalisisperiodistico.com\/wp-content\/uploads\/2024\/02\/BoletC3ADn06-02-2428229.jpg","_links":{"self":[{"href":"https:\/\/contextoanalisisperiodistico.com\/index.php\/wp-json\/wp\/v2\/posts\/24300"}],"collection":[{"href":"https:\/\/contextoanalisisperiodistico.com\/index.php\/wp-json\/wp\/v2\/posts"}],"about":[{"href":"https:\/\/contextoanalisisperiodistico.com\/index.php\/wp-json\/wp\/v2\/types\/post"}],"author":[{"embeddable":true,"href":"https:\/\/contextoanalisisperiodistico.com\/index.php\/wp-json\/wp\/v2\/users\/4"}],"replies":[{"embeddable":true,"href":"https:\/\/contextoanalisisperiodistico.com\/index.php\/wp-json\/wp\/v2\/comments?post=24300"}],"version-history":[{"count":0,"href":"https:\/\/contextoanalisisperiodistico.com\/index.php\/wp-json\/wp\/v2\/posts\/24300\/revisions"}],"wp:featuredmedia":[{"embeddable":true,"href":"https:\/\/contextoanalisisperiodistico.com\/index.php\/wp-json\/wp\/v2\/media\/24297"}],"wp:attachment":[{"href":"https:\/\/contextoanalisisperiodistico.com\/index.php\/wp-json\/wp\/v2\/media?parent=24300"}],"wp:term":[{"taxonomy":"category","embeddable":true,"href":"https:\/\/contextoanalisisperiodistico.com\/index.php\/wp-json\/wp\/v2\/categories?post=24300"},{"taxonomy":"post_tag","embeddable":true,"href":"https:\/\/contextoanalisisperiodistico.com\/index.php\/wp-json\/wp\/v2\/tags?post=24300"}],"curies":[{"name":"wp","href":"https:\/\/api.w.org\/{rel}","templated":true}]}}