{"id":24291,"date":"2024-02-07T08:30:19","date_gmt":"2024-02-07T14:30:19","guid":{"rendered":"https:\/\/contextoanalisisperiodistico.com\/index.php\/2024\/02\/07\/se-preven-temperaturas-frias-lluvias-escasas-y-ligero-evento-norte-para-este-miercoles\/"},"modified":"2024-02-07T08:30:19","modified_gmt":"2024-02-07T14:30:19","slug":"se-preven-temperaturas-frias-lluvias-escasas-y-ligero-evento-norte-para-este-miercoles","status":"publish","type":"post","link":"https:\/\/contextoanalisisperiodistico.com\/index.php\/2024\/02\/07\/se-preven-temperaturas-frias-lluvias-escasas-y-ligero-evento-norte-para-este-miercoles\/","title":{"rendered":"Se prev\u00e9n temperaturas fr\u00edas, lluvias escasas y ligero evento norte para este mi\u00e9rcoles"},"content":{"rendered":"<div id=\"fb-root\"><\/div>\n\n<p>Oaxaca de Ju\u00e1rez, Oax. 7 de febrero de 2024.- La Coordinaci\u00f3n Estatal de Protecci\u00f3n Civil y Gesti\u00f3n de Riesgos (CEPCyGR) informa que para este mi\u00e9rcoles se prev\u00e9 temperaturas fr\u00edas al amanecer en zonas de la Sierra de Ju\u00e1rez, Sierra Sur, Mixteca y Valles Centrales.<\/p>\n\n\n\n<p>De acuerdo al pron\u00f3stico emitido por la Comisi\u00f3n Nacional del Agua (Conagua), un sistema de alta presi\u00f3n mantendr\u00e1 algunos efectos directos para el estado oaxaque\u00f1o, provocando el desarrollo de algunos nublados, manteni\u00e9ndose bajas probabilidades de lluvias.<\/p>\n\n\n\n<p>Prevalecer\u00e1 evento de norte de 40 a 60 km\/h y rachas de 80 a 100 km\/h en el Istmo y Golfo de Tehuantepec, debilit\u00e1ndose gradualmente con oleaje elevado en dicho Golfo.<\/p>\n\n\n\n<p>Las temperaturas para este d\u00eda son las siguientes:<\/p>\n\n\n\n<p>\u25cf Valles Centrales, m\u00ednima de 11 y m\u00e1xima de 30 grados.<br \/>\u25cf Istmo de Tehuantepec, m\u00ednima de 21 y m\u00e1xima de 34 grados.<br \/>\u25cf Cuenca del Papaloapan, m\u00ednima de 16 y m\u00e1xima de 29 grados.<br \/>\u25cf Costa, m\u00ednima de 22 y m\u00e1xima de 33 grados.<br \/>\u25cf Mixteca, m\u00ednima de 11 y m\u00e1xima de 30 grados.<br \/>\u25cf Sierra de Flores Mag\u00f3n, m\u00ednima de 14 y m\u00e1xima de 32 grados.<br \/>\u25cf Sierra de Ju\u00e1rez, m\u00ednima de 07 grados y m\u00e1xima de 25 grados.<br \/>\u25cf Sierra Sur, m\u00ednima de 09 y m\u00e1xima de 26 grados.<\/p>\n\n\n\n<p>La CEPCyGR exhorta a la poblaci\u00f3n a tomar precauciones y seguir las recomendaciones de Protecci\u00f3n Civil y Capitan\u00edas de Puerto; as\u00ed como mantenerse informada a trav\u00e9s de los medios y redes sociales oficiales: Facebook @CEPCYGRGobOax y en X @CEPCyGR_GobOax.<\/p>\n\n\n\n<p>-0-<\/p>\n","protected":false},"excerpt":{"rendered":"<p>Oaxaca de Ju\u00e1rez, Oax. 7 de febrero de 2024.- La Coordinaci\u00f3n Estatal de Protecci\u00f3n Civil&#8230;<\/p>\n","protected":false},"author":4,"featured_media":24290,"comment_status":"","ping_status":"open","sticky":false,"template":"","format":"standard","meta":{"footnotes":""},"categories":[9],"tags":[],"jetpack_sharing_enabled":true,"featured_image_urls":{"full":["https:\/\/contextoanalisisperiodistico.com\/wp-content\/uploads\/2024\/02\/IMG-20240207-WA0002.jpg",1600,1200,false],"thumbnail":["https:\/\/contextoanalisisperiodistico.com\/wp-content\/uploads\/2024\/02\/IMG-20240207-WA0002-150x150.jpg",150,150,true],"medium":["https:\/\/contextoanalisisperiodistico.com\/wp-content\/uploads\/2024\/02\/IMG-20240207-WA0002-300x225.jpg",300,225,true],"medium_large":["https:\/\/contextoanalisisperiodistico.com\/wp-content\/uploads\/2024\/02\/IMG-20240207-WA0002-768x576.jpg",640,480,true],"large":["https:\/\/contextoanalisisperiodistico.com\/wp-content\/uploads\/2024\/02\/IMG-20240207-WA0002-1024x768.jpg",640,480,true],"1536x1536":["https:\/\/contextoanalisisperiodistico.com\/wp-content\/uploads\/2024\/02\/IMG-20240207-WA0002-1536x1152.jpg",1536,1152,true],"2048x2048":["https:\/\/contextoanalisisperiodistico.com\/wp-content\/uploads\/2024\/02\/IMG-20240207-WA0002.jpg",1600,1200,false],"covernews-slider-full":["https:\/\/contextoanalisisperiodistico.com\/wp-content\/uploads\/2024\/02\/IMG-20240207-WA0002-1115x715.jpg",1115,715,true],"covernews-slider-center":["https:\/\/contextoanalisisperiodistico.com\/wp-content\/uploads\/2024\/02\/IMG-20240207-WA0002-800x500.jpg",800,500,true],"covernews-featured":["https:\/\/contextoanalisisperiodistico.com\/wp-content\/uploads\/2024\/02\/IMG-20240207-WA0002-1024x768.jpg",1024,768,true],"covernews-medium":["https:\/\/contextoanalisisperiodistico.com\/wp-content\/uploads\/2024\/02\/IMG-20240207-WA0002-540x340.jpg",540,340,true],"covernews-medium-square":["https:\/\/contextoanalisisperiodistico.com\/wp-content\/uploads\/2024\/02\/IMG-20240207-WA0002-400x250.jpg",400,250,true]},"author_info":{"display_name":"Mario Gir\u00f3n","author_link":"https:\/\/contextoanalisisperiodistico.com\/index.php\/author\/director\/"},"category_info":"<a href=\"https:\/\/contextoanalisisperiodistico.com\/index.php\/category\/politica\/\" rel=\"category tag\">Pol\u00edtica<\/a>","tag_info":"Pol\u00edtica","comment_count":"0","jetpack_featured_media_url":"https:\/\/contextoanalisisperiodistico.com\/wp-content\/uploads\/2024\/02\/IMG-20240207-WA0002.jpg","_links":{"self":[{"href":"https:\/\/contextoanalisisperiodistico.com\/index.php\/wp-json\/wp\/v2\/posts\/24291"}],"collection":[{"href":"https:\/\/contextoanalisisperiodistico.com\/index.php\/wp-json\/wp\/v2\/posts"}],"about":[{"href":"https:\/\/contextoanalisisperiodistico.com\/index.php\/wp-json\/wp\/v2\/types\/post"}],"author":[{"embeddable":true,"href":"https:\/\/contextoanalisisperiodistico.com\/index.php\/wp-json\/wp\/v2\/users\/4"}],"replies":[{"embeddable":true,"href":"https:\/\/contextoanalisisperiodistico.com\/index.php\/wp-json\/wp\/v2\/comments?post=24291"}],"version-history":[{"count":0,"href":"https:\/\/contextoanalisisperiodistico.com\/index.php\/wp-json\/wp\/v2\/posts\/24291\/revisions"}],"wp:featuredmedia":[{"embeddable":true,"href":"https:\/\/contextoanalisisperiodistico.com\/index.php\/wp-json\/wp\/v2\/media\/24290"}],"wp:attachment":[{"href":"https:\/\/contextoanalisisperiodistico.com\/index.php\/wp-json\/wp\/v2\/media?parent=24291"}],"wp:term":[{"taxonomy":"category","embeddable":true,"href":"https:\/\/contextoanalisisperiodistico.com\/index.php\/wp-json\/wp\/v2\/categories?post=24291"},{"taxonomy":"post_tag","embeddable":true,"href":"https:\/\/contextoanalisisperiodistico.com\/index.php\/wp-json\/wp\/v2\/tags?post=24291"}],"curies":[{"name":"wp","href":"https:\/\/api.w.org\/{rel}","templated":true}]}}