{"id":24159,"date":"2024-02-02T14:59:19","date_gmt":"2024-02-02T20:59:19","guid":{"rendered":"https:\/\/contextoanalisisperiodistico.com\/index.php\/2024\/02\/02\/hoy-renace-el-istmo-y-florece-la-primavera-oaxaquena-salomon-jara\/"},"modified":"2024-02-02T14:59:19","modified_gmt":"2024-02-02T20:59:19","slug":"hoy-renace-el-istmo-y-florece-la-primavera-oaxaquena-salomon-jara","status":"publish","type":"post","link":"https:\/\/contextoanalisisperiodistico.com\/index.php\/2024\/02\/02\/hoy-renace-el-istmo-y-florece-la-primavera-oaxaquena-salomon-jara\/","title":{"rendered":"Hoy renace el Istmo y florece la Primavera Oaxaque\u00f1a: Salom\u00f3n Jara"},"content":{"rendered":"<div id=\"fb-root\"><\/div>\n\n<p>\u2022 Inaugura Gobierno del Estado nuevo vuelo de la ruta AIFA-Ixtepec con Mexicana de Aviaci\u00f3n<\/p>\n\n\n\n<figure class=\"wp-block-image size-large\"><img fetchpriority=\"high\" decoding=\"async\" width=\"1024\" height=\"683\" src=\"https:\/\/contextoanalisisperiodistico.com\/wp-content\/uploads\/2024\/02\/img-20240202-wa00223644389049669324232-1024x683.jpg\" alt=\"\" class=\"wp-image-24156\" srcset=\"https:\/\/contextoanalisisperiodistico.com\/wp-content\/uploads\/2024\/02\/img-20240202-wa00223644389049669324232-1024x683.jpg 1024w, https:\/\/contextoanalisisperiodistico.com\/wp-content\/uploads\/2024\/02\/img-20240202-wa00223644389049669324232-300x200.jpg 300w, https:\/\/contextoanalisisperiodistico.com\/wp-content\/uploads\/2024\/02\/img-20240202-wa00223644389049669324232-768x512.jpg 768w, https:\/\/contextoanalisisperiodistico.com\/wp-content\/uploads\/2024\/02\/img-20240202-wa00223644389049669324232-1536x1024.jpg 1536w, https:\/\/contextoanalisisperiodistico.com\/wp-content\/uploads\/2024\/02\/img-20240202-wa00223644389049669324232.jpg 1600w\" sizes=\"(max-width: 1024px) 100vw, 1024px\" \/><\/figure>\n\n\n\n<figure class=\"wp-block-image\"><img decoding=\"async\" width=\"1024\" height=\"683\" src=\"https:\/\/contextoanalisisperiodistico.com\/wp-content\/uploads\/2024\/02\/img-20240202-wa00246403579975630066142-1024x683.jpg\" alt=\"\" class=\"wp-image-24154\" srcset=\"https:\/\/contextoanalisisperiodistico.com\/wp-content\/uploads\/2024\/02\/img-20240202-wa00246403579975630066142-1024x683.jpg 1024w, https:\/\/contextoanalisisperiodistico.com\/wp-content\/uploads\/2024\/02\/img-20240202-wa00246403579975630066142-300x200.jpg 300w, https:\/\/contextoanalisisperiodistico.com\/wp-content\/uploads\/2024\/02\/img-20240202-wa00246403579975630066142-768x512.jpg 768w, https:\/\/contextoanalisisperiodistico.com\/wp-content\/uploads\/2024\/02\/img-20240202-wa00246403579975630066142-1536x1024.jpg 1536w, https:\/\/contextoanalisisperiodistico.com\/wp-content\/uploads\/2024\/02\/img-20240202-wa00246403579975630066142.jpg 1600w\" sizes=\"(max-width: 1024px) 100vw, 1024px\" \/><\/figure>\n\n\n\n<figure class=\"wp-block-image\"><img decoding=\"async\" width=\"1024\" height=\"683\" src=\"https:\/\/contextoanalisisperiodistico.com\/wp-content\/uploads\/2024\/02\/img-20240202-wa00215158318757936361764-1024x683.jpg\" alt=\"\" class=\"wp-image-24152\" srcset=\"https:\/\/contextoanalisisperiodistico.com\/wp-content\/uploads\/2024\/02\/img-20240202-wa00215158318757936361764-1024x683.jpg 1024w, https:\/\/contextoanalisisperiodistico.com\/wp-content\/uploads\/2024\/02\/img-20240202-wa00215158318757936361764-300x200.jpg 300w, https:\/\/contextoanalisisperiodistico.com\/wp-content\/uploads\/2024\/02\/img-20240202-wa00215158318757936361764-768x512.jpg 768w, https:\/\/contextoanalisisperiodistico.com\/wp-content\/uploads\/2024\/02\/img-20240202-wa00215158318757936361764-1536x1024.jpg 1536w, https:\/\/contextoanalisisperiodistico.com\/wp-content\/uploads\/2024\/02\/img-20240202-wa00215158318757936361764.jpg 1600w\" sizes=\"(max-width: 1024px) 100vw, 1024px\" \/><\/figure>\n\n\n\n<figure class=\"wp-block-image\"><img loading=\"lazy\" decoding=\"async\" width=\"1024\" height=\"682\" src=\"https:\/\/contextoanalisisperiodistico.com\/wp-content\/uploads\/2024\/02\/img-20240202-wa0025295701857860975522-1024x682.jpg\" alt=\"\" class=\"wp-image-24155\" srcset=\"https:\/\/contextoanalisisperiodistico.com\/wp-content\/uploads\/2024\/02\/img-20240202-wa0025295701857860975522-1024x682.jpg 1024w, https:\/\/contextoanalisisperiodistico.com\/wp-content\/uploads\/2024\/02\/img-20240202-wa0025295701857860975522-300x200.jpg 300w, https:\/\/contextoanalisisperiodistico.com\/wp-content\/uploads\/2024\/02\/img-20240202-wa0025295701857860975522-768x512.jpg 768w, https:\/\/contextoanalisisperiodistico.com\/wp-content\/uploads\/2024\/02\/img-20240202-wa0025295701857860975522-1536x1023.jpg 1536w, https:\/\/contextoanalisisperiodistico.com\/wp-content\/uploads\/2024\/02\/img-20240202-wa0025295701857860975522.jpg 1600w\" sizes=\"(max-width: 1024px) 100vw, 1024px\" \/><\/figure>\n\n\n\n<figure class=\"wp-block-image\"><img loading=\"lazy\" decoding=\"async\" width=\"1024\" height=\"683\" src=\"https:\/\/contextoanalisisperiodistico.com\/wp-content\/uploads\/2024\/02\/img-20240202-wa00238815824465662078213-1024x683.jpg\" alt=\"\" class=\"wp-image-24153\" srcset=\"https:\/\/contextoanalisisperiodistico.com\/wp-content\/uploads\/2024\/02\/img-20240202-wa00238815824465662078213-1024x683.jpg 1024w, https:\/\/contextoanalisisperiodistico.com\/wp-content\/uploads\/2024\/02\/img-20240202-wa00238815824465662078213-300x200.jpg 300w, https:\/\/contextoanalisisperiodistico.com\/wp-content\/uploads\/2024\/02\/img-20240202-wa00238815824465662078213-768x512.jpg 768w, https:\/\/contextoanalisisperiodistico.com\/wp-content\/uploads\/2024\/02\/img-20240202-wa00238815824465662078213.jpg 1445w\" sizes=\"(max-width: 1024px) 100vw, 1024px\" \/><\/figure>\n\n\n\n<figure class=\"wp-block-image\"><img loading=\"lazy\" decoding=\"async\" width=\"1024\" height=\"682\" src=\"https:\/\/contextoanalisisperiodistico.com\/wp-content\/uploads\/2024\/02\/img-20240202-wa00274566564941149594238-1024x682.jpg\" alt=\"\" class=\"wp-image-24157\" srcset=\"https:\/\/contextoanalisisperiodistico.com\/wp-content\/uploads\/2024\/02\/img-20240202-wa00274566564941149594238-1024x682.jpg 1024w, https:\/\/contextoanalisisperiodistico.com\/wp-content\/uploads\/2024\/02\/img-20240202-wa00274566564941149594238-300x200.jpg 300w, https:\/\/contextoanalisisperiodistico.com\/wp-content\/uploads\/2024\/02\/img-20240202-wa00274566564941149594238-768x512.jpg 768w, https:\/\/contextoanalisisperiodistico.com\/wp-content\/uploads\/2024\/02\/img-20240202-wa00274566564941149594238.jpg 1280w\" sizes=\"(max-width: 1024px) 100vw, 1024px\" \/><\/figure>\n\n\n\n<figure class=\"wp-block-image\"><img loading=\"lazy\" decoding=\"async\" width=\"1024\" height=\"683\" src=\"https:\/\/contextoanalisisperiodistico.com\/wp-content\/uploads\/2024\/02\/img-20240202-wa0026440582921271212606-1024x683.jpg\" alt=\"\" class=\"wp-image-24158\" srcset=\"https:\/\/contextoanalisisperiodistico.com\/wp-content\/uploads\/2024\/02\/img-20240202-wa0026440582921271212606-1024x683.jpg 1024w, https:\/\/contextoanalisisperiodistico.com\/wp-content\/uploads\/2024\/02\/img-20240202-wa0026440582921271212606-300x200.jpg 300w, https:\/\/contextoanalisisperiodistico.com\/wp-content\/uploads\/2024\/02\/img-20240202-wa0026440582921271212606-768x512.jpg 768w, https:\/\/contextoanalisisperiodistico.com\/wp-content\/uploads\/2024\/02\/img-20240202-wa0026440582921271212606.jpg 1306w\" sizes=\"(max-width: 1024px) 100vw, 1024px\" \/><\/figure>\n\n\n\n<p>\u2022 La ruta contar\u00e1 con un equipo Embraer-145 con tres frecuencias semanales en lunes, mi\u00e9rcoles y viernes<\/p>\n\n\n\n<p>Ciudad Ixtepec, Oax., 2 de febrero de 2024.- El Gobierno del Estado de Oaxaca que encabeza Salom\u00f3n Jara Cruz recibi\u00f3 el nuevo vuelo de la ruta AIFA-Ixtepec-AIFA operado por Mexicana de Aviaci\u00f3n, la aerol\u00ednea del Estado mexicano, la cual conectar\u00e1 la regi\u00f3n del Istmo de Tehuantepec con la capital del pa\u00eds.<\/p>\n\n\n\n<p>Se trata de un hecho que representa un puente de conectividad para el turismo nacional e internacional y un detonante de la econom\u00eda oaxaque\u00f1a, aprovechando los tiempos de auge econ\u00f3mico que vive la regi\u00f3n del Istmo, asegur\u00f3 el Gobernador Salom\u00f3n Jara.<\/p>\n\n\n\n<p>\u201cAcompa\u00f1amos este hecho hist\u00f3rico en el Istmo de Tehuantepec, la Cuarta Transformaci\u00f3n avanza, con el ferrocarril, el puerto mar\u00edtimo y ahora por aire, y en agosto se inaugurar\u00e1 la s\u00faper carretera Mitla-Tehuantepec\u201d, expres\u00f3 el Mandatario oaxaque\u00f1o.<\/p>\n\n\n\n<p>Dijo que el rescate de Mexicana de Aviaci\u00f3n representa el inter\u00e9s del Presidente Andr\u00e9s Manuel L\u00f3pez Obrador por generar mejores condiciones de conectividad para el sur sureste del pa\u00eds, \u201cuna ruta de bienestar para Oaxaca\u201d.<\/p>\n\n\n\n<p>La ruta que partir\u00e1 del Aeropuerto Internacional Felipe \u00c1ngeles (AIFA) contar\u00e1 con un equipo Embraer-145 con tres frecuencias semanales los lunes, mi\u00e9rcoles y viernes, generando una oferta de 600 asientos mensuales estimados, inform\u00f3 la secretaria de Turismo, Saymi Pineda Velasco.<\/p>\n\n\n\n<p>Enfatiz\u00f3 que los indicadores que genere el nuevo vuelo abonar\u00e1n al crecimiento de la conectividad a\u00e9rea, que en el a\u00f1o 2023 registr\u00f3 15 mil 54 frecuencias hacia destinos nacionales e internacionales, y 3 millones 528 mil 150 personas atendidas, en los aeropuertos de Oaxaca, Bah\u00edas de Huatulco y Puerto Escondido.<\/p>\n\n\n\n<p>\u201cEl Presidente de la Rep\u00fablica Andr\u00e9s Manuel L\u00f3pez Obrador anunci\u00f3 el regreso de la aerol\u00ednea Mexicana de Aviaci\u00f3n, y con ello, se reafirm\u00f3 la esperanza de contar con una opci\u00f3n m\u00e1s para lograr reconectar este destino con la capital del pa\u00eds\u201d, resalt\u00f3.<\/p>\n\n\n\n<p>En el evento se inform\u00f3 que a casi un a\u00f1o de la ausencia de operaciones comerciales en la terminal, la llegada de esta aerol\u00ednea a la regi\u00f3n del Istmo colocar\u00e1 a Oaxaca en la ruta correcta para convertirse en un referente de desarrollo econ\u00f3mico en el pa\u00eds, y coadyuvar\u00e1 al fortalecimiento de la conectividad a\u00e9rea y la actividad tur\u00edstica.<\/p>\n\n\n\n<p>Con los proyectos de transformaci\u00f3n que promueve el Gobierno de M\u00e9xico, con el impulso del Gobierno del Estado de Oaxaca, m\u00e1s personas podr\u00e1n conocer las riquezas culturales y naturales de la entidad, elevando la calidad de vida para el pueblo oaxaque\u00f1o.<\/p>\n\n\n\n<p>En su oportunidad, la presidenta municipal de Ciudad Ixtepec, Gabriela Olivera L\u00f3pez agradeci\u00f3 a los gobiernos estatal y federal por priorizar el desarrollo de la regi\u00f3n del Istmo, lo cual tendr\u00e1 beneficios para sus habitantes.<br \/>-0-<\/p>\n","protected":false},"excerpt":{"rendered":"<p>\u2022 Inaugura Gobierno del Estado nuevo vuelo de la ruta AIFA-Ixtepec con Mexicana de Aviaci\u00f3n&#8230;<\/p>\n","protected":false},"author":4,"featured_media":24151,"comment_status":"","ping_status":"open","sticky":false,"template":"","format":"standard","meta":{"footnotes":""},"categories":[9],"tags":[],"jetpack_sharing_enabled":true,"featured_image_urls":{"full":["https:\/\/contextoanalisisperiodistico.com\/wp-content\/uploads\/2024\/02\/IMG-20240202-WA0020.jpg",1600,1034,false],"thumbnail":["https:\/\/contextoanalisisperiodistico.com\/wp-content\/uploads\/2024\/02\/IMG-20240202-WA0020-150x150.jpg",150,150,true],"medium":["https:\/\/contextoanalisisperiodistico.com\/wp-content\/uploads\/2024\/02\/IMG-20240202-WA0020-300x194.jpg",300,194,true],"medium_large":["https:\/\/contextoanalisisperiodistico.com\/wp-content\/uploads\/2024\/02\/IMG-20240202-WA0020-768x496.jpg",640,413,true],"large":["https:\/\/contextoanalisisperiodistico.com\/wp-content\/uploads\/2024\/02\/IMG-20240202-WA0020-1024x662.jpg",640,414,true],"1536x1536":["https:\/\/contextoanalisisperiodistico.com\/wp-content\/uploads\/2024\/02\/IMG-20240202-WA0020-1536x993.jpg",1536,993,true],"2048x2048":["https:\/\/contextoanalisisperiodistico.com\/wp-content\/uploads\/2024\/02\/IMG-20240202-WA0020.jpg",1600,1034,false],"covernews-slider-full":["https:\/\/contextoanalisisperiodistico.com\/wp-content\/uploads\/2024\/02\/IMG-20240202-WA0020-1115x715.jpg",1115,715,true],"covernews-slider-center":["https:\/\/contextoanalisisperiodistico.com\/wp-content\/uploads\/2024\/02\/IMG-20240202-WA0020-800x500.jpg",800,500,true],"covernews-featured":["https:\/\/contextoanalisisperiodistico.com\/wp-content\/uploads\/2024\/02\/IMG-20240202-WA0020-1024x662.jpg",1024,662,true],"covernews-medium":["https:\/\/contextoanalisisperiodistico.com\/wp-content\/uploads\/2024\/02\/IMG-20240202-WA0020-540x340.jpg",540,340,true],"covernews-medium-square":["https:\/\/contextoanalisisperiodistico.com\/wp-content\/uploads\/2024\/02\/IMG-20240202-WA0020-400x250.jpg",400,250,true]},"author_info":{"display_name":"Mario Gir\u00f3n","author_link":"https:\/\/contextoanalisisperiodistico.com\/index.php\/author\/director\/"},"category_info":"<a href=\"https:\/\/contextoanalisisperiodistico.com\/index.php\/category\/politica\/\" rel=\"category tag\">Pol\u00edtica<\/a>","tag_info":"Pol\u00edtica","comment_count":"0","jetpack_featured_media_url":"https:\/\/contextoanalisisperiodistico.com\/wp-content\/uploads\/2024\/02\/IMG-20240202-WA0020.jpg","_links":{"self":[{"href":"https:\/\/contextoanalisisperiodistico.com\/index.php\/wp-json\/wp\/v2\/posts\/24159"}],"collection":[{"href":"https:\/\/contextoanalisisperiodistico.com\/index.php\/wp-json\/wp\/v2\/posts"}],"about":[{"href":"https:\/\/contextoanalisisperiodistico.com\/index.php\/wp-json\/wp\/v2\/types\/post"}],"author":[{"embeddable":true,"href":"https:\/\/contextoanalisisperiodistico.com\/index.php\/wp-json\/wp\/v2\/users\/4"}],"replies":[{"embeddable":true,"href":"https:\/\/contextoanalisisperiodistico.com\/index.php\/wp-json\/wp\/v2\/comments?post=24159"}],"version-history":[{"count":0,"href":"https:\/\/contextoanalisisperiodistico.com\/index.php\/wp-json\/wp\/v2\/posts\/24159\/revisions"}],"wp:featuredmedia":[{"embeddable":true,"href":"https:\/\/contextoanalisisperiodistico.com\/index.php\/wp-json\/wp\/v2\/media\/24151"}],"wp:attachment":[{"href":"https:\/\/contextoanalisisperiodistico.com\/index.php\/wp-json\/wp\/v2\/media?parent=24159"}],"wp:term":[{"taxonomy":"category","embeddable":true,"href":"https:\/\/contextoanalisisperiodistico.com\/index.php\/wp-json\/wp\/v2\/categories?post=24159"},{"taxonomy":"post_tag","embeddable":true,"href":"https:\/\/contextoanalisisperiodistico.com\/index.php\/wp-json\/wp\/v2\/tags?post=24159"}],"curies":[{"name":"wp","href":"https:\/\/api.w.org\/{rel}","templated":true}]}}