{"id":24139,"date":"2024-02-01T18:23:00","date_gmt":"2024-02-02T00:23:00","guid":{"rendered":"https:\/\/contextoanalisisperiodistico.com\/index.php\/2024\/02\/01\/impulsa-gobierno-municipal-economia-de-las-familias\/"},"modified":"2024-02-01T18:23:00","modified_gmt":"2024-02-02T00:23:00","slug":"impulsa-gobierno-municipal-economia-de-las-familias","status":"publish","type":"post","link":"https:\/\/contextoanalisisperiodistico.com\/index.php\/2024\/02\/01\/impulsa-gobierno-municipal-economia-de-las-familias\/","title":{"rendered":"Impulsa Gobierno municipal econom\u00eda de las familias"},"content":{"rendered":"<div id=\"fb-root\"><\/div>\n\n<p>\u00b7&nbsp;&nbsp;&nbsp;&nbsp;&nbsp;&nbsp;&nbsp;&nbsp;&nbsp;Las y los beneficiarios ahora podr\u00e1n producir huevo org\u00e1nico para el autoconsumo y comercializaci\u00f3n, con lo que el gobierno de Oaxaca de Ju\u00e1rez les brinda oportunidades para iniciar un negocio propio.<\/p>\n\n\n\n<figure class=\"wp-block-image size-large\"><img fetchpriority=\"high\" decoding=\"async\" width=\"1024\" height=\"685\" src=\"https:\/\/contextoanalisisperiodistico.com\/wp-content\/uploads\/2024\/02\/boletC3ADn01-02-24282298012274708983855192-1024x685.jpg\" alt=\"\" class=\"wp-image-24138\" srcset=\"https:\/\/contextoanalisisperiodistico.com\/wp-content\/uploads\/2024\/02\/boletC3ADn01-02-24282298012274708983855192-1024x685.jpg 1024w, https:\/\/contextoanalisisperiodistico.com\/wp-content\/uploads\/2024\/02\/boletC3ADn01-02-24282298012274708983855192-300x201.jpg 300w, https:\/\/contextoanalisisperiodistico.com\/wp-content\/uploads\/2024\/02\/boletC3ADn01-02-24282298012274708983855192-768x514.jpg 768w, https:\/\/contextoanalisisperiodistico.com\/wp-content\/uploads\/2024\/02\/boletC3ADn01-02-24282298012274708983855192-1536x1028.jpg 1536w, https:\/\/contextoanalisisperiodistico.com\/wp-content\/uploads\/2024\/02\/boletC3ADn01-02-24282298012274708983855192.jpg 2000w\" sizes=\"(max-width: 1024px) 100vw, 1024px\" \/><\/figure>\n\n\n\n<figure class=\"wp-block-image\"><img decoding=\"async\" width=\"1024\" height=\"685\" src=\"https:\/\/contextoanalisisperiodistico.com\/wp-content\/uploads\/2024\/02\/boletC3ADn01-02-24281295097567091536762004-1024x685.jpg\" alt=\"\" class=\"wp-image-24137\" srcset=\"https:\/\/contextoanalisisperiodistico.com\/wp-content\/uploads\/2024\/02\/boletC3ADn01-02-24281295097567091536762004-1024x685.jpg 1024w, https:\/\/contextoanalisisperiodistico.com\/wp-content\/uploads\/2024\/02\/boletC3ADn01-02-24281295097567091536762004-300x201.jpg 300w, https:\/\/contextoanalisisperiodistico.com\/wp-content\/uploads\/2024\/02\/boletC3ADn01-02-24281295097567091536762004-768x513.jpg 768w, https:\/\/contextoanalisisperiodistico.com\/wp-content\/uploads\/2024\/02\/boletC3ADn01-02-24281295097567091536762004-1536x1027.jpg 1536w, https:\/\/contextoanalisisperiodistico.com\/wp-content\/uploads\/2024\/02\/boletC3ADn01-02-24281295097567091536762004.jpg 2000w\" sizes=\"(max-width: 1024px) 100vw, 1024px\" \/><\/figure>\n\n\n\n<p>Oaxaca de Ju\u00e1rez, Oax., a 01 de febrero de 2024.- En el marco del Proyecto de Opciones Productivas, el Ayuntamiento de Oaxaca de Ju\u00e1rez, a trav\u00e9s de la Secretar\u00eda de Bienestar Municipal, llev\u00f3 a cabo una entrega de 68 M\u00f3dulos Av\u00edcolas en la modalidad de Granja Av\u00edcola Familiar,<\/p>\n\n\n\n<p>Este programa tiene como objetivo impactar de manera positiva en la econom\u00eda de las familias locales, proporcionando las herramientas y conocimientos necesarios para criar aves de corral de manera exitosa.<\/p>\n\n\n\n<p>La entrega de estos m\u00f3dulos av\u00edcolas no solo brinda la oportunidad de disfrutar de los beneficios de contar con una granja av\u00edcola familiar, sino que tambi\u00e9n permite generar ingresos adicionales para las familias y contribuir al crecimiento econ\u00f3mico de la comunidad.<\/p>\n\n\n\n<p>En este sentido, cada beneficiario recibi\u00f3 un m\u00f3dulo av\u00edcola, que consta de gallinas de postura, as\u00ed como un bulto de 40 kilos de alimento, adem\u00e1s de que se les brinda a las beneficiarias el acompa\u00f1amiento y asesor\u00eda para llevar a cabo esta acci\u00f3n.<\/p>\n\n\n\n<p>El Secretario de Bienestar Municipal, Daniel Constantino Le\u00f3n, resalt\u00f3 que durante esta administraci\u00f3n se han beneficiado alrededor de 700 familias que recibieron m\u00f3dulos av\u00edcolas, cun\u00edcolas, caprinos y huertos comunitarios y familiares en diversas agencias y colonias del municipio de Oaxaca de Ju\u00e1rez.<\/p>\n\n\n\n<p>Por su parte, la Encargada de Despacho de la Presidencia Municipal, Judith Carre\u00f1o Hern\u00e1ndez, enfatiz\u00f3 la importancia de asegurar que este tipo de proyectos lleguen realmente a los n\u00facleos familiares que m\u00e1s lo necesitan, y expres\u00f3 que en el municipio se continuar\u00e1 brindando apoyo para el crecimiento econ\u00f3mico de sus habitantes.<\/p>\n\n\n\n<p>Con estas acciones, el gobierno municipal, contin\u00faa brindando herramientas que impulsan la econom\u00eda familiar y el emprendimiento, con el fin de que los capitalinos vivan en mejores condiciones y con oportunidades de crecimiento econ\u00f3mico.<\/p>\n\n\n\n<figure class=\"wp-block-image\"><img decoding=\"async\" src=\"https:\/\/ci3.googleusercontent.com\/mail-sig\/AIorK4wzeRVgXLPvG6qQZMJETmqXqx6tcjBQ0X1ZeZYt0uURZRwCwvCyOXNmGHyKIfy0BpNZ_I1UCHk\" alt=\"\"\/><\/figure>\n","protected":false},"excerpt":{"rendered":"<p>\u00b7&nbsp;&nbsp;&nbsp;&nbsp;&nbsp;&nbsp;&nbsp;&nbsp;&nbsp;Las y los beneficiarios ahora podr\u00e1n producir huevo org\u00e1nico para el autoconsumo y comercializaci\u00f3n, con&#8230;<\/p>\n","protected":false},"author":4,"featured_media":24136,"comment_status":"","ping_status":"open","sticky":false,"template":"","format":"standard","meta":{"footnotes":""},"categories":[9],"tags":[],"jetpack_sharing_enabled":true,"featured_image_urls":{"full":["https:\/\/contextoanalisisperiodistico.com\/wp-content\/uploads\/2024\/02\/BoletC3ADn01-02-2428329.jpeg",1024,685,false],"thumbnail":["https:\/\/contextoanalisisperiodistico.com\/wp-content\/uploads\/2024\/02\/BoletC3ADn01-02-2428329-150x150.jpeg",150,150,true],"medium":["https:\/\/contextoanalisisperiodistico.com\/wp-content\/uploads\/2024\/02\/BoletC3ADn01-02-2428329-300x201.jpeg",300,201,true],"medium_large":["https:\/\/contextoanalisisperiodistico.com\/wp-content\/uploads\/2024\/02\/BoletC3ADn01-02-2428329-768x514.jpeg",640,428,true],"large":["https:\/\/contextoanalisisperiodistico.com\/wp-content\/uploads\/2024\/02\/BoletC3ADn01-02-2428329.jpeg",640,428,false],"1536x1536":["https:\/\/contextoanalisisperiodistico.com\/wp-content\/uploads\/2024\/02\/BoletC3ADn01-02-2428329.jpeg",1024,685,false],"2048x2048":["https:\/\/contextoanalisisperiodistico.com\/wp-content\/uploads\/2024\/02\/BoletC3ADn01-02-2428329.jpeg",1024,685,false],"covernews-slider-full":["https:\/\/contextoanalisisperiodistico.com\/wp-content\/uploads\/2024\/02\/BoletC3ADn01-02-2428329.jpeg",1024,685,false],"covernews-slider-center":["https:\/\/contextoanalisisperiodistico.com\/wp-content\/uploads\/2024\/02\/BoletC3ADn01-02-2428329-800x500.jpeg",800,500,true],"covernews-featured":["https:\/\/contextoanalisisperiodistico.com\/wp-content\/uploads\/2024\/02\/BoletC3ADn01-02-2428329.jpeg",1024,685,false],"covernews-medium":["https:\/\/contextoanalisisperiodistico.com\/wp-content\/uploads\/2024\/02\/BoletC3ADn01-02-2428329-540x340.jpeg",540,340,true],"covernews-medium-square":["https:\/\/contextoanalisisperiodistico.com\/wp-content\/uploads\/2024\/02\/BoletC3ADn01-02-2428329-400x250.jpeg",400,250,true]},"author_info":{"display_name":"Mario Gir\u00f3n","author_link":"https:\/\/contextoanalisisperiodistico.com\/index.php\/author\/director\/"},"category_info":"<a href=\"https:\/\/contextoanalisisperiodistico.com\/index.php\/category\/politica\/\" rel=\"category tag\">Pol\u00edtica<\/a>","tag_info":"Pol\u00edtica","comment_count":"0","jetpack_featured_media_url":"https:\/\/contextoanalisisperiodistico.com\/wp-content\/uploads\/2024\/02\/BoletC3ADn01-02-2428329.jpeg","_links":{"self":[{"href":"https:\/\/contextoanalisisperiodistico.com\/index.php\/wp-json\/wp\/v2\/posts\/24139"}],"collection":[{"href":"https:\/\/contextoanalisisperiodistico.com\/index.php\/wp-json\/wp\/v2\/posts"}],"about":[{"href":"https:\/\/contextoanalisisperiodistico.com\/index.php\/wp-json\/wp\/v2\/types\/post"}],"author":[{"embeddable":true,"href":"https:\/\/contextoanalisisperiodistico.com\/index.php\/wp-json\/wp\/v2\/users\/4"}],"replies":[{"embeddable":true,"href":"https:\/\/contextoanalisisperiodistico.com\/index.php\/wp-json\/wp\/v2\/comments?post=24139"}],"version-history":[{"count":0,"href":"https:\/\/contextoanalisisperiodistico.com\/index.php\/wp-json\/wp\/v2\/posts\/24139\/revisions"}],"wp:featuredmedia":[{"embeddable":true,"href":"https:\/\/contextoanalisisperiodistico.com\/index.php\/wp-json\/wp\/v2\/media\/24136"}],"wp:attachment":[{"href":"https:\/\/contextoanalisisperiodistico.com\/index.php\/wp-json\/wp\/v2\/media?parent=24139"}],"wp:term":[{"taxonomy":"category","embeddable":true,"href":"https:\/\/contextoanalisisperiodistico.com\/index.php\/wp-json\/wp\/v2\/categories?post=24139"},{"taxonomy":"post_tag","embeddable":true,"href":"https:\/\/contextoanalisisperiodistico.com\/index.php\/wp-json\/wp\/v2\/tags?post=24139"}],"curies":[{"name":"wp","href":"https:\/\/api.w.org\/{rel}","templated":true}]}}