{"id":24121,"date":"2024-02-01T16:09:04","date_gmt":"2024-02-01T22:09:04","guid":{"rendered":"https:\/\/contextoanalisisperiodistico.com\/?p=24121"},"modified":"2024-02-01T16:09:31","modified_gmt":"2024-02-01T22:09:31","slug":"realizan-jornada-de-vacunacion-en-ciudad-administrativa","status":"publish","type":"post","link":"https:\/\/contextoanalisisperiodistico.com\/index.php\/2024\/02\/01\/realizan-jornada-de-vacunacion-en-ciudad-administrativa\/","title":{"rendered":"Realizan jornada de vacunaci\u00f3n en Ciudad Administrativa"},"content":{"rendered":"<div id=\"fb-root\"><\/div>\n\n<p>\u2022 La Secretar\u00eda de Administraci\u00f3n llev\u00f3 a cabo esta acci\u00f3n en la que se aplicaron mil biol\u00f3gicos contra Covid-19, neumococo e influenza al personal y visitantes del complejo gubernamental<\/p>\n\n\n\n<figure class=\"wp-block-image size-large\"><img fetchpriority=\"high\" decoding=\"async\" width=\"1024\" height=\"576\" src=\"https:\/\/contextoanalisisperiodistico.com\/wp-content\/uploads\/2024\/02\/img-20240201-wa00438824128275231713274-1024x576.jpg\" alt=\"\" class=\"wp-image-24119\" srcset=\"https:\/\/contextoanalisisperiodistico.com\/wp-content\/uploads\/2024\/02\/img-20240201-wa00438824128275231713274-1024x576.jpg 1024w, https:\/\/contextoanalisisperiodistico.com\/wp-content\/uploads\/2024\/02\/img-20240201-wa00438824128275231713274-300x169.jpg 300w, https:\/\/contextoanalisisperiodistico.com\/wp-content\/uploads\/2024\/02\/img-20240201-wa00438824128275231713274-768x432.jpg 768w, https:\/\/contextoanalisisperiodistico.com\/wp-content\/uploads\/2024\/02\/img-20240201-wa00438824128275231713274-1536x864.jpg 1536w, https:\/\/contextoanalisisperiodistico.com\/wp-content\/uploads\/2024\/02\/img-20240201-wa00438824128275231713274.jpg 1600w\" sizes=\"(max-width: 1024px) 100vw, 1024px\" \/><\/figure>\n\n\n\n<figure class=\"wp-block-image\"><img decoding=\"async\" width=\"1024\" height=\"576\" src=\"https:\/\/contextoanalisisperiodistico.com\/wp-content\/uploads\/2024\/02\/img-20240201-wa00448545209598138954221-1024x576.jpg\" alt=\"\" class=\"wp-image-24120\" srcset=\"https:\/\/contextoanalisisperiodistico.com\/wp-content\/uploads\/2024\/02\/img-20240201-wa00448545209598138954221-1024x576.jpg 1024w, https:\/\/contextoanalisisperiodistico.com\/wp-content\/uploads\/2024\/02\/img-20240201-wa00448545209598138954221-300x169.jpg 300w, https:\/\/contextoanalisisperiodistico.com\/wp-content\/uploads\/2024\/02\/img-20240201-wa00448545209598138954221-768x432.jpg 768w, https:\/\/contextoanalisisperiodistico.com\/wp-content\/uploads\/2024\/02\/img-20240201-wa00448545209598138954221-1536x864.jpg 1536w, https:\/\/contextoanalisisperiodistico.com\/wp-content\/uploads\/2024\/02\/img-20240201-wa00448545209598138954221.jpg 1600w\" sizes=\"(max-width: 1024px) 100vw, 1024px\" \/><\/figure>\n\n\n\n<figure class=\"wp-block-image\"><img decoding=\"async\" width=\"1024\" height=\"576\" src=\"https:\/\/contextoanalisisperiodistico.com\/wp-content\/uploads\/2024\/02\/img-20240201-wa00457494200040593087119-1024x576.jpg\" alt=\"\" class=\"wp-image-24118\" srcset=\"https:\/\/contextoanalisisperiodistico.com\/wp-content\/uploads\/2024\/02\/img-20240201-wa00457494200040593087119-1024x576.jpg 1024w, https:\/\/contextoanalisisperiodistico.com\/wp-content\/uploads\/2024\/02\/img-20240201-wa00457494200040593087119-300x169.jpg 300w, https:\/\/contextoanalisisperiodistico.com\/wp-content\/uploads\/2024\/02\/img-20240201-wa00457494200040593087119-768x432.jpg 768w, https:\/\/contextoanalisisperiodistico.com\/wp-content\/uploads\/2024\/02\/img-20240201-wa00457494200040593087119-1536x864.jpg 1536w, https:\/\/contextoanalisisperiodistico.com\/wp-content\/uploads\/2024\/02\/img-20240201-wa00457494200040593087119.jpg 1600w\" sizes=\"(max-width: 1024px) 100vw, 1024px\" \/><\/figure>\n\n\n\n<p>Tlalixtac de Cabrera, Oax. 1 de febrero de 2024.- Como parte de la Pol\u00edtica Nacional de Vacunaci\u00f3n para la prevenci\u00f3n de enfermedades respiratorias durante la temporada invernal, la Secretar\u00eda de Administraci\u00f3n llev\u00f3 a cabo durante dos d\u00edas una jornada de inoculaci\u00f3n contra Covid-19, neumococo e influenza para el personal y visitantes de Ciudad Administrativa Benem\u00e9rito de las Am\u00e9ricas.<\/p>\n\n\n\n<p>El encargado de despacho de la Secretar\u00eda de Administraci\u00f3n Noel Hern\u00e1ndez Rito, indic\u00f3 que estas acciones son impulsadas por el gobierno que encabeza Salom\u00f3n Jara Cruz para cuidar la salud de la poblaci\u00f3n oaxaque\u00f1a, principalmente de quienes laboran en los complejos administrativos de mayor concentraci\u00f3n de personas.<\/p>\n\n\n\n<p>Se\u00f1al\u00f3 la importancia de la vacunaci\u00f3n contra estas enfermedades ya que son de gran ayuda para evitar complicaciones, por lo que invit\u00f3 al personal a que se proteja con los biol\u00f3gicos.<\/p>\n\n\n\n<p>Explic\u00f3 que al complejo administrativo acudi\u00f3 una brigada de vacunaci\u00f3n, ya que en muchas ocasiones por los horarios es complicado que las y los trabajadores acudan a los centros de salud para recibir esta atenci\u00f3n.<\/p>\n\n\n\n<p>En tanto, el enfermero V\u00edctor Valeriano se\u00f1al\u00f3 que, durante estos d\u00edas, personal de los Servicios de Salud de Oaxaca (SSO) administr\u00f3 en el complejo de Ciudad Administrativa 200 dosis contra Covid-19, 400 contra neumococo y 400 contra influenza, lo que suma mil vacunas.<\/p>\n\n\n\n<p>La jornada de vacunaci\u00f3n fue supervisada por la directora de la Facultad de Enfermer\u00eda y Obstetricia de la Benem\u00e9rita Universidad de Oaxaca, Blanca Estela Garay Salda\u00f1a y la coordinadora de Vacunaci\u00f3n de la Jurisdicci\u00f3n 01 Valles Centrales de los SSO, Dolores Garc\u00eda.<\/p>\n\n\n\n<p>-0-<\/p>\n","protected":false},"excerpt":{"rendered":"<p>\u2022 La Secretar\u00eda de Administraci\u00f3n llev\u00f3 a cabo esta acci\u00f3n en la que se aplicaron&#8230;<\/p>\n","protected":false},"author":4,"featured_media":24117,"comment_status":"closed","ping_status":"open","sticky":false,"template":"","format":"standard","meta":{"footnotes":""},"categories":[92],"tags":[],"jetpack_sharing_enabled":true,"featured_image_urls":{"full":["https:\/\/contextoanalisisperiodistico.com\/wp-content\/uploads\/2024\/02\/IMG-20240201-WA0048.jpg",1600,900,false],"thumbnail":["https:\/\/contextoanalisisperiodistico.com\/wp-content\/uploads\/2024\/02\/IMG-20240201-WA0048-150x150.jpg",150,150,true],"medium":["https:\/\/contextoanalisisperiodistico.com\/wp-content\/uploads\/2024\/02\/IMG-20240201-WA0048-300x169.jpg",300,169,true],"medium_large":["https:\/\/contextoanalisisperiodistico.com\/wp-content\/uploads\/2024\/02\/IMG-20240201-WA0048-768x432.jpg",640,360,true],"large":["https:\/\/contextoanalisisperiodistico.com\/wp-content\/uploads\/2024\/02\/IMG-20240201-WA0048-1024x576.jpg",640,360,true],"1536x1536":["https:\/\/contextoanalisisperiodistico.com\/wp-content\/uploads\/2024\/02\/IMG-20240201-WA0048-1536x864.jpg",1536,864,true],"2048x2048":["https:\/\/contextoanalisisperiodistico.com\/wp-content\/uploads\/2024\/02\/IMG-20240201-WA0048.jpg",1600,900,false],"covernews-slider-full":["https:\/\/contextoanalisisperiodistico.com\/wp-content\/uploads\/2024\/02\/IMG-20240201-WA0048-1115x715.jpg",1115,715,true],"covernews-slider-center":["https:\/\/contextoanalisisperiodistico.com\/wp-content\/uploads\/2024\/02\/IMG-20240201-WA0048-800x500.jpg",800,500,true],"covernews-featured":["https:\/\/contextoanalisisperiodistico.com\/wp-content\/uploads\/2024\/02\/IMG-20240201-WA0048-1024x576.jpg",1024,576,true],"covernews-medium":["https:\/\/contextoanalisisperiodistico.com\/wp-content\/uploads\/2024\/02\/IMG-20240201-WA0048-540x340.jpg",540,340,true],"covernews-medium-square":["https:\/\/contextoanalisisperiodistico.com\/wp-content\/uploads\/2024\/02\/IMG-20240201-WA0048-400x250.jpg",400,250,true]},"author_info":{"display_name":"Mario Gir\u00f3n","author_link":"https:\/\/contextoanalisisperiodistico.com\/index.php\/author\/director\/"},"category_info":"<a href=\"https:\/\/contextoanalisisperiodistico.com\/index.php\/category\/salud\/\" rel=\"category tag\">Salud<\/a>","tag_info":"Salud","comment_count":"0","jetpack_featured_media_url":"https:\/\/contextoanalisisperiodistico.com\/wp-content\/uploads\/2024\/02\/IMG-20240201-WA0048.jpg","_links":{"self":[{"href":"https:\/\/contextoanalisisperiodistico.com\/index.php\/wp-json\/wp\/v2\/posts\/24121"}],"collection":[{"href":"https:\/\/contextoanalisisperiodistico.com\/index.php\/wp-json\/wp\/v2\/posts"}],"about":[{"href":"https:\/\/contextoanalisisperiodistico.com\/index.php\/wp-json\/wp\/v2\/types\/post"}],"author":[{"embeddable":true,"href":"https:\/\/contextoanalisisperiodistico.com\/index.php\/wp-json\/wp\/v2\/users\/4"}],"replies":[{"embeddable":true,"href":"https:\/\/contextoanalisisperiodistico.com\/index.php\/wp-json\/wp\/v2\/comments?post=24121"}],"version-history":[{"count":1,"href":"https:\/\/contextoanalisisperiodistico.com\/index.php\/wp-json\/wp\/v2\/posts\/24121\/revisions"}],"predecessor-version":[{"id":24122,"href":"https:\/\/contextoanalisisperiodistico.com\/index.php\/wp-json\/wp\/v2\/posts\/24121\/revisions\/24122"}],"wp:featuredmedia":[{"embeddable":true,"href":"https:\/\/contextoanalisisperiodistico.com\/index.php\/wp-json\/wp\/v2\/media\/24117"}],"wp:attachment":[{"href":"https:\/\/contextoanalisisperiodistico.com\/index.php\/wp-json\/wp\/v2\/media?parent=24121"}],"wp:term":[{"taxonomy":"category","embeddable":true,"href":"https:\/\/contextoanalisisperiodistico.com\/index.php\/wp-json\/wp\/v2\/categories?post=24121"},{"taxonomy":"post_tag","embeddable":true,"href":"https:\/\/contextoanalisisperiodistico.com\/index.php\/wp-json\/wp\/v2\/tags?post=24121"}],"curies":[{"name":"wp","href":"https:\/\/api.w.org\/{rel}","templated":true}]}}