{"id":24116,"date":"2024-02-01T14:51:30","date_gmt":"2024-02-01T20:51:30","guid":{"rendered":"https:\/\/contextoanalisisperiodistico.com\/index.php\/2024\/02\/01\/visitan-representantes-de-las-embajadas-britanica-y-canadiense-el-c4-de-la-sspc\/"},"modified":"2024-02-01T14:51:30","modified_gmt":"2024-02-01T20:51:30","slug":"visitan-representantes-de-las-embajadas-britanica-y-canadiense-el-c4-de-la-sspc","status":"publish","type":"post","link":"https:\/\/contextoanalisisperiodistico.com\/index.php\/2024\/02\/01\/visitan-representantes-de-las-embajadas-britanica-y-canadiense-el-c4-de-la-sspc\/","title":{"rendered":"Visitan representantes de las embajadas brit\u00e1nica y canadiense el C4 de la SSPC"},"content":{"rendered":"<div id=\"fb-root\"><\/div>\n\n<p>\u2022 Constataron la importancia del trabajo coordinado de las instancias de seguridad p\u00fablica para garantizar a connacionales y extranjeros una estancia y retorno seguro a sus lugares de origen<\/p>\n\n\n\n<figure class=\"wp-block-image size-large\"><img fetchpriority=\"high\" decoding=\"async\" width=\"1024\" height=\"768\" src=\"https:\/\/contextoanalisisperiodistico.com\/wp-content\/uploads\/2024\/02\/img-20240201-wa00341368251376721195434.jpg\" alt=\"\" class=\"wp-image-24113\" srcset=\"https:\/\/contextoanalisisperiodistico.com\/wp-content\/uploads\/2024\/02\/img-20240201-wa00341368251376721195434.jpg 1024w, https:\/\/contextoanalisisperiodistico.com\/wp-content\/uploads\/2024\/02\/img-20240201-wa00341368251376721195434-300x225.jpg 300w, https:\/\/contextoanalisisperiodistico.com\/wp-content\/uploads\/2024\/02\/img-20240201-wa00341368251376721195434-768x576.jpg 768w\" sizes=\"(max-width: 1024px) 100vw, 1024px\" \/><\/figure>\n\n\n\n<figure class=\"wp-block-image\"><img decoding=\"async\" width=\"300\" height=\"200\" src=\"https:\/\/contextoanalisisperiodistico.com\/wp-content\/uploads\/2024\/02\/img-20240201-wa0036713935636141800171-300x200.jpg\" alt=\"\" class=\"wp-image-24112\" srcset=\"https:\/\/contextoanalisisperiodistico.com\/wp-content\/uploads\/2024\/02\/img-20240201-wa0036713935636141800171-300x200.jpg 300w, https:\/\/contextoanalisisperiodistico.com\/wp-content\/uploads\/2024\/02\/img-20240201-wa0036713935636141800171-768x512.jpg 768w, https:\/\/contextoanalisisperiodistico.com\/wp-content\/uploads\/2024\/02\/img-20240201-wa0036713935636141800171.jpg 1024w\" sizes=\"(max-width: 300px) 100vw, 300px\" \/><\/figure>\n\n\n\n<figure class=\"wp-block-image\"><img decoding=\"async\" width=\"1024\" height=\"768\" src=\"https:\/\/contextoanalisisperiodistico.com\/wp-content\/uploads\/2024\/02\/img-20240201-wa0035236670564212181534-1024x768.jpg\" alt=\"\" class=\"wp-image-24114\" srcset=\"https:\/\/contextoanalisisperiodistico.com\/wp-content\/uploads\/2024\/02\/img-20240201-wa0035236670564212181534-1024x768.jpg 1024w, https:\/\/contextoanalisisperiodistico.com\/wp-content\/uploads\/2024\/02\/img-20240201-wa0035236670564212181534-300x225.jpg 300w, https:\/\/contextoanalisisperiodistico.com\/wp-content\/uploads\/2024\/02\/img-20240201-wa0035236670564212181534-768x576.jpg 768w, https:\/\/contextoanalisisperiodistico.com\/wp-content\/uploads\/2024\/02\/img-20240201-wa0035236670564212181534-1536x1152.jpg 1536w, https:\/\/contextoanalisisperiodistico.com\/wp-content\/uploads\/2024\/02\/img-20240201-wa0035236670564212181534.jpg 1600w\" sizes=\"(max-width: 1024px) 100vw, 1024px\" \/><\/figure>\n\n\n\n<figure class=\"wp-block-image\"><img loading=\"lazy\" decoding=\"async\" width=\"300\" height=\"225\" src=\"https:\/\/contextoanalisisperiodistico.com\/wp-content\/uploads\/2024\/02\/img-20240201-wa00335990169039935678347-300x225.jpg\" alt=\"\" class=\"wp-image-24115\" srcset=\"https:\/\/contextoanalisisperiodistico.com\/wp-content\/uploads\/2024\/02\/img-20240201-wa00335990169039935678347-300x225.jpg 300w, https:\/\/contextoanalisisperiodistico.com\/wp-content\/uploads\/2024\/02\/img-20240201-wa00335990169039935678347-768x576.jpg 768w, https:\/\/contextoanalisisperiodistico.com\/wp-content\/uploads\/2024\/02\/img-20240201-wa00335990169039935678347.jpg 1024w\" sizes=\"(max-width: 300px) 100vw, 300px\" \/><\/figure>\n\n\n\n<p>Oaxaca de Ju\u00e1rez, Oax. 1 de febrero de 2024. Representantes de las embajadas brit\u00e1nica y canadiense constataron las acciones que en materia de seguridad p\u00fablica realiza el Gobierno del Estado y que mantienen a la entidad en la preferencia de turistas del pa\u00eds y el extranjero, al brindarles garant\u00edas de protecci\u00f3n y tranquilidad en el territorio oaxaque\u00f1o.<\/p>\n\n\n\n<p>Las personas diplom\u00e1ticas, entre consejeras, c\u00f3nsules, vicec\u00f3nsules y oficiales consulares, visitaron las instalaciones del Centro de Control, Comando y Comunicaci\u00f3n (C4) de la Secretar\u00eda de Seguridad y Protecci\u00f3n Ciudadana (SSPC), que encabeza Iv\u00e1n Garc\u00eda \u00c1lvarez y conocieron el funcionamiento del Centro Estatal de Emergencias (CEE) y del sistema de videovigilancia en el que colaboran las corporaciones de seguridad y auxilio de los tres \u00f3rdenes de gobierno.<\/p>\n\n\n\n<p>Atestiguaron la importancia del trabajo conjunto que realizan las autoridades corresponsables de la seguridad p\u00fablica, para avanzar en la materia y garantizar a connacionales y extranjeros una estancia y retorno seguro a sus lugares de origen.<\/p>\n\n\n\n<p>El personal de la SSPC reiter\u00f3 su compromiso con la salvaguarda de la integridad f\u00edsica y patrimonial de la ciudadan\u00eda oaxaque\u00f1a y visitantes mediante la coordinaci\u00f3n de esfuerzos entre las corporaciones y los servicios de Emergencias 9-1-1 y Denuncia An\u00f3nima 089 que operan las 24 horas, los 365 d\u00edas para atender solicitudes de seguridad, protecci\u00f3n civil, m\u00e9dicas y otros incidentes.<\/p>\n\n\n\n<p>Asistieron por la Embajada de Canad\u00e1, el consejero y c\u00f3nsul en la Ciudad de M\u00e9xico, Jonathan Boisseau y la oficial consular, Carolina G\u00f3mez; por la Embajada Brit\u00e1nica, el c\u00f3nsul general en Centroam\u00e9rica y M\u00e9xico, Gary Fishery la vicec\u00f3nsul en la Ciudad de M\u00e9xico, Rosaura Ram\u00edrez.<\/p>\n\n\n\n<p>Tambi\u00e9n la vicec\u00f3nsul en Canc\u00fan, Graciela Pe\u00f1a; el vicec\u00f3nsul en Costa Rica, Andrew Castle; la vicec\u00f3nsul en Guatemala, Lourdes Taylor; la oficial consular y coordinadora de la Red en Am\u00e9rica, Karina Villarreal y la c\u00f3nsul honoraria en Oaxaca, Margaret Roberts.<\/p>\n\n\n\n<p>El Gobierno Estatal mantiene firme su compromiso de promover el bienestar y tranquilidad en las ocho regiones de Oaxaca, para el disfrute de todas y todos.<\/p>\n\n\n\n<p>-0-<\/p>\n","protected":false},"excerpt":{"rendered":"<p>\u2022 Constataron la importancia del trabajo coordinado de las instancias de seguridad p\u00fablica para garantizar&#8230;<\/p>\n","protected":false},"author":4,"featured_media":24111,"comment_status":"","ping_status":"open","sticky":false,"template":"","format":"standard","meta":{"footnotes":""},"categories":[9],"tags":[],"jetpack_sharing_enabled":true,"featured_image_urls":{"full":["https:\/\/contextoanalisisperiodistico.com\/wp-content\/uploads\/2024\/02\/IMG-20240201-WA0032.jpg",1024,768,false],"thumbnail":["https:\/\/contextoanalisisperiodistico.com\/wp-content\/uploads\/2024\/02\/IMG-20240201-WA0032-150x150.jpg",150,150,true],"medium":["https:\/\/contextoanalisisperiodistico.com\/wp-content\/uploads\/2024\/02\/IMG-20240201-WA0032-300x225.jpg",300,225,true],"medium_large":["https:\/\/contextoanalisisperiodistico.com\/wp-content\/uploads\/2024\/02\/IMG-20240201-WA0032-768x576.jpg",640,480,true],"large":["https:\/\/contextoanalisisperiodistico.com\/wp-content\/uploads\/2024\/02\/IMG-20240201-WA0032.jpg",640,480,false],"1536x1536":["https:\/\/contextoanalisisperiodistico.com\/wp-content\/uploads\/2024\/02\/IMG-20240201-WA0032.jpg",1024,768,false],"2048x2048":["https:\/\/contextoanalisisperiodistico.com\/wp-content\/uploads\/2024\/02\/IMG-20240201-WA0032.jpg",1024,768,false],"covernews-slider-full":["https:\/\/contextoanalisisperiodistico.com\/wp-content\/uploads\/2024\/02\/IMG-20240201-WA0032-1024x715.jpg",1024,715,true],"covernews-slider-center":["https:\/\/contextoanalisisperiodistico.com\/wp-content\/uploads\/2024\/02\/IMG-20240201-WA0032-800x500.jpg",800,500,true],"covernews-featured":["https:\/\/contextoanalisisperiodistico.com\/wp-content\/uploads\/2024\/02\/IMG-20240201-WA0032.jpg",1024,768,false],"covernews-medium":["https:\/\/contextoanalisisperiodistico.com\/wp-content\/uploads\/2024\/02\/IMG-20240201-WA0032-540x340.jpg",540,340,true],"covernews-medium-square":["https:\/\/contextoanalisisperiodistico.com\/wp-content\/uploads\/2024\/02\/IMG-20240201-WA0032-400x250.jpg",400,250,true]},"author_info":{"display_name":"Mario Gir\u00f3n","author_link":"https:\/\/contextoanalisisperiodistico.com\/index.php\/author\/director\/"},"category_info":"<a href=\"https:\/\/contextoanalisisperiodistico.com\/index.php\/category\/politica\/\" rel=\"category tag\">Pol\u00edtica<\/a>","tag_info":"Pol\u00edtica","comment_count":"0","jetpack_featured_media_url":"https:\/\/contextoanalisisperiodistico.com\/wp-content\/uploads\/2024\/02\/IMG-20240201-WA0032.jpg","_links":{"self":[{"href":"https:\/\/contextoanalisisperiodistico.com\/index.php\/wp-json\/wp\/v2\/posts\/24116"}],"collection":[{"href":"https:\/\/contextoanalisisperiodistico.com\/index.php\/wp-json\/wp\/v2\/posts"}],"about":[{"href":"https:\/\/contextoanalisisperiodistico.com\/index.php\/wp-json\/wp\/v2\/types\/post"}],"author":[{"embeddable":true,"href":"https:\/\/contextoanalisisperiodistico.com\/index.php\/wp-json\/wp\/v2\/users\/4"}],"replies":[{"embeddable":true,"href":"https:\/\/contextoanalisisperiodistico.com\/index.php\/wp-json\/wp\/v2\/comments?post=24116"}],"version-history":[{"count":0,"href":"https:\/\/contextoanalisisperiodistico.com\/index.php\/wp-json\/wp\/v2\/posts\/24116\/revisions"}],"wp:featuredmedia":[{"embeddable":true,"href":"https:\/\/contextoanalisisperiodistico.com\/index.php\/wp-json\/wp\/v2\/media\/24111"}],"wp:attachment":[{"href":"https:\/\/contextoanalisisperiodistico.com\/index.php\/wp-json\/wp\/v2\/media?parent=24116"}],"wp:term":[{"taxonomy":"category","embeddable":true,"href":"https:\/\/contextoanalisisperiodistico.com\/index.php\/wp-json\/wp\/v2\/categories?post=24116"},{"taxonomy":"post_tag","embeddable":true,"href":"https:\/\/contextoanalisisperiodistico.com\/index.php\/wp-json\/wp\/v2\/tags?post=24116"}],"curies":[{"name":"wp","href":"https:\/\/api.w.org\/{rel}","templated":true}]}}