{"id":24016,"date":"2024-01-30T17:20:56","date_gmt":"2024-01-30T23:20:56","guid":{"rendered":"https:\/\/contextoanalisisperiodistico.com\/index.php\/2024\/01\/30\/acuerda-mariano-matamoros-santiago-pinotepa-nacional-respetar-colindancia-de-zona-federal-maritima\/"},"modified":"2024-01-30T17:20:56","modified_gmt":"2024-01-30T23:20:56","slug":"acuerda-mariano-matamoros-santiago-pinotepa-nacional-respetar-colindancia-de-zona-federal-maritima","status":"publish","type":"post","link":"https:\/\/contextoanalisisperiodistico.com\/index.php\/2024\/01\/30\/acuerda-mariano-matamoros-santiago-pinotepa-nacional-respetar-colindancia-de-zona-federal-maritima\/","title":{"rendered":"Acuerda Mariano Matamoros, Santiago Pinotepa Nacional respetar colindancia de zona federal mar\u00edtima"},"content":{"rendered":"<div id=\"fb-root\"><\/div>\n\n<p>\u2022 La Junta de Conciliaci\u00f3n Agraria de la Sego llev\u00f3 a cabo diversas mesas de trabajo en las que prevalecieron el di\u00e1logo para establecer acuerdos<\/p>\n\n\n\n<figure class=\"wp-block-image size-large\"><img fetchpriority=\"high\" decoding=\"async\" width=\"767\" height=\"1024\" src=\"https:\/\/contextoanalisisperiodistico.com\/wp-content\/uploads\/2024\/01\/img-20240130-wa00403553830222854670377-767x1024.jpg\" alt=\"\" class=\"wp-image-24015\" srcset=\"https:\/\/contextoanalisisperiodistico.com\/wp-content\/uploads\/2024\/01\/img-20240130-wa00403553830222854670377-767x1024.jpg 767w, https:\/\/contextoanalisisperiodistico.com\/wp-content\/uploads\/2024\/01\/img-20240130-wa00403553830222854670377-225x300.jpg 225w, https:\/\/contextoanalisisperiodistico.com\/wp-content\/uploads\/2024\/01\/img-20240130-wa00403553830222854670377-768x1025.jpg 768w, https:\/\/contextoanalisisperiodistico.com\/wp-content\/uploads\/2024\/01\/img-20240130-wa00403553830222854670377-1151x1536.jpg 1151w, https:\/\/contextoanalisisperiodistico.com\/wp-content\/uploads\/2024\/01\/img-20240130-wa00403553830222854670377-1024x1366.jpg 1024w, https:\/\/contextoanalisisperiodistico.com\/wp-content\/uploads\/2024\/01\/img-20240130-wa00403553830222854670377.jpg 1199w\" sizes=\"(max-width: 767px) 100vw, 767px\" \/><\/figure>\n\n\n\n<figure class=\"wp-block-image\"><img decoding=\"async\" width=\"767\" height=\"1024\" src=\"https:\/\/contextoanalisisperiodistico.com\/wp-content\/uploads\/2024\/01\/img-20240130-wa00413162436465949733844-767x1024.jpg\" alt=\"\" class=\"wp-image-24014\" srcset=\"https:\/\/contextoanalisisperiodistico.com\/wp-content\/uploads\/2024\/01\/img-20240130-wa00413162436465949733844-767x1024.jpg 767w, https:\/\/contextoanalisisperiodistico.com\/wp-content\/uploads\/2024\/01\/img-20240130-wa00413162436465949733844-225x300.jpg 225w, https:\/\/contextoanalisisperiodistico.com\/wp-content\/uploads\/2024\/01\/img-20240130-wa00413162436465949733844-768x1025.jpg 768w, https:\/\/contextoanalisisperiodistico.com\/wp-content\/uploads\/2024\/01\/img-20240130-wa00413162436465949733844-1151x1536.jpg 1151w, https:\/\/contextoanalisisperiodistico.com\/wp-content\/uploads\/2024\/01\/img-20240130-wa00413162436465949733844-1024x1366.jpg 1024w, https:\/\/contextoanalisisperiodistico.com\/wp-content\/uploads\/2024\/01\/img-20240130-wa00413162436465949733844.jpg 1199w\" sizes=\"(max-width: 767px) 100vw, 767px\" \/><\/figure>\n\n\n\n<p>Oaxaca de Ju\u00e1rez, Oax. 30 de enero de 2024.- Despu\u00e9s de un conflicto por m\u00e1s de 27 a\u00f1os, originado por el desconocimiento de 12 mil 137.665 metros lineales de colindancia que ocasionaron invasiones a la Zona Federal Mar\u00edtimo Terrestre (Zofemat), personas ejidatarias del Nuevo Centro de Poblaci\u00f3n Ejidal Mariano Matamoros, del municipio de Santiago Pinotepa Nacional, firmaron un convenio de colaboraci\u00f3n con el Comisariado de esta localidad con la finalidad de ratificar la l\u00ednea lim\u00edtrofe con el Oc\u00e9ano Pac\u00edfico.<\/p>\n\n\n\n<p>En el marco de los lineamientos del Eje Paz Territorial del programa de Paz con Justicia y Bienestar para el Pueblo de Oaxaca, la Junta de Conciliaci\u00f3n Agraria de la Secretar\u00eda de Gobierno (Sego) llev\u00f3 a cabo diversas mesas de trabajo en las que prevalecieron el di\u00e1logo para establecer acuerdos que favorezcan a la comunidad.<\/p>\n\n\n\n<p>Con este acuerdo, el Nuevo Centro de Poblaci\u00f3n Ejidal Mariano Matamoros acepta respetar la zona federal mar\u00edtima, ajustando su l\u00ednea de colindancia a lo que se\u00f1ala su carpeta b\u00e1sica.<\/p>\n\n\n\n<p>El 16 de julio de 2023 la asamblea general de ejidatarios aprob\u00f3 ubicar y ratificar la l\u00ednea de colindancia con el Oc\u00e9ano Pac\u00edfico, estos trabajos se efectuaron los d\u00edas 10, 11, y 12 de noviembre de 2023, y en esta \u00faltima fecha se autoriz\u00f3 la suscripci\u00f3n del convenio de colaboraci\u00f3n para el 26 de enero de 2024, el cual se llev\u00f3 a cabo en oficinas del Nuevo Centro de Poblaci\u00f3n Ejidal Mariano Matamoros.<\/p>\n\n\n\n<p>Mediante este convenio se logr\u00f3 la pacificaci\u00f3n de la comunidad en beneficio de 119 personas ejidatarias y sus familias.<\/p>\n\n\n\n<p>-0-<\/p>\n","protected":false},"excerpt":{"rendered":"<p>\u2022 La Junta de Conciliaci\u00f3n Agraria de la Sego llev\u00f3 a cabo diversas mesas de&#8230;<\/p>\n","protected":false},"author":4,"featured_media":24013,"comment_status":"","ping_status":"open","sticky":false,"template":"","format":"standard","meta":{"footnotes":""},"categories":[7],"tags":[],"jetpack_sharing_enabled":true,"featured_image_urls":{"full":["https:\/\/contextoanalisisperiodistico.com\/wp-content\/uploads\/2024\/01\/IMG-20240130-WA0042.jpg",1600,1111,false],"thumbnail":["https:\/\/contextoanalisisperiodistico.com\/wp-content\/uploads\/2024\/01\/IMG-20240130-WA0042-150x150.jpg",150,150,true],"medium":["https:\/\/contextoanalisisperiodistico.com\/wp-content\/uploads\/2024\/01\/IMG-20240130-WA0042-300x208.jpg",300,208,true],"medium_large":["https:\/\/contextoanalisisperiodistico.com\/wp-content\/uploads\/2024\/01\/IMG-20240130-WA0042-768x533.jpg",640,444,true],"large":["https:\/\/contextoanalisisperiodistico.com\/wp-content\/uploads\/2024\/01\/IMG-20240130-WA0042-1024x711.jpg",640,444,true],"1536x1536":["https:\/\/contextoanalisisperiodistico.com\/wp-content\/uploads\/2024\/01\/IMG-20240130-WA0042-1536x1067.jpg",1536,1067,true],"2048x2048":["https:\/\/contextoanalisisperiodistico.com\/wp-content\/uploads\/2024\/01\/IMG-20240130-WA0042.jpg",1600,1111,false],"covernews-slider-full":["https:\/\/contextoanalisisperiodistico.com\/wp-content\/uploads\/2024\/01\/IMG-20240130-WA0042-1115x715.jpg",1115,715,true],"covernews-slider-center":["https:\/\/contextoanalisisperiodistico.com\/wp-content\/uploads\/2024\/01\/IMG-20240130-WA0042-800x500.jpg",800,500,true],"covernews-featured":["https:\/\/contextoanalisisperiodistico.com\/wp-content\/uploads\/2024\/01\/IMG-20240130-WA0042-1024x711.jpg",1024,711,true],"covernews-medium":["https:\/\/contextoanalisisperiodistico.com\/wp-content\/uploads\/2024\/01\/IMG-20240130-WA0042-540x340.jpg",540,340,true],"covernews-medium-square":["https:\/\/contextoanalisisperiodistico.com\/wp-content\/uploads\/2024\/01\/IMG-20240130-WA0042-400x250.jpg",400,250,true]},"author_info":{"display_name":"Mario Gir\u00f3n","author_link":"https:\/\/contextoanalisisperiodistico.com\/index.php\/author\/director\/"},"category_info":"<a href=\"https:\/\/contextoanalisisperiodistico.com\/index.php\/category\/municipios\/\" rel=\"category tag\">Municipios<\/a>","tag_info":"Municipios","comment_count":"0","jetpack_featured_media_url":"https:\/\/contextoanalisisperiodistico.com\/wp-content\/uploads\/2024\/01\/IMG-20240130-WA0042.jpg","_links":{"self":[{"href":"https:\/\/contextoanalisisperiodistico.com\/index.php\/wp-json\/wp\/v2\/posts\/24016"}],"collection":[{"href":"https:\/\/contextoanalisisperiodistico.com\/index.php\/wp-json\/wp\/v2\/posts"}],"about":[{"href":"https:\/\/contextoanalisisperiodistico.com\/index.php\/wp-json\/wp\/v2\/types\/post"}],"author":[{"embeddable":true,"href":"https:\/\/contextoanalisisperiodistico.com\/index.php\/wp-json\/wp\/v2\/users\/4"}],"replies":[{"embeddable":true,"href":"https:\/\/contextoanalisisperiodistico.com\/index.php\/wp-json\/wp\/v2\/comments?post=24016"}],"version-history":[{"count":0,"href":"https:\/\/contextoanalisisperiodistico.com\/index.php\/wp-json\/wp\/v2\/posts\/24016\/revisions"}],"wp:featuredmedia":[{"embeddable":true,"href":"https:\/\/contextoanalisisperiodistico.com\/index.php\/wp-json\/wp\/v2\/media\/24013"}],"wp:attachment":[{"href":"https:\/\/contextoanalisisperiodistico.com\/index.php\/wp-json\/wp\/v2\/media?parent=24016"}],"wp:term":[{"taxonomy":"category","embeddable":true,"href":"https:\/\/contextoanalisisperiodistico.com\/index.php\/wp-json\/wp\/v2\/categories?post=24016"},{"taxonomy":"post_tag","embeddable":true,"href":"https:\/\/contextoanalisisperiodistico.com\/index.php\/wp-json\/wp\/v2\/tags?post=24016"}],"curies":[{"name":"wp","href":"https:\/\/api.w.org\/{rel}","templated":true}]}}