{"id":24012,"date":"2024-01-30T17:15:53","date_gmt":"2024-01-30T23:15:53","guid":{"rendered":"https:\/\/contextoanalisisperiodistico.com\/index.php\/2024\/01\/30\/en-primera-sesion-extraordinaria-ogaipo-aprueba-el-programa-anual-de-desarrollo-archivistico\/"},"modified":"2024-01-30T17:15:53","modified_gmt":"2024-01-30T23:15:53","slug":"en-primera-sesion-extraordinaria-ogaipo-aprueba-el-programa-anual-de-desarrollo-archivistico","status":"publish","type":"post","link":"https:\/\/contextoanalisisperiodistico.com\/index.php\/2024\/01\/30\/en-primera-sesion-extraordinaria-ogaipo-aprueba-el-programa-anual-de-desarrollo-archivistico\/","title":{"rendered":"En primera Sesi\u00f3n Extraordinaria, OGAIPO aprueba el programa anual de Desarrollo Archiv\u00edstico"},"content":{"rendered":"<div id=\"fb-root\"><\/div>\n\n<p>\u00b7\u00a0\u00a0\u00a0\u00a0\u00a0\u00a0\u00a0\u00a0\u00a0Su aprobaci\u00f3n permitir\u00e1 al OGAIPO implementar acciones de mejora, convirti\u00e9ndose en un referente local en la gesti\u00f3n documental.<\/p>\n\n\n\n<p><strong>&nbsp;<\/strong><\/p>\n\n\n\n<p>Oaxaca de Ju\u00e1rez, Oaxaca, a 30 de enero 2024.- Con fundamento en la Constituci\u00f3n Pol\u00edtica de los Estados Unidos Mexicanos, de la Constituci\u00f3n Pol\u00edtica del Estado Libre y Soberano de Oaxaca, de la Ley de Transparencia, Acceso a la Informaci\u00f3n P\u00fablica y Buen Gobierno del Estado de Oaxaca y del Reglamento Interno, el Consejo del \u00d3rgano Garante de Acceso a la Informaci\u00f3n P\u00fablica, Transparencia, Protecci\u00f3n de Datos Personales y Buen Gobierno del Estado de Oaxaca (OGAIPO)se realiz\u00f3 la I Sesi\u00f3n Extraordinaria 2024.<\/p>\n\n\n\n<p>&nbsp;<\/p>\n\n\n\n<p>En el desahogo de la Sesi\u00f3n, se aprob\u00f3 a trav\u00e9s de un acuerdo, el Programa Anual de Desarrollo Archiv\u00edstico para 2024. De manera virtual, fue encabezada por el Comisionado Presidente del OGAIPO, Josu\u00e9 Solana Salmor\u00e1n, con asistencia de las Comisionadas, Claudia Ivette Soto Pineda, Mar\u00eda Tanivet Ramos Reyes y X\u00f3chitl Elizabeth M\u00e9ndez S\u00e1nchez y del Comisionado Jos\u00e9 Luis Echeverr\u00eda Morales.<\/p>\n\n\n\n<p>&nbsp;<\/p>\n\n\n\n<p>El Programa Anual de Desarrollo Archiv\u00edstico (PADA), es el instrumento contempla procesos, acciones o actividades, orientados a la mejora del Sistema Institucional de Archivos (SIA), estableciendo estructuras normativas, t\u00e9cnicas y metodol\u00f3gicas para la implementaci\u00f3n de estrategias encaminadas a mejorar el proceso de organizaci\u00f3n y conservaci\u00f3n documental en los archivos de tr\u00e1mite, concentraci\u00f3n y en su caso hist\u00f3rico. Su aprobaci\u00f3n permitir\u00e1 al OGAIPO implementar acciones de mejora, convirti\u00e9ndose en un referente local en la gesti\u00f3n documental.<\/p>\n","protected":false},"excerpt":{"rendered":"<p>\u00b7\u00a0\u00a0\u00a0\u00a0\u00a0\u00a0\u00a0\u00a0\u00a0Su aprobaci\u00f3n permitir\u00e1 al OGAIPO implementar acciones de mejora, convirti\u00e9ndose en un referente local en&#8230;<\/p>\n","protected":false},"author":4,"featured_media":24011,"comment_status":"","ping_status":"open","sticky":false,"template":"","format":"standard","meta":{"footnotes":""},"categories":[9],"tags":[],"jetpack_sharing_enabled":true,"featured_image_urls":{"full":["https:\/\/contextoanalisisperiodistico.com\/wp-content\/uploads\/2024\/01\/FotoISesiC3B3nExtraordinaria.jpeg",1600,960,false],"thumbnail":["https:\/\/contextoanalisisperiodistico.com\/wp-content\/uploads\/2024\/01\/FotoISesiC3B3nExtraordinaria-150x150.jpeg",150,150,true],"medium":["https:\/\/contextoanalisisperiodistico.com\/wp-content\/uploads\/2024\/01\/FotoISesiC3B3nExtraordinaria-300x180.jpeg",300,180,true],"medium_large":["https:\/\/contextoanalisisperiodistico.com\/wp-content\/uploads\/2024\/01\/FotoISesiC3B3nExtraordinaria-768x461.jpeg",640,384,true],"large":["https:\/\/contextoanalisisperiodistico.com\/wp-content\/uploads\/2024\/01\/FotoISesiC3B3nExtraordinaria-1024x614.jpeg",640,384,true],"1536x1536":["https:\/\/contextoanalisisperiodistico.com\/wp-content\/uploads\/2024\/01\/FotoISesiC3B3nExtraordinaria-1536x922.jpeg",1536,922,true],"2048x2048":["https:\/\/contextoanalisisperiodistico.com\/wp-content\/uploads\/2024\/01\/FotoISesiC3B3nExtraordinaria.jpeg",1600,960,false],"covernews-slider-full":["https:\/\/contextoanalisisperiodistico.com\/wp-content\/uploads\/2024\/01\/FotoISesiC3B3nExtraordinaria-1115x715.jpeg",1115,715,true],"covernews-slider-center":["https:\/\/contextoanalisisperiodistico.com\/wp-content\/uploads\/2024\/01\/FotoISesiC3B3nExtraordinaria-800x500.jpeg",800,500,true],"covernews-featured":["https:\/\/contextoanalisisperiodistico.com\/wp-content\/uploads\/2024\/01\/FotoISesiC3B3nExtraordinaria-1024x614.jpeg",1024,614,true],"covernews-medium":["https:\/\/contextoanalisisperiodistico.com\/wp-content\/uploads\/2024\/01\/FotoISesiC3B3nExtraordinaria-540x340.jpeg",540,340,true],"covernews-medium-square":["https:\/\/contextoanalisisperiodistico.com\/wp-content\/uploads\/2024\/01\/FotoISesiC3B3nExtraordinaria-400x250.jpeg",400,250,true]},"author_info":{"display_name":"Mario Gir\u00f3n","author_link":"https:\/\/contextoanalisisperiodistico.com\/index.php\/author\/director\/"},"category_info":"<a href=\"https:\/\/contextoanalisisperiodistico.com\/index.php\/category\/politica\/\" rel=\"category tag\">Pol\u00edtica<\/a>","tag_info":"Pol\u00edtica","comment_count":"0","jetpack_featured_media_url":"https:\/\/contextoanalisisperiodistico.com\/wp-content\/uploads\/2024\/01\/FotoISesiC3B3nExtraordinaria.jpeg","_links":{"self":[{"href":"https:\/\/contextoanalisisperiodistico.com\/index.php\/wp-json\/wp\/v2\/posts\/24012"}],"collection":[{"href":"https:\/\/contextoanalisisperiodistico.com\/index.php\/wp-json\/wp\/v2\/posts"}],"about":[{"href":"https:\/\/contextoanalisisperiodistico.com\/index.php\/wp-json\/wp\/v2\/types\/post"}],"author":[{"embeddable":true,"href":"https:\/\/contextoanalisisperiodistico.com\/index.php\/wp-json\/wp\/v2\/users\/4"}],"replies":[{"embeddable":true,"href":"https:\/\/contextoanalisisperiodistico.com\/index.php\/wp-json\/wp\/v2\/comments?post=24012"}],"version-history":[{"count":0,"href":"https:\/\/contextoanalisisperiodistico.com\/index.php\/wp-json\/wp\/v2\/posts\/24012\/revisions"}],"wp:featuredmedia":[{"embeddable":true,"href":"https:\/\/contextoanalisisperiodistico.com\/index.php\/wp-json\/wp\/v2\/media\/24011"}],"wp:attachment":[{"href":"https:\/\/contextoanalisisperiodistico.com\/index.php\/wp-json\/wp\/v2\/media?parent=24012"}],"wp:term":[{"taxonomy":"category","embeddable":true,"href":"https:\/\/contextoanalisisperiodistico.com\/index.php\/wp-json\/wp\/v2\/categories?post=24012"},{"taxonomy":"post_tag","embeddable":true,"href":"https:\/\/contextoanalisisperiodistico.com\/index.php\/wp-json\/wp\/v2\/tags?post=24012"}],"curies":[{"name":"wp","href":"https:\/\/api.w.org\/{rel}","templated":true}]}}