{"id":24010,"date":"2024-01-30T16:58:38","date_gmt":"2024-01-30T22:58:38","guid":{"rendered":"https:\/\/contextoanalisisperiodistico.com\/index.php\/2024\/01\/30\/ayuntamiento-capitalino-emite-convocatoria-al-premio-municipal-de-la-juventud-2024\/"},"modified":"2024-01-30T16:58:38","modified_gmt":"2024-01-30T22:58:38","slug":"ayuntamiento-capitalino-emite-convocatoria-al-premio-municipal-de-la-juventud-2024","status":"publish","type":"post","link":"https:\/\/contextoanalisisperiodistico.com\/index.php\/2024\/01\/30\/ayuntamiento-capitalino-emite-convocatoria-al-premio-municipal-de-la-juventud-2024\/","title":{"rendered":"Ayuntamiento capitalino emite convocatoria al Premio Municipal de la Juventud 2024"},"content":{"rendered":"<div id=\"fb-root\"><\/div>\n\n<p>\u00b7&nbsp;&nbsp;&nbsp;&nbsp;&nbsp;&nbsp;&nbsp;&nbsp;&nbsp;M\u00e1ximo galard\u00f3n que entrega la administraci\u00f3n municipal para reconocer el talento y trayectoria de las personas j\u00f3venes.<\/p>\n\n\n\n<p>Oaxaca de Ju\u00e1rez, Oax., 30 de enero de 2024.- El Ayuntamiento de Oaxaca de Ju\u00e1rez, a trav\u00e9s del Instituto Municipal de la Juventud, abre las puertas a personas j\u00f3venes con la emisi\u00f3n de la convocatoria para el Premio Municipal de la Juventud 2024.<\/p>\n\n\n\n<p>La directora del Instituto Municipal de la Juventud, Fernanda Paola Garc\u00eda, destac\u00f3 que este premio, que se otorga anualmente, busca reconocer el destacado desempe\u00f1o y trayectoria personas j\u00f3venes oaxaque\u00f1as de entre 12 y 29 a\u00f1os de edad, enfoc\u00e1ndose en las categor\u00edas de Actividades Art\u00edsticas, M\u00e9ritos C\u00edvicos y Protecci\u00f3n al Medio Ambiente, el cual ser\u00e1 entregado el d\u00eda 29 de febrero de 2024.<\/p>\n\n\n\n<p>En este sentido, los ganadores de cada categor\u00eda recibir\u00e1n un premio de 10 mil pesos como reconocimiento a su contribuci\u00f3n en beneficio de la ciudad. Los interesados, residentes del Municipio de Oaxaca de Ju\u00e1rez, pueden registrarse y presentar su trayectoria a trav\u00e9s del formulario en l\u00ednea.<\/p>\n\n\n\n<p>Es importante se\u00f1alar que los participantes no deben haber recibido previamente el Premio Municipal de la Juventud en alguna de sus categor\u00edas, ni desempe\u00f1ar un cargo p\u00fablico, ser dirigente de alg\u00fan partido, ministro de iglesia o culto religioso.<\/p>\n\n\n\n<p>Los documentos requeridos podr\u00e1n entregarse en las oficinas del IMJUVE, hasta el 22 de febrero, consolidando as\u00ed el compromiso del gobierno municipal con la juventud, fomentando espacios para su desarrollo, convivencia y crecimiento personal y colectivo.<\/p>\n\n\n\n<p>Para m\u00e1s informaci\u00f3n y registro, se invita a visitar la p\u00e1gina oficial del municipio de Oaxaca de Ju\u00e1rez.<\/p>\n","protected":false},"excerpt":{"rendered":"<p>\u00b7&nbsp;&nbsp;&nbsp;&nbsp;&nbsp;&nbsp;&nbsp;&nbsp;&nbsp;M\u00e1ximo galard\u00f3n que entrega la administraci\u00f3n municipal para reconocer el talento y trayectoria de las&#8230;<\/p>\n","protected":false},"author":4,"featured_media":24009,"comment_status":"","ping_status":"open","sticky":false,"template":"","format":"standard","meta":{"footnotes":""},"categories":[9],"tags":[],"jetpack_sharing_enabled":true,"featured_image_urls":{"full":["https:\/\/contextoanalisisperiodistico.com\/wp-content\/uploads\/2024\/01\/BoletC3ADn30-01-24.jpg",792,1224,false],"thumbnail":["https:\/\/contextoanalisisperiodistico.com\/wp-content\/uploads\/2024\/01\/BoletC3ADn30-01-24-150x150.jpg",150,150,true],"medium":["https:\/\/contextoanalisisperiodistico.com\/wp-content\/uploads\/2024\/01\/BoletC3ADn30-01-24-194x300.jpg",194,300,true],"medium_large":["https:\/\/contextoanalisisperiodistico.com\/wp-content\/uploads\/2024\/01\/BoletC3ADn30-01-24-768x1187.jpg",640,989,true],"large":["https:\/\/contextoanalisisperiodistico.com\/wp-content\/uploads\/2024\/01\/BoletC3ADn30-01-24-663x1024.jpg",640,988,true],"1536x1536":["https:\/\/contextoanalisisperiodistico.com\/wp-content\/uploads\/2024\/01\/BoletC3ADn30-01-24.jpg",792,1224,false],"2048x2048":["https:\/\/contextoanalisisperiodistico.com\/wp-content\/uploads\/2024\/01\/BoletC3ADn30-01-24.jpg",792,1224,false],"covernews-slider-full":["https:\/\/contextoanalisisperiodistico.com\/wp-content\/uploads\/2024\/01\/BoletC3ADn30-01-24-792x715.jpg",792,715,true],"covernews-slider-center":["https:\/\/contextoanalisisperiodistico.com\/wp-content\/uploads\/2024\/01\/BoletC3ADn30-01-24-792x500.jpg",792,500,true],"covernews-featured":["https:\/\/contextoanalisisperiodistico.com\/wp-content\/uploads\/2024\/01\/BoletC3ADn30-01-24.jpg",792,1224,false],"covernews-medium":["https:\/\/contextoanalisisperiodistico.com\/wp-content\/uploads\/2024\/01\/BoletC3ADn30-01-24-540x340.jpg",540,340,true],"covernews-medium-square":["https:\/\/contextoanalisisperiodistico.com\/wp-content\/uploads\/2024\/01\/BoletC3ADn30-01-24-400x250.jpg",400,250,true]},"author_info":{"display_name":"Mario Gir\u00f3n","author_link":"https:\/\/contextoanalisisperiodistico.com\/index.php\/author\/director\/"},"category_info":"<a href=\"https:\/\/contextoanalisisperiodistico.com\/index.php\/category\/politica\/\" rel=\"category tag\">Pol\u00edtica<\/a>","tag_info":"Pol\u00edtica","comment_count":"0","jetpack_featured_media_url":"https:\/\/contextoanalisisperiodistico.com\/wp-content\/uploads\/2024\/01\/BoletC3ADn30-01-24.jpg","_links":{"self":[{"href":"https:\/\/contextoanalisisperiodistico.com\/index.php\/wp-json\/wp\/v2\/posts\/24010"}],"collection":[{"href":"https:\/\/contextoanalisisperiodistico.com\/index.php\/wp-json\/wp\/v2\/posts"}],"about":[{"href":"https:\/\/contextoanalisisperiodistico.com\/index.php\/wp-json\/wp\/v2\/types\/post"}],"author":[{"embeddable":true,"href":"https:\/\/contextoanalisisperiodistico.com\/index.php\/wp-json\/wp\/v2\/users\/4"}],"replies":[{"embeddable":true,"href":"https:\/\/contextoanalisisperiodistico.com\/index.php\/wp-json\/wp\/v2\/comments?post=24010"}],"version-history":[{"count":0,"href":"https:\/\/contextoanalisisperiodistico.com\/index.php\/wp-json\/wp\/v2\/posts\/24010\/revisions"}],"wp:featuredmedia":[{"embeddable":true,"href":"https:\/\/contextoanalisisperiodistico.com\/index.php\/wp-json\/wp\/v2\/media\/24009"}],"wp:attachment":[{"href":"https:\/\/contextoanalisisperiodistico.com\/index.php\/wp-json\/wp\/v2\/media?parent=24010"}],"wp:term":[{"taxonomy":"category","embeddable":true,"href":"https:\/\/contextoanalisisperiodistico.com\/index.php\/wp-json\/wp\/v2\/categories?post=24010"},{"taxonomy":"post_tag","embeddable":true,"href":"https:\/\/contextoanalisisperiodistico.com\/index.php\/wp-json\/wp\/v2\/tags?post=24010"}],"curies":[{"name":"wp","href":"https:\/\/api.w.org\/{rel}","templated":true}]}}