{"id":24008,"date":"2024-01-30T16:19:38","date_gmt":"2024-01-30T22:19:38","guid":{"rendered":"https:\/\/contextoanalisisperiodistico.com\/index.php\/2024\/01\/30\/en-febrero-inicia-periodo-de-preinscripciones-de-educacion-basica-para-el-ciclo-escolar-2024-2025\/"},"modified":"2024-01-30T16:19:38","modified_gmt":"2024-01-30T22:19:38","slug":"en-febrero-inicia-periodo-de-preinscripciones-de-educacion-basica-para-el-ciclo-escolar-2024-2025","status":"publish","type":"post","link":"https:\/\/contextoanalisisperiodistico.com\/index.php\/2024\/01\/30\/en-febrero-inicia-periodo-de-preinscripciones-de-educacion-basica-para-el-ciclo-escolar-2024-2025\/","title":{"rendered":"En febrero inicia per\u00edodo de preinscripciones de educaci\u00f3n b\u00e1sica para el ciclo escolar 2024-2025"},"content":{"rendered":"<div id=\"fb-root\"><\/div>\n\n<p>\u2022 Del 1 al 15 de febrero se realizar\u00e1n las inscripciones adelantadas para ingresar a los servicios de educaci\u00f3n preescolar, primer grado de primaria y primer grado de secundaria<\/p>\n\n\n\n<p>Oaxaca de Ju\u00e1rez, Oax. 30 de enero de 2024.- El Instituto Estatal de Educaci\u00f3n P\u00fablica de Oaxaca (IEEPO) inform\u00f3 a madres, padres de familia y tutores que el proceso de preinscripci\u00f3n del ciclo escolar 2024-2025 para los niveles de preescolar, primaria y secundaria ser\u00e1 del 1 al 15 de febrero del actual.<\/p>\n\n\n\n<p>Durante este per\u00edodo de inscripciones adelantadas, las personas podr\u00e1n realizar el tr\u00e1mite para que sus hijas e hijos puedan ingresar a los servicios de educaci\u00f3n preescolar, primer grado de primaria y primer a\u00f1o de secundaria.<\/p>\n\n\n\n<p>Lo anterior, con el objetivo de garantizar el derecho a la educaci\u00f3n de ni\u00f1as, ni\u00f1os y adolescentes, establecido en el Art\u00edculo 3 de la Constituci\u00f3n Pol\u00edtica de los Estados Unidos Mexicanos, y con ello asegurar un lugar en una de las m\u00e1s de 11 mil 300 escuelas p\u00fablicas y privadas de la entidad, tanto en los turnos matutino como vespertino.<\/p>\n\n\n\n<p>La instituci\u00f3n dio a conocer para ingresar a primer grado de preescolar, las y los ni\u00f1os deben contar con tres a\u00f1os; para segundo, con cuatro a\u00f1os y para tercero, con cinco a\u00f1os, todos cumplidos al 31 de diciembre del presente.<\/p>\n\n\n\n<p>Quienes est\u00e1n por concluir el preescolar y tengan seis a\u00f1os cumplidos al 31 de diciembre, deber\u00e1n ser preinscritos al primer grado de primaria.<\/p>\n\n\n\n<p>Mientras que, las y los alumnos que terminen sus estudios de primaria, tendr\u00e1n que solicitar su constancia de estudios de sexto grado para preinscribirse al primer a\u00f1o de secundaria.<\/p>\n\n\n\n<p>El per\u00edodo de preinscripciones tiene la finalidad de planear los recursos humanos, financieros y de infraestructura educativa, para que las ni\u00f1as, ni\u00f1os y adolescentes en edad escolar tengan la oportunidad de asistir a clases, lo cual debe darse sin ning\u00fan condicionamiento.<\/p>\n\n\n\n<p>Las personas interesadas en conocer los requisitos, podr\u00e1n acudir a la escuela de nivel preescolar, primaria o secundaria de su elecci\u00f3n, o bien, consultar la p\u00e1gina web institucional www.oaxaca.gob.mx\/ieepo\/.<\/p>\n\n\n\n<p>-0-<\/p>\n","protected":false},"excerpt":{"rendered":"<p>\u2022 Del 1 al 15 de febrero se realizar\u00e1n las inscripciones adelantadas para ingresar a&#8230;<\/p>\n","protected":false},"author":4,"featured_media":24007,"comment_status":"","ping_status":"open","sticky":false,"template":"","format":"standard","meta":{"footnotes":""},"categories":[9],"tags":[],"jetpack_sharing_enabled":true,"featured_image_urls":{"full":["https:\/\/contextoanalisisperiodistico.com\/wp-content\/uploads\/2024\/01\/IMG-20240130-WA0038.jpg",1280,850,false],"thumbnail":["https:\/\/contextoanalisisperiodistico.com\/wp-content\/uploads\/2024\/01\/IMG-20240130-WA0038-150x150.jpg",150,150,true],"medium":["https:\/\/contextoanalisisperiodistico.com\/wp-content\/uploads\/2024\/01\/IMG-20240130-WA0038-300x199.jpg",300,199,true],"medium_large":["https:\/\/contextoanalisisperiodistico.com\/wp-content\/uploads\/2024\/01\/IMG-20240130-WA0038-768x510.jpg",640,425,true],"large":["https:\/\/contextoanalisisperiodistico.com\/wp-content\/uploads\/2024\/01\/IMG-20240130-WA0038-1024x680.jpg",640,425,true],"1536x1536":["https:\/\/contextoanalisisperiodistico.com\/wp-content\/uploads\/2024\/01\/IMG-20240130-WA0038.jpg",1280,850,false],"2048x2048":["https:\/\/contextoanalisisperiodistico.com\/wp-content\/uploads\/2024\/01\/IMG-20240130-WA0038.jpg",1280,850,false],"covernews-slider-full":["https:\/\/contextoanalisisperiodistico.com\/wp-content\/uploads\/2024\/01\/IMG-20240130-WA0038-1115x715.jpg",1115,715,true],"covernews-slider-center":["https:\/\/contextoanalisisperiodistico.com\/wp-content\/uploads\/2024\/01\/IMG-20240130-WA0038-800x500.jpg",800,500,true],"covernews-featured":["https:\/\/contextoanalisisperiodistico.com\/wp-content\/uploads\/2024\/01\/IMG-20240130-WA0038-1024x680.jpg",1024,680,true],"covernews-medium":["https:\/\/contextoanalisisperiodistico.com\/wp-content\/uploads\/2024\/01\/IMG-20240130-WA0038-540x340.jpg",540,340,true],"covernews-medium-square":["https:\/\/contextoanalisisperiodistico.com\/wp-content\/uploads\/2024\/01\/IMG-20240130-WA0038-400x250.jpg",400,250,true]},"author_info":{"display_name":"Mario Gir\u00f3n","author_link":"https:\/\/contextoanalisisperiodistico.com\/index.php\/author\/director\/"},"category_info":"<a href=\"https:\/\/contextoanalisisperiodistico.com\/index.php\/category\/politica\/\" rel=\"category tag\">Pol\u00edtica<\/a>","tag_info":"Pol\u00edtica","comment_count":"0","jetpack_featured_media_url":"https:\/\/contextoanalisisperiodistico.com\/wp-content\/uploads\/2024\/01\/IMG-20240130-WA0038.jpg","_links":{"self":[{"href":"https:\/\/contextoanalisisperiodistico.com\/index.php\/wp-json\/wp\/v2\/posts\/24008"}],"collection":[{"href":"https:\/\/contextoanalisisperiodistico.com\/index.php\/wp-json\/wp\/v2\/posts"}],"about":[{"href":"https:\/\/contextoanalisisperiodistico.com\/index.php\/wp-json\/wp\/v2\/types\/post"}],"author":[{"embeddable":true,"href":"https:\/\/contextoanalisisperiodistico.com\/index.php\/wp-json\/wp\/v2\/users\/4"}],"replies":[{"embeddable":true,"href":"https:\/\/contextoanalisisperiodistico.com\/index.php\/wp-json\/wp\/v2\/comments?post=24008"}],"version-history":[{"count":0,"href":"https:\/\/contextoanalisisperiodistico.com\/index.php\/wp-json\/wp\/v2\/posts\/24008\/revisions"}],"wp:featuredmedia":[{"embeddable":true,"href":"https:\/\/contextoanalisisperiodistico.com\/index.php\/wp-json\/wp\/v2\/media\/24007"}],"wp:attachment":[{"href":"https:\/\/contextoanalisisperiodistico.com\/index.php\/wp-json\/wp\/v2\/media?parent=24008"}],"wp:term":[{"taxonomy":"category","embeddable":true,"href":"https:\/\/contextoanalisisperiodistico.com\/index.php\/wp-json\/wp\/v2\/categories?post=24008"},{"taxonomy":"post_tag","embeddable":true,"href":"https:\/\/contextoanalisisperiodistico.com\/index.php\/wp-json\/wp\/v2\/tags?post=24008"}],"curies":[{"name":"wp","href":"https:\/\/api.w.org\/{rel}","templated":true}]}}