{"id":23996,"date":"2024-01-30T14:10:05","date_gmt":"2024-01-30T20:10:05","guid":{"rendered":"https:\/\/contextoanalisisperiodistico.com\/index.php\/2024\/01\/30\/invita-sso-a-ocupar-jefaturas-de-unidad-de-enfermeria-y-departamento-de-servicios-primarios\/"},"modified":"2024-01-30T14:10:05","modified_gmt":"2024-01-30T20:10:05","slug":"invita-sso-a-ocupar-jefaturas-de-unidad-de-enfermeria-y-departamento-de-servicios-primarios","status":"publish","type":"post","link":"https:\/\/contextoanalisisperiodistico.com\/index.php\/2024\/01\/30\/invita-sso-a-ocupar-jefaturas-de-unidad-de-enfermeria-y-departamento-de-servicios-primarios\/","title":{"rendered":"Invita SSO a ocupar jefaturas de Unidad de Enfermer\u00eda y Departamento de Servicios Primarios"},"content":{"rendered":"<div id=\"fb-root\"><\/div>\n\n<p>\u2022 Uno de los requisitos del perfil para los dos puestos es Licenciatura en Enfermer\u00eda, Maestr\u00eda, Especialidad o Doctorado en Enfermer\u00eda y Ciencias de la Salud<\/p>\n\n\n\n<p>\u2022 Las personas interesadas pueden comunicarse al tel\u00e9fono 951 417 68 55 o ingresar a la p\u00e1gina https:\/\/www.oaxaca.gob.mx\/salud\/<\/p>\n\n\n\n<p>Oaxaca de Ju\u00e1rez, Oax. 30 de enero de 2024.- Los Servicios de Salud de Oaxaca (SSO) invitan a las y los profesionales de enfermer\u00eda, que cumplan con los requisitos, a participar en la selecci\u00f3n para ocupar la jefatura de la Unidad de Enfermer\u00eda de la Direcci\u00f3n de Atenci\u00f3n M\u00e9dica y la jefatura del Departamento de Servicios Primarios de Enfermer\u00eda.<\/p>\n\n\n\n<p>La instituci\u00f3n inform\u00f3 que uno de los requisitos del perfil para los dos puestos es Licenciatura en Enfermer\u00eda, Maestr\u00eda, Especialidad o Doctorado en Enfermer\u00eda y Ciencias de la Salud.<\/p>\n\n\n\n<p>Los SSO dieron a conocer que el registro de aspirantes y entrega de la gu\u00eda para integraci\u00f3n del curr\u00edculum vitae y Plan Anual de Trabajo (PAT) ser\u00e1 los d\u00edas 1, 2 y 6 de febrero del actual, en un horario de 08:30 a 14:00 horas en calle Miguel Cabrera n\u00famero 514, colonia Centro.<\/p>\n\n\n\n<p>La selecci\u00f3n de aspirantes con documentaci\u00f3n al cien por ciento ser\u00e1 los d\u00edas 7, 8 y 9 de febrero de 08:30 a 14:00 horas en el mismo domicilio.<\/p>\n\n\n\n<p>En este espacio tambi\u00e9n se llevar\u00e1 a cabo la evaluaci\u00f3n presencial de las y los candidatos para la jefatura del Departamento de Servicios Primarios de Enfermer\u00eda, el d\u00eda 12 de febrero en un horario de 08:30 a 14:00 horas.<\/p>\n\n\n\n<p>Mientras que la evaluaci\u00f3n presencial de quienes aspiren a la jefatura de la Unidad de Enfermer\u00eda de la Direcci\u00f3n de Atenci\u00f3n M\u00e9dica se realizar\u00e1 el 13 de febrero de 08:30 a 14:00 horas.<\/p>\n\n\n\n<p>Para m\u00e1s informaci\u00f3n, las personas interesadas pueden comunicarse al tel\u00e9fono 951 417 68 55 en un horario de 08:30 a 14:00 horas o consultar la convocatoria en la p\u00e1gina https:\/\/www.oaxaca.gob.mx\/salud\/.<\/p>\n\n\n\n<p>-0-<\/p>\n","protected":false},"excerpt":{"rendered":"<p>\u2022 Uno de los requisitos del perfil para los dos puestos es Licenciatura en Enfermer\u00eda,&#8230;<\/p>\n","protected":false},"author":4,"featured_media":23995,"comment_status":"","ping_status":"open","sticky":false,"template":"","format":"standard","meta":{"footnotes":""},"categories":[92],"tags":[],"jetpack_sharing_enabled":true,"featured_image_urls":{"full":["https:\/\/contextoanalisisperiodistico.com\/wp-content\/uploads\/2024\/01\/IMG-20240130-WA0017.jpg",1243,1600,false],"thumbnail":["https:\/\/contextoanalisisperiodistico.com\/wp-content\/uploads\/2024\/01\/IMG-20240130-WA0017-150x150.jpg",150,150,true],"medium":["https:\/\/contextoanalisisperiodistico.com\/wp-content\/uploads\/2024\/01\/IMG-20240130-WA0017-233x300.jpg",233,300,true],"medium_large":["https:\/\/contextoanalisisperiodistico.com\/wp-content\/uploads\/2024\/01\/IMG-20240130-WA0017-768x989.jpg",640,824,true],"large":["https:\/\/contextoanalisisperiodistico.com\/wp-content\/uploads\/2024\/01\/IMG-20240130-WA0017-796x1024.jpg",640,823,true],"1536x1536":["https:\/\/contextoanalisisperiodistico.com\/wp-content\/uploads\/2024\/01\/IMG-20240130-WA0017-1193x1536.jpg",1193,1536,true],"2048x2048":["https:\/\/contextoanalisisperiodistico.com\/wp-content\/uploads\/2024\/01\/IMG-20240130-WA0017.jpg",1243,1600,false],"covernews-slider-full":["https:\/\/contextoanalisisperiodistico.com\/wp-content\/uploads\/2024\/01\/IMG-20240130-WA0017-1115x715.jpg",1115,715,true],"covernews-slider-center":["https:\/\/contextoanalisisperiodistico.com\/wp-content\/uploads\/2024\/01\/IMG-20240130-WA0017-800x500.jpg",800,500,true],"covernews-featured":["https:\/\/contextoanalisisperiodistico.com\/wp-content\/uploads\/2024\/01\/IMG-20240130-WA0017-1024x1318.jpg",1024,1318,true],"covernews-medium":["https:\/\/contextoanalisisperiodistico.com\/wp-content\/uploads\/2024\/01\/IMG-20240130-WA0017-540x340.jpg",540,340,true],"covernews-medium-square":["https:\/\/contextoanalisisperiodistico.com\/wp-content\/uploads\/2024\/01\/IMG-20240130-WA0017-400x250.jpg",400,250,true]},"author_info":{"display_name":"Mario Gir\u00f3n","author_link":"https:\/\/contextoanalisisperiodistico.com\/index.php\/author\/director\/"},"category_info":"<a href=\"https:\/\/contextoanalisisperiodistico.com\/index.php\/category\/salud\/\" rel=\"category tag\">Salud<\/a>","tag_info":"Salud","comment_count":"0","jetpack_featured_media_url":"https:\/\/contextoanalisisperiodistico.com\/wp-content\/uploads\/2024\/01\/IMG-20240130-WA0017.jpg","_links":{"self":[{"href":"https:\/\/contextoanalisisperiodistico.com\/index.php\/wp-json\/wp\/v2\/posts\/23996"}],"collection":[{"href":"https:\/\/contextoanalisisperiodistico.com\/index.php\/wp-json\/wp\/v2\/posts"}],"about":[{"href":"https:\/\/contextoanalisisperiodistico.com\/index.php\/wp-json\/wp\/v2\/types\/post"}],"author":[{"embeddable":true,"href":"https:\/\/contextoanalisisperiodistico.com\/index.php\/wp-json\/wp\/v2\/users\/4"}],"replies":[{"embeddable":true,"href":"https:\/\/contextoanalisisperiodistico.com\/index.php\/wp-json\/wp\/v2\/comments?post=23996"}],"version-history":[{"count":0,"href":"https:\/\/contextoanalisisperiodistico.com\/index.php\/wp-json\/wp\/v2\/posts\/23996\/revisions"}],"wp:featuredmedia":[{"embeddable":true,"href":"https:\/\/contextoanalisisperiodistico.com\/index.php\/wp-json\/wp\/v2\/media\/23995"}],"wp:attachment":[{"href":"https:\/\/contextoanalisisperiodistico.com\/index.php\/wp-json\/wp\/v2\/media?parent=23996"}],"wp:term":[{"taxonomy":"category","embeddable":true,"href":"https:\/\/contextoanalisisperiodistico.com\/index.php\/wp-json\/wp\/v2\/categories?post=23996"},{"taxonomy":"post_tag","embeddable":true,"href":"https:\/\/contextoanalisisperiodistico.com\/index.php\/wp-json\/wp\/v2\/tags?post=23996"}],"curies":[{"name":"wp","href":"https:\/\/api.w.org\/{rel}","templated":true}]}}