{"id":23986,"date":"2024-01-30T11:26:00","date_gmt":"2024-01-30T17:26:00","guid":{"rendered":"https:\/\/contextoanalisisperiodistico.com\/?p=23986"},"modified":"2024-01-30T11:26:17","modified_gmt":"2024-01-30T17:26:17","slug":"intensifica-el-gobierno-capitalino-trabajos-de-bacheo-y-repavimentacion","status":"publish","type":"post","link":"https:\/\/contextoanalisisperiodistico.com\/index.php\/2024\/01\/30\/intensifica-el-gobierno-capitalino-trabajos-de-bacheo-y-repavimentacion\/","title":{"rendered":"Intensifica el gobierno capitalino trabajos de bacheo y repavimentaci\u00f3n"},"content":{"rendered":"<div id=\"fb-root\"><\/div>\n\n<p>\u00b7&nbsp;&nbsp;&nbsp;&nbsp;&nbsp;&nbsp;&nbsp;&nbsp;Con estas acciones se contribuye a mejorar la movilidad urbana, as\u00ed como brindar una mejor imagen de la ciudad.<\/p>\n\n\n\n<p>Oaxaca de Ju\u00e1rez, Oax., (Comunicado). En su continua b\u00fasqueda por mejorar la infraestructura urbana, el Ayuntamiento de Oaxaca de Ju\u00e1rez implementa un programa intensivo de repavimentaci\u00f3n y bacheo asf\u00e1ltico, dirigido a la modernizaci\u00f3n y rehabilitaci\u00f3n de vialidades en la ciudad.<\/p>\n\n\n\n<p>La encargada del Despacho de la Presidencia Municipal, Judith Carre\u00f1o Hern\u00e1ndez, destac\u00f3 que la Secretar\u00eda de Obras P\u00fablicas y Desarrollo Urbano realiza estas acciones que tienen como objetivo mejorar la movilidad urbana, adem\u00e1s de contribuir a una imagen m\u00e1s agradable de la ciudad, mediante un mantenimiento constante.<\/p>\n\n\n\n<p>En este sentido, durante el mes de enero, la Cuadrilla de Bacheo ha intervenido calles estrat\u00e9gicas, como Eduardo Vasconcelos, Emilio Carranza y Sabinos en la colonia Reforma, R\u00edo Consulado en la colonia La Cascada, Soconusco en la colonia Volcanes, Prolongaci\u00f3n de La Noria y el puente del crucero de 5 Se\u00f1ores, adem\u00e1s de la Calle Nezahualc\u00f3yotl, espec\u00edficamente en el tramo que va desde Eucaliptos hasta Belisario Dom\u00ednguez.<\/p>\n\n\n\n<p>Cabe se\u00f1alar que este programa de repavimentaci\u00f3n y bacheo es un compromiso permanente, y en los pr\u00f3ximos d\u00edas se trabajar\u00e1 en \u00e1reas como la calle Margarita Maza de Ju\u00e1rez, el acceso a la colonia La Cascada, el Boulevard Eduardo Vasconcelos, S\u00edmbolos Patrios, Avenida Eduardo Mata, y el acceso al fraccionamiento Jardines de las Lomas.<\/p>\n\n\n\n<p>La iniciativa responde directamente a las demandas ciudadanas, focaliz\u00e1ndose especialmente en las vialidades m\u00e1s deterioradas, buscando beneficiar al mayor n\u00famero de habitantes posible.<\/p>\n\n\n\n<p>De esta forma, el gobierno municipal agradece la comprensi\u00f3n y paciencia de los ciudadanos ante las posibles molestias causadas por estas labores. Asimismo, se hace un llamado a tomar precauciones al circular cerca de las zonas mencionadas para garantizar la seguridad de todas y todos y evitar cualquier accidente.<\/p>\n\n\n\n<p>Con este esfuerzo permanente, se reafirma el compromiso del gobierno con la mejora constante de la calidad de vida en Oaxaca de Ju\u00e1rez.<\/p>\n\n\n\n<figure class=\"wp-block-image size-large\"><img fetchpriority=\"high\" decoding=\"async\" width=\"1024\" height=\"682\" src=\"https:\/\/contextoanalisisperiodistico.com\/wp-content\/uploads\/2024\/01\/boletC3ADn29-01-24281291315241236685219048-1024x682.jpg\" alt=\"\" class=\"wp-image-23988\" srcset=\"https:\/\/contextoanalisisperiodistico.com\/wp-content\/uploads\/2024\/01\/boletC3ADn29-01-24281291315241236685219048-1024x682.jpg 1024w, https:\/\/contextoanalisisperiodistico.com\/wp-content\/uploads\/2024\/01\/boletC3ADn29-01-24281291315241236685219048-300x200.jpg 300w, https:\/\/contextoanalisisperiodistico.com\/wp-content\/uploads\/2024\/01\/boletC3ADn29-01-24281291315241236685219048-768x512.jpg 768w, https:\/\/contextoanalisisperiodistico.com\/wp-content\/uploads\/2024\/01\/boletC3ADn29-01-24281291315241236685219048-1536x1023.jpg 1536w, https:\/\/contextoanalisisperiodistico.com\/wp-content\/uploads\/2024\/01\/boletC3ADn29-01-24281291315241236685219048.jpg 1600w\" sizes=\"(max-width: 1024px) 100vw, 1024px\" \/><\/figure>\n\n\n\n<figure class=\"wp-block-image\"><img decoding=\"async\" width=\"1024\" height=\"682\" src=\"https:\/\/contextoanalisisperiodistico.com\/wp-content\/uploads\/2024\/01\/boletC3ADn29-01-24282292528888280097297586-1024x682.jpg\" alt=\"\" class=\"wp-image-23989\" srcset=\"https:\/\/contextoanalisisperiodistico.com\/wp-content\/uploads\/2024\/01\/boletC3ADn29-01-24282292528888280097297586-1024x682.jpg 1024w, https:\/\/contextoanalisisperiodistico.com\/wp-content\/uploads\/2024\/01\/boletC3ADn29-01-24282292528888280097297586-300x200.jpg 300w, https:\/\/contextoanalisisperiodistico.com\/wp-content\/uploads\/2024\/01\/boletC3ADn29-01-24282292528888280097297586-768x512.jpg 768w, https:\/\/contextoanalisisperiodistico.com\/wp-content\/uploads\/2024\/01\/boletC3ADn29-01-24282292528888280097297586-1536x1024.jpg 1536w, https:\/\/contextoanalisisperiodistico.com\/wp-content\/uploads\/2024\/01\/boletC3ADn29-01-24282292528888280097297586.jpg 2000w\" sizes=\"(max-width: 1024px) 100vw, 1024px\" \/><\/figure>\n","protected":false},"excerpt":{"rendered":"<p>\u00b7&nbsp;&nbsp;&nbsp;&nbsp;&nbsp;&nbsp;&nbsp;&nbsp;Con estas acciones se contribuye a mejorar la movilidad urbana, as\u00ed como brindar una mejor&#8230;<\/p>\n","protected":false},"author":4,"featured_media":23987,"comment_status":"closed","ping_status":"open","sticky":false,"template":"","format":"standard","meta":{"footnotes":""},"categories":[9],"tags":[],"jetpack_sharing_enabled":true,"featured_image_urls":{"full":["https:\/\/contextoanalisisperiodistico.com\/wp-content\/uploads\/2024\/01\/BoletC3ADn29-01-2428329.jpg",2048,1366,false],"thumbnail":["https:\/\/contextoanalisisperiodistico.com\/wp-content\/uploads\/2024\/01\/BoletC3ADn29-01-2428329-150x150.jpg",150,150,true],"medium":["https:\/\/contextoanalisisperiodistico.com\/wp-content\/uploads\/2024\/01\/BoletC3ADn29-01-2428329-300x200.jpg",300,200,true],"medium_large":["https:\/\/contextoanalisisperiodistico.com\/wp-content\/uploads\/2024\/01\/BoletC3ADn29-01-2428329-768x512.jpg",640,427,true],"large":["https:\/\/contextoanalisisperiodistico.com\/wp-content\/uploads\/2024\/01\/BoletC3ADn29-01-2428329-1024x683.jpg",640,427,true],"1536x1536":["https:\/\/contextoanalisisperiodistico.com\/wp-content\/uploads\/2024\/01\/BoletC3ADn29-01-2428329-1536x1025.jpg",1536,1025,true],"2048x2048":["https:\/\/contextoanalisisperiodistico.com\/wp-content\/uploads\/2024\/01\/BoletC3ADn29-01-2428329.jpg",2048,1366,false],"covernews-slider-full":["https:\/\/contextoanalisisperiodistico.com\/wp-content\/uploads\/2024\/01\/BoletC3ADn29-01-2428329-1115x715.jpg",1115,715,true],"covernews-slider-center":["https:\/\/contextoanalisisperiodistico.com\/wp-content\/uploads\/2024\/01\/BoletC3ADn29-01-2428329-800x500.jpg",800,500,true],"covernews-featured":["https:\/\/contextoanalisisperiodistico.com\/wp-content\/uploads\/2024\/01\/BoletC3ADn29-01-2428329-1024x683.jpg",1024,683,true],"covernews-medium":["https:\/\/contextoanalisisperiodistico.com\/wp-content\/uploads\/2024\/01\/BoletC3ADn29-01-2428329-540x340.jpg",540,340,true],"covernews-medium-square":["https:\/\/contextoanalisisperiodistico.com\/wp-content\/uploads\/2024\/01\/BoletC3ADn29-01-2428329-400x250.jpg",400,250,true]},"author_info":{"display_name":"Mario Gir\u00f3n","author_link":"https:\/\/contextoanalisisperiodistico.com\/index.php\/author\/director\/"},"category_info":"<a href=\"https:\/\/contextoanalisisperiodistico.com\/index.php\/category\/politica\/\" rel=\"category tag\">Pol\u00edtica<\/a>","tag_info":"Pol\u00edtica","comment_count":"0","jetpack_featured_media_url":"https:\/\/contextoanalisisperiodistico.com\/wp-content\/uploads\/2024\/01\/BoletC3ADn29-01-2428329.jpg","_links":{"self":[{"href":"https:\/\/contextoanalisisperiodistico.com\/index.php\/wp-json\/wp\/v2\/posts\/23986"}],"collection":[{"href":"https:\/\/contextoanalisisperiodistico.com\/index.php\/wp-json\/wp\/v2\/posts"}],"about":[{"href":"https:\/\/contextoanalisisperiodistico.com\/index.php\/wp-json\/wp\/v2\/types\/post"}],"author":[{"embeddable":true,"href":"https:\/\/contextoanalisisperiodistico.com\/index.php\/wp-json\/wp\/v2\/users\/4"}],"replies":[{"embeddable":true,"href":"https:\/\/contextoanalisisperiodistico.com\/index.php\/wp-json\/wp\/v2\/comments?post=23986"}],"version-history":[{"count":1,"href":"https:\/\/contextoanalisisperiodistico.com\/index.php\/wp-json\/wp\/v2\/posts\/23986\/revisions"}],"predecessor-version":[{"id":23990,"href":"https:\/\/contextoanalisisperiodistico.com\/index.php\/wp-json\/wp\/v2\/posts\/23986\/revisions\/23990"}],"wp:featuredmedia":[{"embeddable":true,"href":"https:\/\/contextoanalisisperiodistico.com\/index.php\/wp-json\/wp\/v2\/media\/23987"}],"wp:attachment":[{"href":"https:\/\/contextoanalisisperiodistico.com\/index.php\/wp-json\/wp\/v2\/media?parent=23986"}],"wp:term":[{"taxonomy":"category","embeddable":true,"href":"https:\/\/contextoanalisisperiodistico.com\/index.php\/wp-json\/wp\/v2\/categories?post=23986"},{"taxonomy":"post_tag","embeddable":true,"href":"https:\/\/contextoanalisisperiodistico.com\/index.php\/wp-json\/wp\/v2\/tags?post=23986"}],"curies":[{"name":"wp","href":"https:\/\/api.w.org\/{rel}","templated":true}]}}