{"id":23881,"date":"2024-01-26T19:09:03","date_gmt":"2024-01-27T01:09:03","guid":{"rendered":"https:\/\/contextoanalisisperiodistico.com\/index.php\/2024\/01\/26\/atendiendo-necesidades-continua-el-desarrollo-en-oaxaca-de-juarez\/"},"modified":"2024-01-26T19:09:03","modified_gmt":"2024-01-27T01:09:03","slug":"atendiendo-necesidades-continua-el-desarrollo-en-oaxaca-de-juarez","status":"publish","type":"post","link":"https:\/\/contextoanalisisperiodistico.com\/index.php\/2024\/01\/26\/atendiendo-necesidades-continua-el-desarrollo-en-oaxaca-de-juarez\/","title":{"rendered":"Atendiendo necesidades contin\u00faa el desarrollo en Oaxaca de Ju\u00e1rez"},"content":{"rendered":"<div id=\"fb-root\"><\/div>\n\n<p>Comunicado.-Oaxaca de Ju\u00e1rez, Oax., a 26 de enero de 2024.- Comprometidos con el desarrollo estrat\u00e9gico y la aplicaci\u00f3n transparente de recursos destinados para obras, en un acto significativo para la comunidad, la Encargada de Despacho de la Presidencia Municipal, Judith Carre\u00f1o Hern\u00e1ndez, acompa\u00f1ada por la agenta municipal de San Felipe del Agua, Benita Bautista, funcionariado municipal y habitantes del barrio La Chigulera, inauguraron la construcci\u00f3n de banquetas y cord\u00f3n cuneta en la calle prolongaci\u00f3n de Iturbide.<\/p>\n\n\n\n<figure class=\"wp-block-image size-large\"><img fetchpriority=\"high\" decoding=\"async\" width=\"1024\" height=\"684\" src=\"https:\/\/contextoanalisisperiodistico.com\/wp-content\/uploads\/2024\/01\/boletC3ADn26-01-2428229677019587300682349-1024x684.jpg\" alt=\"\" class=\"wp-image-23880\" srcset=\"https:\/\/contextoanalisisperiodistico.com\/wp-content\/uploads\/2024\/01\/boletC3ADn26-01-2428229677019587300682349-1024x684.jpg 1024w, https:\/\/contextoanalisisperiodistico.com\/wp-content\/uploads\/2024\/01\/boletC3ADn26-01-2428229677019587300682349-300x200.jpg 300w, https:\/\/contextoanalisisperiodistico.com\/wp-content\/uploads\/2024\/01\/boletC3ADn26-01-2428229677019587300682349-768x513.jpg 768w, https:\/\/contextoanalisisperiodistico.com\/wp-content\/uploads\/2024\/01\/boletC3ADn26-01-2428229677019587300682349-1536x1027.jpg 1536w, https:\/\/contextoanalisisperiodistico.com\/wp-content\/uploads\/2024\/01\/boletC3ADn26-01-2428229677019587300682349.jpg 1616w\" sizes=\"(max-width: 1024px) 100vw, 1024px\" \/><\/figure>\n\n\n\n<figure class=\"wp-block-image\"><img decoding=\"async\" width=\"1024\" height=\"684\" src=\"https:\/\/contextoanalisisperiodistico.com\/wp-content\/uploads\/2024\/01\/boletC3ADn26-01-24283298550523797306186763-1024x684.jpg\" alt=\"\" class=\"wp-image-23879\" srcset=\"https:\/\/contextoanalisisperiodistico.com\/wp-content\/uploads\/2024\/01\/boletC3ADn26-01-24283298550523797306186763-1024x684.jpg 1024w, https:\/\/contextoanalisisperiodistico.com\/wp-content\/uploads\/2024\/01\/boletC3ADn26-01-24283298550523797306186763-300x200.jpg 300w, https:\/\/contextoanalisisperiodistico.com\/wp-content\/uploads\/2024\/01\/boletC3ADn26-01-24283298550523797306186763-768x513.jpg 768w, https:\/\/contextoanalisisperiodistico.com\/wp-content\/uploads\/2024\/01\/boletC3ADn26-01-24283298550523797306186763-1536x1027.jpg 1536w, https:\/\/contextoanalisisperiodistico.com\/wp-content\/uploads\/2024\/01\/boletC3ADn26-01-24283298550523797306186763.jpg 1616w\" sizes=\"(max-width: 1024px) 100vw, 1024px\" \/><\/figure>\n\n\n\n<p>Carre\u00f1o Hern\u00e1ndez destac\u00f3 que esta obra significa un avance para la zona y para las familias que residen en La Chigulera, siendo este proyecto un esfuerzo conjunto entre la ciudadan\u00eda y el gobierno.&nbsp; Subray\u00f3 que esta mejora no solo embellece el entorno, sino que tambi\u00e9n brinda mayor seguridad a quienes transitan por esta \u00e1rea.<\/p>\n\n\n\n<p>La alegr\u00eda y agradecimiento de los vecinos fue evidente, expresando su gratitud por la atenci\u00f3n. \u00abGracias por atender nuestras peticiones\u00bb, manifestaron en un un\u00edsono de reconocimiento.<\/p>\n\n\n\n<p>Adicionalmente, se supervis\u00f3 la construcci\u00f3n del drenaje sanitario en la calle Independencia, Sector Dos, Segunda Secci\u00f3n, en la Agencia de Polic\u00eda de Guadalupe Victoria. Este proyecto refleja el deber de atender las necesidades crecientes del municipio, permitiendo que los pobladores puedan contar con servicios b\u00e1sicos para sus viviendas, lo que significa una mejor calidad de vida para ellos.<\/p>\n\n\n\n<p>As\u00ed pues, el gobierno municipal confirma su compromiso con el desarrollo equitativo y sostenible de toda la ciudad al priorizar el bienestar de la comunidad y la transparencia en el manejo de los recursos destinados para obras.<\/p>\n","protected":false},"excerpt":{"rendered":"<p>Comunicado.-Oaxaca de Ju\u00e1rez, Oax., a 26 de enero de 2024.- Comprometidos con el desarrollo estrat\u00e9gico&#8230;<\/p>\n","protected":false},"author":4,"featured_media":23878,"comment_status":"","ping_status":"open","sticky":false,"template":"","format":"standard","meta":{"footnotes":""},"categories":[9],"tags":[],"jetpack_sharing_enabled":true,"featured_image_urls":{"full":["https:\/\/contextoanalisisperiodistico.com\/wp-content\/uploads\/2024\/01\/BoletC3ADn26-01-2428129.jpg",1280,853,false],"thumbnail":["https:\/\/contextoanalisisperiodistico.com\/wp-content\/uploads\/2024\/01\/BoletC3ADn26-01-2428129-150x150.jpg",150,150,true],"medium":["https:\/\/contextoanalisisperiodistico.com\/wp-content\/uploads\/2024\/01\/BoletC3ADn26-01-2428129-300x200.jpg",300,200,true],"medium_large":["https:\/\/contextoanalisisperiodistico.com\/wp-content\/uploads\/2024\/01\/BoletC3ADn26-01-2428129-768x512.jpg",640,427,true],"large":["https:\/\/contextoanalisisperiodistico.com\/wp-content\/uploads\/2024\/01\/BoletC3ADn26-01-2428129-1024x682.jpg",640,426,true],"1536x1536":["https:\/\/contextoanalisisperiodistico.com\/wp-content\/uploads\/2024\/01\/BoletC3ADn26-01-2428129.jpg",1280,853,false],"2048x2048":["https:\/\/contextoanalisisperiodistico.com\/wp-content\/uploads\/2024\/01\/BoletC3ADn26-01-2428129.jpg",1280,853,false],"covernews-slider-full":["https:\/\/contextoanalisisperiodistico.com\/wp-content\/uploads\/2024\/01\/BoletC3ADn26-01-2428129-1115x715.jpg",1115,715,true],"covernews-slider-center":["https:\/\/contextoanalisisperiodistico.com\/wp-content\/uploads\/2024\/01\/BoletC3ADn26-01-2428129-800x500.jpg",800,500,true],"covernews-featured":["https:\/\/contextoanalisisperiodistico.com\/wp-content\/uploads\/2024\/01\/BoletC3ADn26-01-2428129-1024x682.jpg",1024,682,true],"covernews-medium":["https:\/\/contextoanalisisperiodistico.com\/wp-content\/uploads\/2024\/01\/BoletC3ADn26-01-2428129-540x340.jpg",540,340,true],"covernews-medium-square":["https:\/\/contextoanalisisperiodistico.com\/wp-content\/uploads\/2024\/01\/BoletC3ADn26-01-2428129-400x250.jpg",400,250,true]},"author_info":{"display_name":"Mario Gir\u00f3n","author_link":"https:\/\/contextoanalisisperiodistico.com\/index.php\/author\/director\/"},"category_info":"<a href=\"https:\/\/contextoanalisisperiodistico.com\/index.php\/category\/politica\/\" rel=\"category tag\">Pol\u00edtica<\/a>","tag_info":"Pol\u00edtica","comment_count":"0","jetpack_featured_media_url":"https:\/\/contextoanalisisperiodistico.com\/wp-content\/uploads\/2024\/01\/BoletC3ADn26-01-2428129.jpg","_links":{"self":[{"href":"https:\/\/contextoanalisisperiodistico.com\/index.php\/wp-json\/wp\/v2\/posts\/23881"}],"collection":[{"href":"https:\/\/contextoanalisisperiodistico.com\/index.php\/wp-json\/wp\/v2\/posts"}],"about":[{"href":"https:\/\/contextoanalisisperiodistico.com\/index.php\/wp-json\/wp\/v2\/types\/post"}],"author":[{"embeddable":true,"href":"https:\/\/contextoanalisisperiodistico.com\/index.php\/wp-json\/wp\/v2\/users\/4"}],"replies":[{"embeddable":true,"href":"https:\/\/contextoanalisisperiodistico.com\/index.php\/wp-json\/wp\/v2\/comments?post=23881"}],"version-history":[{"count":0,"href":"https:\/\/contextoanalisisperiodistico.com\/index.php\/wp-json\/wp\/v2\/posts\/23881\/revisions"}],"wp:featuredmedia":[{"embeddable":true,"href":"https:\/\/contextoanalisisperiodistico.com\/index.php\/wp-json\/wp\/v2\/media\/23878"}],"wp:attachment":[{"href":"https:\/\/contextoanalisisperiodistico.com\/index.php\/wp-json\/wp\/v2\/media?parent=23881"}],"wp:term":[{"taxonomy":"category","embeddable":true,"href":"https:\/\/contextoanalisisperiodistico.com\/index.php\/wp-json\/wp\/v2\/categories?post=23881"},{"taxonomy":"post_tag","embeddable":true,"href":"https:\/\/contextoanalisisperiodistico.com\/index.php\/wp-json\/wp\/v2\/tags?post=23881"}],"curies":[{"name":"wp","href":"https:\/\/api.w.org\/{rel}","templated":true}]}}