{"id":23872,"date":"2024-01-26T18:42:32","date_gmt":"2024-01-27T00:42:32","guid":{"rendered":"https:\/\/contextoanalisisperiodistico.com\/index.php\/2024\/01\/26\/mediante-la-estrategia-trabajo-que-transforma-tu-municipio-se-impulsa-el-desarrollo-de-tlacotepec\/"},"modified":"2024-01-26T18:42:32","modified_gmt":"2024-01-27T00:42:32","slug":"mediante-la-estrategia-trabajo-que-transforma-tu-municipio-se-impulsa-el-desarrollo-de-tlacotepec","status":"publish","type":"post","link":"https:\/\/contextoanalisisperiodistico.com\/index.php\/2024\/01\/26\/mediante-la-estrategia-trabajo-que-transforma-tu-municipio-se-impulsa-el-desarrollo-de-tlacotepec\/","title":{"rendered":"<em>Mediante<\/em> <em>l<\/em><em>a<\/em> <em>estrategia<\/em> <em> Trabajo que Transforma tu Municipio se impulsa el desarrollo de Tlacotepec<\/em>"},"content":{"rendered":"<div id=\"fb-root\"><\/div>\n\n<p>\u2022 El Gobernador Salom\u00f3n Jara anunci\u00f3 que a la poblaci\u00f3n se le destin\u00f3 m\u00e1s de 10 millones para programas y servicios en materia de infraestructura social y educativa, apoyo a jefas de familia, seguridad y grupos prioritarios<\/p>\n\n\n\n<p>San Agust\u00edn Tlacotepec, Oax., 26 de enero de 2024.- Con una c\u00e1lida y festiva bienvenida al ritmo de la danza de Los Moros, el Gobernador del Estado, Salom\u00f3n Jara Cruz, acompa\u00f1ado de la Presidenta Honoraria del Sistema Estatal para el Desarrollo Integral de la Familia (DIF) Oaxaca, Irma Bola\u00f1os Quijano, fueron recibidos por la poblaci\u00f3n de esa regi\u00f3n Mixteca, quienes conocieron los programas y servicios en materia de infraestructura social y educativa, apoyo a jefas de familia, seguridad y grupos prioritarios.<\/p>\n\n\n\n<p>El Mandatario estatal dijo que a trav\u00e9s de la estrategia Trabajo que Transforma tu Municipio, en la comunidad se invertir\u00e1n 10 millones 207 mil pesos para mejorar las condiciones de vida de las mujeres y hombres que ah\u00ed habitan. \u201cVenimos a ponernos a sus \u00f3rdenes con este nuevo modelo de atenci\u00f3n que es de territorio y no de escritorio, ahora pueblo y Gobierno trabajamos de la mano\u201d, a\u00f1adi\u00f3.<\/p>\n\n\n\n<p>En esa comunidad que visit\u00f3 el Presidente de la Rep\u00fablica Andr\u00e9s Manuel L\u00f3pez Obrador en el a\u00f1o 2009, Caminos Bienestar invertir\u00e1 5 millones de pesos para la construcci\u00f3n del camino que conduce de la Heroica Ciudad de Tlaxiaco al municipio de Chalcatongo de Hidalgo.<\/p>\n\n\n\n<p>Para que la ni\u00f1ez y juventud cuente con mejores espacios educativos, el Instituto Oaxaque\u00f1o Constructor de Infraestructura Educativa (Iocied) asign\u00f3 2 millones 732 mil pesos para dos aulas did\u00e1cticas, un sal\u00f3n de usos m\u00faltiples, rehabilitaci\u00f3n de dormitorios y un aula de tecnolog\u00edas, de instituciones de nivel preescolar, primaria y secundaria.<\/p>\n\n\n\n<p>En este mismo contexto, el Instituto Estatal de Educaci\u00f3n P\u00fablica de Oaxaca (IEEPO) otorgar\u00e1 material educativo, de oficina, deportivo y de aseo a las 4 instituciones con las que cuenta la municipalidad.<\/p>\n\n\n\n<p>La Presidenta Honoraria del DIF Oaxaca, anunci\u00f3 que el municipio se beneficia con el subprograma Comedores Populares para el Bienestar, para el que se asign\u00f3 un presupuesto de 772 mil 726 pesos; asimismo invit\u00f3 a las familias presentes a formar sus comit\u00e9s y acercarse a las delegadas del organismo para conocer los dem\u00e1s programas y servicios que ofrecen.<\/p>\n\n\n\n<p>Las jefas de familia de San Agust\u00edn Tlacotepec tambi\u00e9n recibieron apoyos a trav\u00e9s de la Secretar\u00eda de Bienestar, Tequio e Inclusi\u00f3n (Sebienti) que entreg\u00f3, en el 2023, 19 tarjetas Margarita Maza con un valor de 228 mil pesos.<\/p>\n\n\n\n<p>Para el mejoramiento de la vivienda y piso firme, Vivienda Bienestar invertir\u00e1 485 mil pesos; mientras que la Secretar\u00eda de Infraestructura y Comunicaciones realizar\u00e1 el estudio t\u00e9cnico de la ampliaci\u00f3n de energ\u00eda el\u00e9ctrica, la reubicaci\u00f3n de dos postes y la terminaci\u00f3n de la instalaci\u00f3n de una antena de internet, ambos proyectos se trabajar\u00e1n en coordinaci\u00f3n con la Comisi\u00f3n Federal de Electricidad (CFE); tambi\u00e9n entregar\u00e1 un paquete de materiales para un comedor.<\/p>\n\n\n\n<p>San Agust\u00edn Tlacotepec es reconocido por ser un municipio con una gran riqueza cultural, por lo que la Secretar\u00eda de Interculturalidad, Pueblos y Comunidades Ind\u00edgenas y Afromexicanas, invirti\u00f3 en el 2023 una cantidad de 70 mil pesos para los programas Mujeres Emprendiendo y Expresiones de mi Comunidad; mientras que para el 2024 se tiene destinado un presupuesto de 73 mil pesos.<\/p>\n\n\n\n<p>Tambi\u00e9n la Secretar\u00eda de Finanzas (Sefin) deposit\u00f3 a la comunidad 151 mil 272 pesos del Fondo Compensatorio del Gobierno Federal.<\/p>\n\n\n\n<p>Para garantizar la seguridad de la poblaci\u00f3n, el Secretariado Ejecutivo del Sistema Estatal de Seguridad P\u00fablica (SESESP) recibi\u00f3 la solicitud para la adquisici\u00f3n de una patrulla.<\/p>\n\n\n\n<p>-0-<\/p>\n\n\n\n<figure class=\"wp-block-image size-large\"><img fetchpriority=\"high\" decoding=\"async\" width=\"1024\" height=\"682\" src=\"https:\/\/contextoanalisisperiodistico.com\/wp-content\/uploads\/2024\/01\/img-20240126-wa0049174381249972240955-1024x682.jpg\" alt=\"\" class=\"wp-image-23869\" srcset=\"https:\/\/contextoanalisisperiodistico.com\/wp-content\/uploads\/2024\/01\/img-20240126-wa0049174381249972240955-1024x682.jpg 1024w, https:\/\/contextoanalisisperiodistico.com\/wp-content\/uploads\/2024\/01\/img-20240126-wa0049174381249972240955-300x200.jpg 300w, https:\/\/contextoanalisisperiodistico.com\/wp-content\/uploads\/2024\/01\/img-20240126-wa0049174381249972240955-768x512.jpg 768w, https:\/\/contextoanalisisperiodistico.com\/wp-content\/uploads\/2024\/01\/img-20240126-wa0049174381249972240955-1536x1023.jpg 1536w, https:\/\/contextoanalisisperiodistico.com\/wp-content\/uploads\/2024\/01\/img-20240126-wa0049174381249972240955.jpg 1600w\" sizes=\"(max-width: 1024px) 100vw, 1024px\" \/><\/figure>\n\n\n\n<figure class=\"wp-block-image\"><img decoding=\"async\" width=\"1024\" height=\"682\" src=\"https:\/\/contextoanalisisperiodistico.com\/wp-content\/uploads\/2024\/01\/img-20240126-wa00517358815781512420151-1024x682.jpg\" alt=\"\" class=\"wp-image-23870\" srcset=\"https:\/\/contextoanalisisperiodistico.com\/wp-content\/uploads\/2024\/01\/img-20240126-wa00517358815781512420151-1024x682.jpg 1024w, https:\/\/contextoanalisisperiodistico.com\/wp-content\/uploads\/2024\/01\/img-20240126-wa00517358815781512420151-300x200.jpg 300w, https:\/\/contextoanalisisperiodistico.com\/wp-content\/uploads\/2024\/01\/img-20240126-wa00517358815781512420151-768x512.jpg 768w, https:\/\/contextoanalisisperiodistico.com\/wp-content\/uploads\/2024\/01\/img-20240126-wa00517358815781512420151-1536x1023.jpg 1536w, https:\/\/contextoanalisisperiodistico.com\/wp-content\/uploads\/2024\/01\/img-20240126-wa00517358815781512420151.jpg 1600w\" sizes=\"(max-width: 1024px) 100vw, 1024px\" \/><\/figure>\n\n\n\n<figure class=\"wp-block-image\"><img decoding=\"async\" width=\"1024\" height=\"682\" src=\"https:\/\/contextoanalisisperiodistico.com\/wp-content\/uploads\/2024\/01\/img-20240126-wa00528638745773379471423-1024x682.jpg\" alt=\"\" class=\"wp-image-23871\" srcset=\"https:\/\/contextoanalisisperiodistico.com\/wp-content\/uploads\/2024\/01\/img-20240126-wa00528638745773379471423-1024x682.jpg 1024w, https:\/\/contextoanalisisperiodistico.com\/wp-content\/uploads\/2024\/01\/img-20240126-wa00528638745773379471423-300x200.jpg 300w, https:\/\/contextoanalisisperiodistico.com\/wp-content\/uploads\/2024\/01\/img-20240126-wa00528638745773379471423-768x512.jpg 768w, https:\/\/contextoanalisisperiodistico.com\/wp-content\/uploads\/2024\/01\/img-20240126-wa00528638745773379471423-1536x1023.jpg 1536w, https:\/\/contextoanalisisperiodistico.com\/wp-content\/uploads\/2024\/01\/img-20240126-wa00528638745773379471423.jpg 1600w\" sizes=\"(max-width: 1024px) 100vw, 1024px\" \/><\/figure>\n","protected":false},"excerpt":{"rendered":"<p>\u2022 El Gobernador Salom\u00f3n Jara anunci\u00f3 que a la poblaci\u00f3n se le destin\u00f3 m\u00e1s de&#8230;<\/p>\n","protected":false},"author":4,"featured_media":23868,"comment_status":"","ping_status":"open","sticky":false,"template":"","format":"standard","meta":{"footnotes":""},"categories":[9],"tags":[],"jetpack_sharing_enabled":true,"featured_image_urls":{"full":["https:\/\/contextoanalisisperiodistico.com\/wp-content\/uploads\/2024\/01\/IMG-20240126-WA0050.jpg",1600,1066,false],"thumbnail":["https:\/\/contextoanalisisperiodistico.com\/wp-content\/uploads\/2024\/01\/IMG-20240126-WA0050-150x150.jpg",150,150,true],"medium":["https:\/\/contextoanalisisperiodistico.com\/wp-content\/uploads\/2024\/01\/IMG-20240126-WA0050-300x200.jpg",300,200,true],"medium_large":["https:\/\/contextoanalisisperiodistico.com\/wp-content\/uploads\/2024\/01\/IMG-20240126-WA0050-768x512.jpg",640,427,true],"large":["https:\/\/contextoanalisisperiodistico.com\/wp-content\/uploads\/2024\/01\/IMG-20240126-WA0050-1024x682.jpg",640,426,true],"1536x1536":["https:\/\/contextoanalisisperiodistico.com\/wp-content\/uploads\/2024\/01\/IMG-20240126-WA0050-1536x1023.jpg",1536,1023,true],"2048x2048":["https:\/\/contextoanalisisperiodistico.com\/wp-content\/uploads\/2024\/01\/IMG-20240126-WA0050.jpg",1600,1066,false],"covernews-slider-full":["https:\/\/contextoanalisisperiodistico.com\/wp-content\/uploads\/2024\/01\/IMG-20240126-WA0050-1115x715.jpg",1115,715,true],"covernews-slider-center":["https:\/\/contextoanalisisperiodistico.com\/wp-content\/uploads\/2024\/01\/IMG-20240126-WA0050-800x500.jpg",800,500,true],"covernews-featured":["https:\/\/contextoanalisisperiodistico.com\/wp-content\/uploads\/2024\/01\/IMG-20240126-WA0050-1024x682.jpg",1024,682,true],"covernews-medium":["https:\/\/contextoanalisisperiodistico.com\/wp-content\/uploads\/2024\/01\/IMG-20240126-WA0050-540x340.jpg",540,340,true],"covernews-medium-square":["https:\/\/contextoanalisisperiodistico.com\/wp-content\/uploads\/2024\/01\/IMG-20240126-WA0050-400x250.jpg",400,250,true]},"author_info":{"display_name":"Mario Gir\u00f3n","author_link":"https:\/\/contextoanalisisperiodistico.com\/index.php\/author\/director\/"},"category_info":"<a href=\"https:\/\/contextoanalisisperiodistico.com\/index.php\/category\/politica\/\" rel=\"category tag\">Pol\u00edtica<\/a>","tag_info":"Pol\u00edtica","comment_count":"0","jetpack_featured_media_url":"https:\/\/contextoanalisisperiodistico.com\/wp-content\/uploads\/2024\/01\/IMG-20240126-WA0050.jpg","_links":{"self":[{"href":"https:\/\/contextoanalisisperiodistico.com\/index.php\/wp-json\/wp\/v2\/posts\/23872"}],"collection":[{"href":"https:\/\/contextoanalisisperiodistico.com\/index.php\/wp-json\/wp\/v2\/posts"}],"about":[{"href":"https:\/\/contextoanalisisperiodistico.com\/index.php\/wp-json\/wp\/v2\/types\/post"}],"author":[{"embeddable":true,"href":"https:\/\/contextoanalisisperiodistico.com\/index.php\/wp-json\/wp\/v2\/users\/4"}],"replies":[{"embeddable":true,"href":"https:\/\/contextoanalisisperiodistico.com\/index.php\/wp-json\/wp\/v2\/comments?post=23872"}],"version-history":[{"count":0,"href":"https:\/\/contextoanalisisperiodistico.com\/index.php\/wp-json\/wp\/v2\/posts\/23872\/revisions"}],"wp:featuredmedia":[{"embeddable":true,"href":"https:\/\/contextoanalisisperiodistico.com\/index.php\/wp-json\/wp\/v2\/media\/23868"}],"wp:attachment":[{"href":"https:\/\/contextoanalisisperiodistico.com\/index.php\/wp-json\/wp\/v2\/media?parent=23872"}],"wp:term":[{"taxonomy":"category","embeddable":true,"href":"https:\/\/contextoanalisisperiodistico.com\/index.php\/wp-json\/wp\/v2\/categories?post=23872"},{"taxonomy":"post_tag","embeddable":true,"href":"https:\/\/contextoanalisisperiodistico.com\/index.php\/wp-json\/wp\/v2\/tags?post=23872"}],"curies":[{"name":"wp","href":"https:\/\/api.w.org\/{rel}","templated":true}]}}