{"id":23867,"date":"2024-01-26T17:38:22","date_gmt":"2024-01-26T23:38:22","guid":{"rendered":"https:\/\/contextoanalisisperiodistico.com\/index.php\/2024\/01\/26\/supo-se-suma-con-martinez-neri-y-fortalecen-comites-de-defensa-de-la-4t\/"},"modified":"2024-01-26T17:38:22","modified_gmt":"2024-01-26T23:38:22","slug":"supo-se-suma-con-martinez-neri-y-fortalecen-comites-de-defensa-de-la-4t","status":"publish","type":"post","link":"https:\/\/contextoanalisisperiodistico.com\/index.php\/2024\/01\/26\/supo-se-suma-con-martinez-neri-y-fortalecen-comites-de-defensa-de-la-4t\/","title":{"rendered":"SUPO, se suma con Mart\u00ednez Neri y fortalecen Comit\u00e9s de Defensa de la 4T"},"content":{"rendered":"<div id=\"fb-root\"><\/div>\n\n<ul>\n<li>Estamos contigo maestro Neri, se\u00f1alaron cientos de familias que asistieron al encuentro.<\/li>\n<\/ul>\n\n\n\n<p>El dirigente estatal de Sindicatos Unidos Por Oaxaca (SUPO), Fernando Aguilar Robles, dio la bienvenida al Coordinador de los Comit\u00e9s de Defensa de la 4T en Oaxaca de Ju\u00e1rez, Francisco Mart\u00ednez Neri, a una reuni\u00f3n celebrada en la Agencia de Donaj\u00ed donde se congregaron cientos de familias que se unen a la continuidad del movimiento de transformaci\u00f3n.<\/p>\n\n\n\n<p>\u201cLas mujeres y hombres que conformamos \u2018Sindicatos Unidos por Oaxaca\u2019 recibimos al amigo Francisco Mart\u00ednez Neri, a quien le refrendamos nuestro compromiso con los trabajadores y sus familias, sum\u00e1ndonos a su proyecto de continuidad por la transformaci\u00f3n en Oaxaca de Ju\u00e1rez\u201d, se\u00f1al\u00f3 Fernando Aguilar.<\/p>\n\n\n\n<p>En su participaci\u00f3n Mart\u00ednez Neri indic\u00f3 que a\u00fan hay un gran camino por recorrer, pero la unidad con la ciudadan\u00eda ha permitido avances importantes, por lo que remarc\u00f3 \u201cvamos por el camino correcto\u201d.|<\/p>\n\n\n\n<p>\u201cAgradezco a toda la familia de Sindicatos Unidos Por Oaxaca el gran recibimiento que hacen a nuestro proyecto, vamos por la continuidad de la 4T, vamos por el futuro de Oaxaca de Ju\u00e1rez\u201d, finaliz\u00f3.<\/p>\n\n\n\n<p>\u00abEstamos contigo Maestro Neri\u00bb corearon los presenten antes de salir del encuentro.<\/p>\n\n\n\n<figure class=\"wp-block-image size-large\"><img fetchpriority=\"high\" decoding=\"async\" width=\"1024\" height=\"682\" src=\"https:\/\/contextoanalisisperiodistico.com\/wp-content\/uploads\/2024\/01\/img-20240126-wa0047281296374475802114484808-1024x682.jpg\" alt=\"\" class=\"wp-image-23864\" srcset=\"https:\/\/contextoanalisisperiodistico.com\/wp-content\/uploads\/2024\/01\/img-20240126-wa0047281296374475802114484808-1024x682.jpg 1024w, https:\/\/contextoanalisisperiodistico.com\/wp-content\/uploads\/2024\/01\/img-20240126-wa0047281296374475802114484808-300x200.jpg 300w, https:\/\/contextoanalisisperiodistico.com\/wp-content\/uploads\/2024\/01\/img-20240126-wa0047281296374475802114484808-768x512.jpg 768w, https:\/\/contextoanalisisperiodistico.com\/wp-content\/uploads\/2024\/01\/img-20240126-wa0047281296374475802114484808-1536x1023.jpg 1536w, https:\/\/contextoanalisisperiodistico.com\/wp-content\/uploads\/2024\/01\/img-20240126-wa0047281296374475802114484808.jpg 1600w\" sizes=\"(max-width: 1024px) 100vw, 1024px\" \/><\/figure>\n\n\n\n<figure class=\"wp-block-image\"><img decoding=\"async\" width=\"1024\" height=\"682\" src=\"https:\/\/contextoanalisisperiodistico.com\/wp-content\/uploads\/2024\/01\/img-20240126-wa00465347589219889314444-1024x682.jpg\" alt=\"\" class=\"wp-image-23866\" srcset=\"https:\/\/contextoanalisisperiodistico.com\/wp-content\/uploads\/2024\/01\/img-20240126-wa00465347589219889314444-1024x682.jpg 1024w, https:\/\/contextoanalisisperiodistico.com\/wp-content\/uploads\/2024\/01\/img-20240126-wa00465347589219889314444-300x200.jpg 300w, https:\/\/contextoanalisisperiodistico.com\/wp-content\/uploads\/2024\/01\/img-20240126-wa00465347589219889314444-768x512.jpg 768w, https:\/\/contextoanalisisperiodistico.com\/wp-content\/uploads\/2024\/01\/img-20240126-wa00465347589219889314444-1536x1023.jpg 1536w, https:\/\/contextoanalisisperiodistico.com\/wp-content\/uploads\/2024\/01\/img-20240126-wa00465347589219889314444.jpg 1600w\" sizes=\"(max-width: 1024px) 100vw, 1024px\" \/><\/figure>\n\n\n\n<figure class=\"wp-block-image\"><img decoding=\"async\" width=\"1024\" height=\"682\" src=\"https:\/\/contextoanalisisperiodistico.com\/wp-content\/uploads\/2024\/01\/img-20240126-wa0044281293321266988317098891-1024x682.jpg\" alt=\"\" class=\"wp-image-23865\" srcset=\"https:\/\/contextoanalisisperiodistico.com\/wp-content\/uploads\/2024\/01\/img-20240126-wa0044281293321266988317098891-1024x682.jpg 1024w, https:\/\/contextoanalisisperiodistico.com\/wp-content\/uploads\/2024\/01\/img-20240126-wa0044281293321266988317098891-300x200.jpg 300w, https:\/\/contextoanalisisperiodistico.com\/wp-content\/uploads\/2024\/01\/img-20240126-wa0044281293321266988317098891-768x512.jpg 768w, https:\/\/contextoanalisisperiodistico.com\/wp-content\/uploads\/2024\/01\/img-20240126-wa0044281293321266988317098891-1536x1023.jpg 1536w, https:\/\/contextoanalisisperiodistico.com\/wp-content\/uploads\/2024\/01\/img-20240126-wa0044281293321266988317098891.jpg 1600w\" sizes=\"(max-width: 1024px) 100vw, 1024px\" \/><\/figure>\n","protected":false},"excerpt":{"rendered":"<p>El dirigente estatal de Sindicatos Unidos Por Oaxaca (SUPO), Fernando Aguilar Robles, dio la bienvenida&#8230;<\/p>\n","protected":false},"author":4,"featured_media":23863,"comment_status":"","ping_status":"open","sticky":false,"template":"","format":"standard","meta":{"footnotes":""},"categories":[9],"tags":[],"jetpack_sharing_enabled":true,"featured_image_urls":{"full":["https:\/\/contextoanalisisperiodistico.com\/wp-content\/uploads\/2024\/01\/IMG-20240126-WA004528129.jpg",1600,1066,false],"thumbnail":["https:\/\/contextoanalisisperiodistico.com\/wp-content\/uploads\/2024\/01\/IMG-20240126-WA004528129-150x150.jpg",150,150,true],"medium":["https:\/\/contextoanalisisperiodistico.com\/wp-content\/uploads\/2024\/01\/IMG-20240126-WA004528129-300x200.jpg",300,200,true],"medium_large":["https:\/\/contextoanalisisperiodistico.com\/wp-content\/uploads\/2024\/01\/IMG-20240126-WA004528129-768x512.jpg",640,427,true],"large":["https:\/\/contextoanalisisperiodistico.com\/wp-content\/uploads\/2024\/01\/IMG-20240126-WA004528129-1024x682.jpg",640,426,true],"1536x1536":["https:\/\/contextoanalisisperiodistico.com\/wp-content\/uploads\/2024\/01\/IMG-20240126-WA004528129-1536x1023.jpg",1536,1023,true],"2048x2048":["https:\/\/contextoanalisisperiodistico.com\/wp-content\/uploads\/2024\/01\/IMG-20240126-WA004528129.jpg",1600,1066,false],"covernews-slider-full":["https:\/\/contextoanalisisperiodistico.com\/wp-content\/uploads\/2024\/01\/IMG-20240126-WA004528129-1115x715.jpg",1115,715,true],"covernews-slider-center":["https:\/\/contextoanalisisperiodistico.com\/wp-content\/uploads\/2024\/01\/IMG-20240126-WA004528129-800x500.jpg",800,500,true],"covernews-featured":["https:\/\/contextoanalisisperiodistico.com\/wp-content\/uploads\/2024\/01\/IMG-20240126-WA004528129-1024x682.jpg",1024,682,true],"covernews-medium":["https:\/\/contextoanalisisperiodistico.com\/wp-content\/uploads\/2024\/01\/IMG-20240126-WA004528129-540x340.jpg",540,340,true],"covernews-medium-square":["https:\/\/contextoanalisisperiodistico.com\/wp-content\/uploads\/2024\/01\/IMG-20240126-WA004528129-400x250.jpg",400,250,true]},"author_info":{"display_name":"Mario Gir\u00f3n","author_link":"https:\/\/contextoanalisisperiodistico.com\/index.php\/author\/director\/"},"category_info":"<a href=\"https:\/\/contextoanalisisperiodistico.com\/index.php\/category\/politica\/\" rel=\"category tag\">Pol\u00edtica<\/a>","tag_info":"Pol\u00edtica","comment_count":"0","jetpack_featured_media_url":"https:\/\/contextoanalisisperiodistico.com\/wp-content\/uploads\/2024\/01\/IMG-20240126-WA004528129.jpg","_links":{"self":[{"href":"https:\/\/contextoanalisisperiodistico.com\/index.php\/wp-json\/wp\/v2\/posts\/23867"}],"collection":[{"href":"https:\/\/contextoanalisisperiodistico.com\/index.php\/wp-json\/wp\/v2\/posts"}],"about":[{"href":"https:\/\/contextoanalisisperiodistico.com\/index.php\/wp-json\/wp\/v2\/types\/post"}],"author":[{"embeddable":true,"href":"https:\/\/contextoanalisisperiodistico.com\/index.php\/wp-json\/wp\/v2\/users\/4"}],"replies":[{"embeddable":true,"href":"https:\/\/contextoanalisisperiodistico.com\/index.php\/wp-json\/wp\/v2\/comments?post=23867"}],"version-history":[{"count":0,"href":"https:\/\/contextoanalisisperiodistico.com\/index.php\/wp-json\/wp\/v2\/posts\/23867\/revisions"}],"wp:featuredmedia":[{"embeddable":true,"href":"https:\/\/contextoanalisisperiodistico.com\/index.php\/wp-json\/wp\/v2\/media\/23863"}],"wp:attachment":[{"href":"https:\/\/contextoanalisisperiodistico.com\/index.php\/wp-json\/wp\/v2\/media?parent=23867"}],"wp:term":[{"taxonomy":"category","embeddable":true,"href":"https:\/\/contextoanalisisperiodistico.com\/index.php\/wp-json\/wp\/v2\/categories?post=23867"},{"taxonomy":"post_tag","embeddable":true,"href":"https:\/\/contextoanalisisperiodistico.com\/index.php\/wp-json\/wp\/v2\/tags?post=23867"}],"curies":[{"name":"wp","href":"https:\/\/api.w.org\/{rel}","templated":true}]}}