{"id":23862,"date":"2024-01-26T16:52:46","date_gmt":"2024-01-26T22:52:46","guid":{"rendered":"https:\/\/contextoanalisisperiodistico.com\/index.php\/2024\/01\/26\/con-trabajo-y-obras-lleva-gobernador-de-oaxaca-mas-de-10-mdp-a-san-mateo-penasco\/"},"modified":"2024-01-26T16:52:46","modified_gmt":"2024-01-26T22:52:46","slug":"con-trabajo-y-obras-lleva-gobernador-de-oaxaca-mas-de-10-mdp-a-san-mateo-penasco","status":"publish","type":"post","link":"https:\/\/contextoanalisisperiodistico.com\/index.php\/2024\/01\/26\/con-trabajo-y-obras-lleva-gobernador-de-oaxaca-mas-de-10-mdp-a-san-mateo-penasco\/","title":{"rendered":"<em>Con trabajo y obras lleva Gobernador de Oaxaca m\u00e1s de 10 mdp a San Mateo Pe\u00f1asco<\/em>"},"content":{"rendered":"<div id=\"fb-root\"><\/div>\n\n<p>\u2022 Salom\u00f3n Jara asegur\u00f3 que su administraci\u00f3n trabaja en atenci\u00f3n a las carencias y necesidades de las comunidades con la estrategia Trabajo que Transforma tu Municipio<\/p>\n\n\n\n<figure class=\"wp-block-image size-large\"><img fetchpriority=\"high\" decoding=\"async\" width=\"1024\" height=\"683\" src=\"https:\/\/contextoanalisisperiodistico.com\/wp-content\/uploads\/2024\/01\/img-20240126-wa00411043041044561250462-1024x683.jpg\" alt=\"\" class=\"wp-image-23857\" srcset=\"https:\/\/contextoanalisisperiodistico.com\/wp-content\/uploads\/2024\/01\/img-20240126-wa00411043041044561250462-1024x683.jpg 1024w, https:\/\/contextoanalisisperiodistico.com\/wp-content\/uploads\/2024\/01\/img-20240126-wa00411043041044561250462-300x200.jpg 300w, https:\/\/contextoanalisisperiodistico.com\/wp-content\/uploads\/2024\/01\/img-20240126-wa00411043041044561250462-768x512.jpg 768w, https:\/\/contextoanalisisperiodistico.com\/wp-content\/uploads\/2024\/01\/img-20240126-wa00411043041044561250462.jpg 1200w\" sizes=\"(max-width: 1024px) 100vw, 1024px\" \/><\/figure>\n\n\n\n<figure class=\"wp-block-image\"><img decoding=\"async\" width=\"1024\" height=\"683\" src=\"https:\/\/contextoanalisisperiodistico.com\/wp-content\/uploads\/2024\/01\/img-20240126-wa00377098244043593910477-1024x683.jpg\" alt=\"\" class=\"wp-image-23859\" srcset=\"https:\/\/contextoanalisisperiodistico.com\/wp-content\/uploads\/2024\/01\/img-20240126-wa00377098244043593910477-1024x683.jpg 1024w, https:\/\/contextoanalisisperiodistico.com\/wp-content\/uploads\/2024\/01\/img-20240126-wa00377098244043593910477-300x200.jpg 300w, https:\/\/contextoanalisisperiodistico.com\/wp-content\/uploads\/2024\/01\/img-20240126-wa00377098244043593910477-768x512.jpg 768w, https:\/\/contextoanalisisperiodistico.com\/wp-content\/uploads\/2024\/01\/img-20240126-wa00377098244043593910477.jpg 1200w\" sizes=\"(max-width: 1024px) 100vw, 1024px\" \/><\/figure>\n\n\n\n<figure class=\"wp-block-image\"><img decoding=\"async\" width=\"1024\" height=\"683\" src=\"https:\/\/contextoanalisisperiodistico.com\/wp-content\/uploads\/2024\/01\/img-20240126-wa00388505551534569143437-1024x683.jpg\" alt=\"\" class=\"wp-image-23856\" srcset=\"https:\/\/contextoanalisisperiodistico.com\/wp-content\/uploads\/2024\/01\/img-20240126-wa00388505551534569143437-1024x683.jpg 1024w, https:\/\/contextoanalisisperiodistico.com\/wp-content\/uploads\/2024\/01\/img-20240126-wa00388505551534569143437-300x200.jpg 300w, https:\/\/contextoanalisisperiodistico.com\/wp-content\/uploads\/2024\/01\/img-20240126-wa00388505551534569143437-768x512.jpg 768w, https:\/\/contextoanalisisperiodistico.com\/wp-content\/uploads\/2024\/01\/img-20240126-wa00388505551534569143437.jpg 1200w\" sizes=\"(max-width: 1024px) 100vw, 1024px\" \/><\/figure>\n\n\n\n<figure class=\"wp-block-image\"><img loading=\"lazy\" decoding=\"async\" width=\"1024\" height=\"682\" src=\"https:\/\/contextoanalisisperiodistico.com\/wp-content\/uploads\/2024\/01\/img-20240126-wa00428556911165942300424-1024x682.jpg\" alt=\"\" class=\"wp-image-23858\" srcset=\"https:\/\/contextoanalisisperiodistico.com\/wp-content\/uploads\/2024\/01\/img-20240126-wa00428556911165942300424-1024x682.jpg 1024w, https:\/\/contextoanalisisperiodistico.com\/wp-content\/uploads\/2024\/01\/img-20240126-wa00428556911165942300424-300x200.jpg 300w, https:\/\/contextoanalisisperiodistico.com\/wp-content\/uploads\/2024\/01\/img-20240126-wa00428556911165942300424-768x511.jpg 768w, https:\/\/contextoanalisisperiodistico.com\/wp-content\/uploads\/2024\/01\/img-20240126-wa00428556911165942300424.jpg 1200w\" sizes=\"(max-width: 1024px) 100vw, 1024px\" \/><\/figure>\n\n\n\n<figure class=\"wp-block-image\"><img loading=\"lazy\" decoding=\"async\" width=\"1024\" height=\"683\" src=\"https:\/\/contextoanalisisperiodistico.com\/wp-content\/uploads\/2024\/01\/img-20240126-wa00395941896689574490291-1024x683.jpg\" alt=\"\" class=\"wp-image-23860\" srcset=\"https:\/\/contextoanalisisperiodistico.com\/wp-content\/uploads\/2024\/01\/img-20240126-wa00395941896689574490291-1024x683.jpg 1024w, https:\/\/contextoanalisisperiodistico.com\/wp-content\/uploads\/2024\/01\/img-20240126-wa00395941896689574490291-300x200.jpg 300w, https:\/\/contextoanalisisperiodistico.com\/wp-content\/uploads\/2024\/01\/img-20240126-wa00395941896689574490291-768x512.jpg 768w, https:\/\/contextoanalisisperiodistico.com\/wp-content\/uploads\/2024\/01\/img-20240126-wa00395941896689574490291.jpg 1200w\" sizes=\"(max-width: 1024px) 100vw, 1024px\" \/><\/figure>\n\n\n\n<figure class=\"wp-block-image\"><img loading=\"lazy\" decoding=\"async\" width=\"1024\" height=\"682\" src=\"https:\/\/contextoanalisisperiodistico.com\/wp-content\/uploads\/2024\/01\/img-20240126-wa00408200363245930522334-1024x682.jpg\" alt=\"\" class=\"wp-image-23861\" srcset=\"https:\/\/contextoanalisisperiodistico.com\/wp-content\/uploads\/2024\/01\/img-20240126-wa00408200363245930522334-1024x682.jpg 1024w, https:\/\/contextoanalisisperiodistico.com\/wp-content\/uploads\/2024\/01\/img-20240126-wa00408200363245930522334-300x200.jpg 300w, https:\/\/contextoanalisisperiodistico.com\/wp-content\/uploads\/2024\/01\/img-20240126-wa00408200363245930522334-768x511.jpg 768w, https:\/\/contextoanalisisperiodistico.com\/wp-content\/uploads\/2024\/01\/img-20240126-wa00408200363245930522334.jpg 1200w\" sizes=\"(max-width: 1024px) 100vw, 1024px\" \/><\/figure>\n\n\n\n<p>San Mateo Pe\u00f1asco, Oax. 26 de enero de 2024.- Como parte de las pol\u00edticas implementadas en el nuevo modelo de trabajo de gobierno de territorio propuesto por el Mandatario Salom\u00f3n Jara Cruz, funcionariado visit\u00f3 San Mateo Pe\u00f1asco, distrito de Tlaxiaco, para dar a conocer los beneficios que la Primavera Oaxaque\u00f1a llevar\u00e1 a la poblaci\u00f3n con inversi\u00f3n de 10 millones 69 mil 808 pesos.<br \/>Durante su visita por la regi\u00f3n de la Mixteca y acompa\u00f1ado por la Presidenta Honoraria del Sistema para el Desarrollo Integral de la Familia (DIF) Oaxaca, Irma Bola\u00f1os Quijano, el Gobernador asegur\u00f3 que su administraci\u00f3n trabaja con honradez en atenci\u00f3n a las carencias y necesidades de las comunidades con la estrategia Trabajo que Transforma tu Municipio.<br \/>Durante el encuentro que fue atestiguado por el presidente municipal de San Mateo Pe\u00f1asco, Gerardo Ram\u00edrez Espinoza y la poblaci\u00f3n, Jara Cruz reiter\u00f3 su apoyo para trabajar en equipo con las autoridades municipales, pues \u201cno podemos seguir en la pobreza, el abandono, ni en el olvido; por eso venimos a devolver el coraz\u00f3n al pueblo con trabajo y con obras\u201d.<br \/>En dicho contexto la Secretar\u00eda de Finanzas (Sefin) coment\u00f3 que el Gobernador gestion\u00f3 en 2023 un recurso adicional que fue depositado al municipio por la cantidad de 111 mil 983 pesos; al tiempo que Servicios de Salud de Oaxaca (SSO) dio a conocer que dotar\u00e1 de medicamentos al centro de salud con inversi\u00f3n de 703 mil 227 pesos.<br \/>En otro sentido, Caminos Bienestar (Cabien) retomar\u00e1 la solicitud de apertura del camino de San Pedro el Alto a El Vergel de San Mateo Pe\u00f1asco, con inversi\u00f3n de 5 millones de pesos en una primera etapa.<br \/>Vivienda Bienestar (Vibien) anunci\u00f3 la construcci\u00f3n de 20 ba\u00f1os con biodigestores con inversi\u00f3n de 1 mill\u00f3n 400 mil pesos, y 50 pisos firmes por un monto de 725 mil pesos, los cuales suman un total de 2 millones 125 mil pesos en una primera etapa.<br \/>En su oportunidad el Sistema para el Desarrollo Integral de la Familia (DIF) Oaxaca, en voz de su Presidenta, indic\u00f3 que con un monto de 982 mil 581 pesos invirtieron en diversos programas enfocados a grupos prioritarios.<br \/>Por su parte, el Instituto Estatal de Educaci\u00f3n P\u00fablica de Oaxaca (IEEPO) ahond\u00f3 que entregar\u00e1 15 computadoras de escritorio a la secundaria del lugar, adem\u00e1s de atender su requerimiento de dos docentes. Asimismo, al preescolar se le dotar\u00e1 de una computadora port\u00e1til, un proyector, un equipo de sonido y un lote de mobiliario.<br \/>En el mismo sentido la primaria recibir\u00e1 dos lotes de mobiliario, pizarrones y escritorio; mientras el Centro de Educaci\u00f3n Inicial ser\u00e1 equipado con un lote de mobiliario, un equipo de sonido, pintura y una computadora port\u00e1til. Todo con inversi\u00f3n de 535 mil pesos.<br \/>Respecto al apoyo para mujeres, la Secretar\u00eda de Bienestar, Tequio e Inclusi\u00f3n (Sebienti) beneficiar\u00e1 a 25 madres de familia en condiciones de pobreza extrema con 408 mil pesos.<br \/>Debido a que el municipio es el productor y proveedor principal de hortalizas de la microrregi\u00f3n, la Secretar\u00eda de Fomento Agroalimentario y Desarrollo Rural (Sefader) enviar\u00e1 un t\u00e9cnico para realizar un estudio para un sistema de riego y un proyecto agroalimentario.<br \/>Finalmente, a trav\u00e9s de la Secretar\u00eda de Interculturalidad, Pueblos y comunidades Ind\u00edgenas y Afromexicanas (SIPCIA) se apoyar\u00e1 con becas a cinco mujeres emprendedoras y cuatro j\u00f3venes que estudien el nivel medio superior y que tengan un promedio m\u00ednimo de ocho.<br \/>-0-<\/p>\n","protected":false},"excerpt":{"rendered":"<p>\u2022 Salom\u00f3n Jara asegur\u00f3 que su administraci\u00f3n trabaja en atenci\u00f3n a las carencias y necesidades&#8230;<\/p>\n","protected":false},"author":4,"featured_media":23855,"comment_status":"","ping_status":"open","sticky":false,"template":"","format":"standard","meta":{"footnotes":""},"categories":[9],"tags":[],"jetpack_sharing_enabled":true,"featured_image_urls":{"full":["https:\/\/contextoanalisisperiodistico.com\/wp-content\/uploads\/2024\/01\/IMG-20240126-WA0043.jpg",1200,800,false],"thumbnail":["https:\/\/contextoanalisisperiodistico.com\/wp-content\/uploads\/2024\/01\/IMG-20240126-WA0043-150x150.jpg",150,150,true],"medium":["https:\/\/contextoanalisisperiodistico.com\/wp-content\/uploads\/2024\/01\/IMG-20240126-WA0043-300x200.jpg",300,200,true],"medium_large":["https:\/\/contextoanalisisperiodistico.com\/wp-content\/uploads\/2024\/01\/IMG-20240126-WA0043-768x512.jpg",640,427,true],"large":["https:\/\/contextoanalisisperiodistico.com\/wp-content\/uploads\/2024\/01\/IMG-20240126-WA0043-1024x683.jpg",640,427,true],"1536x1536":["https:\/\/contextoanalisisperiodistico.com\/wp-content\/uploads\/2024\/01\/IMG-20240126-WA0043.jpg",1200,800,false],"2048x2048":["https:\/\/contextoanalisisperiodistico.com\/wp-content\/uploads\/2024\/01\/IMG-20240126-WA0043.jpg",1200,800,false],"covernews-slider-full":["https:\/\/contextoanalisisperiodistico.com\/wp-content\/uploads\/2024\/01\/IMG-20240126-WA0043-1115x715.jpg",1115,715,true],"covernews-slider-center":["https:\/\/contextoanalisisperiodistico.com\/wp-content\/uploads\/2024\/01\/IMG-20240126-WA0043-800x500.jpg",800,500,true],"covernews-featured":["https:\/\/contextoanalisisperiodistico.com\/wp-content\/uploads\/2024\/01\/IMG-20240126-WA0043-1024x683.jpg",1024,683,true],"covernews-medium":["https:\/\/contextoanalisisperiodistico.com\/wp-content\/uploads\/2024\/01\/IMG-20240126-WA0043-540x340.jpg",540,340,true],"covernews-medium-square":["https:\/\/contextoanalisisperiodistico.com\/wp-content\/uploads\/2024\/01\/IMG-20240126-WA0043-400x250.jpg",400,250,true]},"author_info":{"display_name":"Mario Gir\u00f3n","author_link":"https:\/\/contextoanalisisperiodistico.com\/index.php\/author\/director\/"},"category_info":"<a href=\"https:\/\/contextoanalisisperiodistico.com\/index.php\/category\/politica\/\" rel=\"category tag\">Pol\u00edtica<\/a>","tag_info":"Pol\u00edtica","comment_count":"0","jetpack_featured_media_url":"https:\/\/contextoanalisisperiodistico.com\/wp-content\/uploads\/2024\/01\/IMG-20240126-WA0043.jpg","_links":{"self":[{"href":"https:\/\/contextoanalisisperiodistico.com\/index.php\/wp-json\/wp\/v2\/posts\/23862"}],"collection":[{"href":"https:\/\/contextoanalisisperiodistico.com\/index.php\/wp-json\/wp\/v2\/posts"}],"about":[{"href":"https:\/\/contextoanalisisperiodistico.com\/index.php\/wp-json\/wp\/v2\/types\/post"}],"author":[{"embeddable":true,"href":"https:\/\/contextoanalisisperiodistico.com\/index.php\/wp-json\/wp\/v2\/users\/4"}],"replies":[{"embeddable":true,"href":"https:\/\/contextoanalisisperiodistico.com\/index.php\/wp-json\/wp\/v2\/comments?post=23862"}],"version-history":[{"count":0,"href":"https:\/\/contextoanalisisperiodistico.com\/index.php\/wp-json\/wp\/v2\/posts\/23862\/revisions"}],"wp:featuredmedia":[{"embeddable":true,"href":"https:\/\/contextoanalisisperiodistico.com\/index.php\/wp-json\/wp\/v2\/media\/23855"}],"wp:attachment":[{"href":"https:\/\/contextoanalisisperiodistico.com\/index.php\/wp-json\/wp\/v2\/media?parent=23862"}],"wp:term":[{"taxonomy":"category","embeddable":true,"href":"https:\/\/contextoanalisisperiodistico.com\/index.php\/wp-json\/wp\/v2\/categories?post=23862"},{"taxonomy":"post_tag","embeddable":true,"href":"https:\/\/contextoanalisisperiodistico.com\/index.php\/wp-json\/wp\/v2\/tags?post=23862"}],"curies":[{"name":"wp","href":"https:\/\/api.w.org\/{rel}","templated":true}]}}