{"id":23833,"date":"2024-01-25T19:46:52","date_gmt":"2024-01-26T01:46:52","guid":{"rendered":"https:\/\/contextoanalisisperiodistico.com\/index.php\/2024\/01\/25\/con-acciones-en-fitur-2024-oaxaca-fortalece-su-posicionamiento-en-el-mercado-turistico-internacional\/"},"modified":"2024-01-25T19:47:36","modified_gmt":"2024-01-26T01:47:36","slug":"con-acciones-en-fitur-2024-oaxaca-fortalece-su-posicionamiento-en-el-mercado-turistico-internacional","status":"publish","type":"post","link":"https:\/\/contextoanalisisperiodistico.com\/index.php\/2024\/01\/25\/con-acciones-en-fitur-2024-oaxaca-fortalece-su-posicionamiento-en-el-mercado-turistico-internacional\/","title":{"rendered":"Oaxaca fortalece su posicionamiento en el mercado tur\u00edstico internacional"},"content":{"rendered":"<div id=\"fb-root\"><\/div>\n\n<p>\u2022 La titular de la Sectur sostuvo reuniones con empresas l\u00edderes del sector y autoridades tur\u00edsticas<\/p>\n\n\n\n<figure class=\"wp-block-image size-large\"><img fetchpriority=\"high\" decoding=\"async\" width=\"1024\" height=\"682\" src=\"https:\/\/contextoanalisisperiodistico.com\/wp-content\/uploads\/2024\/01\/img-20240125-wa00807470866524378402040-1024x682.jpg\" alt=\"\" class=\"wp-image-23829\" srcset=\"https:\/\/contextoanalisisperiodistico.com\/wp-content\/uploads\/2024\/01\/img-20240125-wa00807470866524378402040-1024x682.jpg 1024w, https:\/\/contextoanalisisperiodistico.com\/wp-content\/uploads\/2024\/01\/img-20240125-wa00807470866524378402040-300x200.jpg 300w, https:\/\/contextoanalisisperiodistico.com\/wp-content\/uploads\/2024\/01\/img-20240125-wa00807470866524378402040-768x512.jpg 768w, https:\/\/contextoanalisisperiodistico.com\/wp-content\/uploads\/2024\/01\/img-20240125-wa00807470866524378402040-1536x1023.jpg 1536w, https:\/\/contextoanalisisperiodistico.com\/wp-content\/uploads\/2024\/01\/img-20240125-wa00807470866524378402040.jpg 1600w\" sizes=\"(max-width: 1024px) 100vw, 1024px\" \/><\/figure>\n\n\n\n<figure class=\"wp-block-image\"><img decoding=\"async\" width=\"1024\" height=\"682\" src=\"https:\/\/contextoanalisisperiodistico.com\/wp-content\/uploads\/2024\/01\/img-20240125-wa00826029817600175075000-1024x682.jpg\" alt=\"\" class=\"wp-image-23830\" srcset=\"https:\/\/contextoanalisisperiodistico.com\/wp-content\/uploads\/2024\/01\/img-20240125-wa00826029817600175075000-1024x682.jpg 1024w, https:\/\/contextoanalisisperiodistico.com\/wp-content\/uploads\/2024\/01\/img-20240125-wa00826029817600175075000-300x200.jpg 300w, https:\/\/contextoanalisisperiodistico.com\/wp-content\/uploads\/2024\/01\/img-20240125-wa00826029817600175075000-768x512.jpg 768w, https:\/\/contextoanalisisperiodistico.com\/wp-content\/uploads\/2024\/01\/img-20240125-wa00826029817600175075000-1536x1023.jpg 1536w, https:\/\/contextoanalisisperiodistico.com\/wp-content\/uploads\/2024\/01\/img-20240125-wa00826029817600175075000.jpg 1600w\" sizes=\"(max-width: 1024px) 100vw, 1024px\" \/><\/figure>\n\n\n\n<figure class=\"wp-block-image\"><img decoding=\"async\" width=\"1024\" height=\"682\" src=\"https:\/\/contextoanalisisperiodistico.com\/wp-content\/uploads\/2024\/01\/img-20240125-wa00818963067160552369433-1024x682.jpg\" alt=\"\" class=\"wp-image-23832\" srcset=\"https:\/\/contextoanalisisperiodistico.com\/wp-content\/uploads\/2024\/01\/img-20240125-wa00818963067160552369433-1024x682.jpg 1024w, https:\/\/contextoanalisisperiodistico.com\/wp-content\/uploads\/2024\/01\/img-20240125-wa00818963067160552369433-300x200.jpg 300w, https:\/\/contextoanalisisperiodistico.com\/wp-content\/uploads\/2024\/01\/img-20240125-wa00818963067160552369433-768x512.jpg 768w, https:\/\/contextoanalisisperiodistico.com\/wp-content\/uploads\/2024\/01\/img-20240125-wa00818963067160552369433-1536x1023.jpg 1536w, https:\/\/contextoanalisisperiodistico.com\/wp-content\/uploads\/2024\/01\/img-20240125-wa00818963067160552369433.jpg 1600w\" sizes=\"(max-width: 1024px) 100vw, 1024px\" \/><\/figure>\n\n\n\n<figure class=\"wp-block-image\"><img loading=\"lazy\" decoding=\"async\" width=\"1024\" height=\"682\" src=\"https:\/\/contextoanalisisperiodistico.com\/wp-content\/uploads\/2024\/01\/img-20240125-wa00791853656691423227745-1024x682.jpg\" alt=\"\" class=\"wp-image-23831\" srcset=\"https:\/\/contextoanalisisperiodistico.com\/wp-content\/uploads\/2024\/01\/img-20240125-wa00791853656691423227745-1024x682.jpg 1024w, https:\/\/contextoanalisisperiodistico.com\/wp-content\/uploads\/2024\/01\/img-20240125-wa00791853656691423227745-300x200.jpg 300w, https:\/\/contextoanalisisperiodistico.com\/wp-content\/uploads\/2024\/01\/img-20240125-wa00791853656691423227745-768x512.jpg 768w, https:\/\/contextoanalisisperiodistico.com\/wp-content\/uploads\/2024\/01\/img-20240125-wa00791853656691423227745-1536x1023.jpg 1536w, https:\/\/contextoanalisisperiodistico.com\/wp-content\/uploads\/2024\/01\/img-20240125-wa00791853656691423227745.jpg 1600w\" sizes=\"(max-width: 1024px) 100vw, 1024px\" \/><\/figure>\n\n\n\n<p>Madrid, Espa\u00f1a, 25 de enero de 2024.- Con el objetivo de captar mercados potenciales para el incremento de la afluencia tur\u00edstica internacional en la entidad, la secretaria de Turismo del estado Saymi Pineda Velasco sostuvo diversas reuniones con autoridades del sector y representantes de empresas l\u00edderes de la industria sin chimeneas.<\/p>\n\n\n\n<p>Como parte de estas actividades en la Feria Internacional de Turismo (Fitur) de Madrid, Espa\u00f1a, Pineda Velasco se reuni\u00f3 con el vicepresidente de Turismo de Procolombia Gilberto Salcedo Ribero para abordar estrategias que permitan la colaboraci\u00f3n entre el gobierno estatal y dicha organizaci\u00f3n.<\/p>\n\n\n\n<p>La finalidad es dar mayor proyecci\u00f3n a los atractivos naturales y culturales de Oaxaca. En este encuentro participaron integrantes de las asociaciones de Hoteles y Moteles de Huatulco y Puerto Escondido, quienes informaron la oferta tur\u00edstica de estos destinos de la Costa.<\/p>\n\n\n\n<p>En el segundo d\u00eda de agenda, el equipo de la Sectur estatal atendi\u00f3 otras citas de negocios con empresas destacadas como el proveedor de viajes Last Minute, la turoperadora Civitatis, con la marca especializada en la comercializaci\u00f3n de viajes \u00c1voris, la compa\u00f1\u00eda de viajes online eDreams y el Grupo Viajes Tulum.<\/p>\n\n\n\n<p>Tambi\u00e9n atendieron a diversos medios de comunicaci\u00f3n interesados en la riqueza del estado; y se present\u00f3 la oferta tur\u00edstica en un evento convocado por la Uni\u00f3n de Secretarios de Turismo de M\u00e9xico A. C. (Asetur).<\/p>\n\n\n\n<p>Asimismo, la secretaria de Turismo asisti\u00f3 a una reuni\u00f3n encabezada por el secretario de Turismo federal, Miguel Torruco Marqu\u00e9s, con el embajador de M\u00e9xico en Espa\u00f1a, Quirino Ordaz Coppel.<\/p>\n\n\n\n<p>Adem\u00e1s, acompa\u00f1\u00f3 al maestro artesano originario de San Antonio Arrazola, Ang\u00e9lico Jim\u00e9nez Hern\u00e1ndez, en la entrega de una de las obras de este exponente del tallado en madera a la Embajada de M\u00e9xico.<\/p>\n\n\n\n<p>Fue una pieza que representa un nahual, el elemento principal de la marca tur\u00edstica \u201cOaxaca, tierra orgullosa de sus ra\u00edces\u201d, que estar\u00e1 exhibida de manera permanente en las oficinas de la representaci\u00f3n diplom\u00e1tica.<\/p>\n\n\n\n<p>-0-<\/p>\n","protected":false},"excerpt":{"rendered":"<p>\u2022 La titular de la Sectur sostuvo reuniones con empresas l\u00edderes del sector y autoridades&#8230;<\/p>\n","protected":false},"author":4,"featured_media":23828,"comment_status":"closed","ping_status":"open","sticky":false,"template":"","format":"standard","meta":{"footnotes":""},"categories":[138],"tags":[],"jetpack_sharing_enabled":true,"featured_image_urls":{"full":["https:\/\/contextoanalisisperiodistico.com\/wp-content\/uploads\/2024\/01\/IMG-20240125-WA0083.jpg",1600,1066,false],"thumbnail":["https:\/\/contextoanalisisperiodistico.com\/wp-content\/uploads\/2024\/01\/IMG-20240125-WA0083-150x150.jpg",150,150,true],"medium":["https:\/\/contextoanalisisperiodistico.com\/wp-content\/uploads\/2024\/01\/IMG-20240125-WA0083-300x200.jpg",300,200,true],"medium_large":["https:\/\/contextoanalisisperiodistico.com\/wp-content\/uploads\/2024\/01\/IMG-20240125-WA0083-768x512.jpg",640,427,true],"large":["https:\/\/contextoanalisisperiodistico.com\/wp-content\/uploads\/2024\/01\/IMG-20240125-WA0083-1024x682.jpg",640,426,true],"1536x1536":["https:\/\/contextoanalisisperiodistico.com\/wp-content\/uploads\/2024\/01\/IMG-20240125-WA0083-1536x1023.jpg",1536,1023,true],"2048x2048":["https:\/\/contextoanalisisperiodistico.com\/wp-content\/uploads\/2024\/01\/IMG-20240125-WA0083.jpg",1600,1066,false],"covernews-slider-full":["https:\/\/contextoanalisisperiodistico.com\/wp-content\/uploads\/2024\/01\/IMG-20240125-WA0083-1115x715.jpg",1115,715,true],"covernews-slider-center":["https:\/\/contextoanalisisperiodistico.com\/wp-content\/uploads\/2024\/01\/IMG-20240125-WA0083-800x500.jpg",800,500,true],"covernews-featured":["https:\/\/contextoanalisisperiodistico.com\/wp-content\/uploads\/2024\/01\/IMG-20240125-WA0083-1024x682.jpg",1024,682,true],"covernews-medium":["https:\/\/contextoanalisisperiodistico.com\/wp-content\/uploads\/2024\/01\/IMG-20240125-WA0083-540x340.jpg",540,340,true],"covernews-medium-square":["https:\/\/contextoanalisisperiodistico.com\/wp-content\/uploads\/2024\/01\/IMG-20240125-WA0083-400x250.jpg",400,250,true]},"author_info":{"display_name":"Mario Gir\u00f3n","author_link":"https:\/\/contextoanalisisperiodistico.com\/index.php\/author\/director\/"},"category_info":"<a href=\"https:\/\/contextoanalisisperiodistico.com\/index.php\/category\/turismo\/\" rel=\"category tag\">Turismo<\/a>","tag_info":"Turismo","comment_count":"0","jetpack_featured_media_url":"https:\/\/contextoanalisisperiodistico.com\/wp-content\/uploads\/2024\/01\/IMG-20240125-WA0083.jpg","_links":{"self":[{"href":"https:\/\/contextoanalisisperiodistico.com\/index.php\/wp-json\/wp\/v2\/posts\/23833"}],"collection":[{"href":"https:\/\/contextoanalisisperiodistico.com\/index.php\/wp-json\/wp\/v2\/posts"}],"about":[{"href":"https:\/\/contextoanalisisperiodistico.com\/index.php\/wp-json\/wp\/v2\/types\/post"}],"author":[{"embeddable":true,"href":"https:\/\/contextoanalisisperiodistico.com\/index.php\/wp-json\/wp\/v2\/users\/4"}],"replies":[{"embeddable":true,"href":"https:\/\/contextoanalisisperiodistico.com\/index.php\/wp-json\/wp\/v2\/comments?post=23833"}],"version-history":[{"count":1,"href":"https:\/\/contextoanalisisperiodistico.com\/index.php\/wp-json\/wp\/v2\/posts\/23833\/revisions"}],"predecessor-version":[{"id":23834,"href":"https:\/\/contextoanalisisperiodistico.com\/index.php\/wp-json\/wp\/v2\/posts\/23833\/revisions\/23834"}],"wp:featuredmedia":[{"embeddable":true,"href":"https:\/\/contextoanalisisperiodistico.com\/index.php\/wp-json\/wp\/v2\/media\/23828"}],"wp:attachment":[{"href":"https:\/\/contextoanalisisperiodistico.com\/index.php\/wp-json\/wp\/v2\/media?parent=23833"}],"wp:term":[{"taxonomy":"category","embeddable":true,"href":"https:\/\/contextoanalisisperiodistico.com\/index.php\/wp-json\/wp\/v2\/categories?post=23833"},{"taxonomy":"post_tag","embeddable":true,"href":"https:\/\/contextoanalisisperiodistico.com\/index.php\/wp-json\/wp\/v2\/tags?post=23833"}],"curies":[{"name":"wp","href":"https:\/\/api.w.org\/{rel}","templated":true}]}}