{"id":23826,"date":"2024-01-25T19:39:14","date_gmt":"2024-01-26T01:39:14","guid":{"rendered":"https:\/\/contextoanalisisperiodistico.com\/index.php\/2024\/01\/25\/realiza-ieepo-primera-entrega-de-2024-de-titulos-profesionales-a-egresados-de-escuelas-normales-de-oaxaca\/"},"modified":"2024-01-25T19:42:10","modified_gmt":"2024-01-26T01:42:10","slug":"realiza-ieepo-primera-entrega-de-2024-de-titulos-profesionales-a-egresados-de-escuelas-normales-de-oaxaca","status":"publish","type":"post","link":"https:\/\/contextoanalisisperiodistico.com\/index.php\/2024\/01\/25\/realiza-ieepo-primera-entrega-de-2024-de-titulos-profesionales-a-egresados-de-escuelas-normales-de-oaxaca\/","title":{"rendered":"Entrega IEEPO t\u00edtulos profesionales a egresados de Escuelas Normales de Oaxaca"},"content":{"rendered":"<div id=\"fb-root\"><\/div>\n\n<p>\u2022 El Instituto realiz\u00f3 las gestiones ante las instancias correspondientes para que las y los graduados cuenten con este importante documento que avala su formaci\u00f3n acad\u00e9mica<\/p>\n\n\n\n<figure class=\"wp-block-image size-large\"><img fetchpriority=\"high\" decoding=\"async\" width=\"1024\" height=\"683\" src=\"https:\/\/contextoanalisisperiodistico.com\/wp-content\/uploads\/2024\/01\/img-20240125-wa00764801445281226547830-1024x683.jpg\" alt=\"\" class=\"wp-image-23823\" srcset=\"https:\/\/contextoanalisisperiodistico.com\/wp-content\/uploads\/2024\/01\/img-20240125-wa00764801445281226547830-1024x683.jpg 1024w, https:\/\/contextoanalisisperiodistico.com\/wp-content\/uploads\/2024\/01\/img-20240125-wa00764801445281226547830-300x200.jpg 300w, https:\/\/contextoanalisisperiodistico.com\/wp-content\/uploads\/2024\/01\/img-20240125-wa00764801445281226547830-768x512.jpg 768w, https:\/\/contextoanalisisperiodistico.com\/wp-content\/uploads\/2024\/01\/img-20240125-wa00764801445281226547830-1536x1024.jpg 1536w, https:\/\/contextoanalisisperiodistico.com\/wp-content\/uploads\/2024\/01\/img-20240125-wa00764801445281226547830.jpg 1600w\" sizes=\"(max-width: 1024px) 100vw, 1024px\" \/><\/figure>\n\n\n\n<figure class=\"wp-block-image\"><img decoding=\"async\" width=\"1024\" height=\"682\" src=\"https:\/\/contextoanalisisperiodistico.com\/wp-content\/uploads\/2024\/01\/img-20240125-wa00731444111131484297843-1024x682.jpg\" alt=\"\" class=\"wp-image-23824\" srcset=\"https:\/\/contextoanalisisperiodistico.com\/wp-content\/uploads\/2024\/01\/img-20240125-wa00731444111131484297843-1024x682.jpg 1024w, https:\/\/contextoanalisisperiodistico.com\/wp-content\/uploads\/2024\/01\/img-20240125-wa00731444111131484297843-300x200.jpg 300w, https:\/\/contextoanalisisperiodistico.com\/wp-content\/uploads\/2024\/01\/img-20240125-wa00731444111131484297843-768x512.jpg 768w, https:\/\/contextoanalisisperiodistico.com\/wp-content\/uploads\/2024\/01\/img-20240125-wa00731444111131484297843-1536x1023.jpg 1536w, https:\/\/contextoanalisisperiodistico.com\/wp-content\/uploads\/2024\/01\/img-20240125-wa00731444111131484297843.jpg 1600w\" sizes=\"(max-width: 1024px) 100vw, 1024px\" \/><\/figure>\n\n\n\n<figure class=\"wp-block-image\"><img decoding=\"async\" width=\"1024\" height=\"684\" src=\"https:\/\/contextoanalisisperiodistico.com\/wp-content\/uploads\/2024\/01\/img-20240125-wa00746617350541466533785-1024x684.jpg\" alt=\"\" class=\"wp-image-23825\" srcset=\"https:\/\/contextoanalisisperiodistico.com\/wp-content\/uploads\/2024\/01\/img-20240125-wa00746617350541466533785-1024x684.jpg 1024w, https:\/\/contextoanalisisperiodistico.com\/wp-content\/uploads\/2024\/01\/img-20240125-wa00746617350541466533785-300x200.jpg 300w, https:\/\/contextoanalisisperiodistico.com\/wp-content\/uploads\/2024\/01\/img-20240125-wa00746617350541466533785-768x513.jpg 768w, https:\/\/contextoanalisisperiodistico.com\/wp-content\/uploads\/2024\/01\/img-20240125-wa00746617350541466533785-1536x1025.jpg 1536w, https:\/\/contextoanalisisperiodistico.com\/wp-content\/uploads\/2024\/01\/img-20240125-wa00746617350541466533785.jpg 1600w\" sizes=\"(max-width: 1024px) 100vw, 1024px\" \/><\/figure>\n\n\n\n<p>Oaxaca de Ju\u00e1rez, Oax. 25 de enero de 2024.- Muestra del compromiso del Gobernador Salom\u00f3n Jara Cruz con el desarrollo acad\u00e9mico y profesional de personas egresadas de Escuelas Normales, el Instituto Estatal de Educaci\u00f3n P\u00fablica de Oaxaca (IEEPO) realiz\u00f3 la primera entrega de este a\u00f1o de t\u00edtulos profesionales a 104 nuevos maestros y maestras, de un total de 303 documentos gestionados.<\/p>\n\n\n\n<p>Estos corresponden a la Escuela Normal Biling\u00fce Intercultural de Oaxaca (ENBIO), la Escuela Normal Experimental Huajuapan (ENEH), la Escuela Normal de Educaci\u00f3n Especial (ENEE) y la Escuela Normal Experimental Presidente L\u00e1zaro C\u00e1rdenas (ENELC) de Putla Villa de Guerrero.<\/p>\n\n\n\n<p>En la ceremonia en la que estuvo presente la secretaria de Educaci\u00f3n P\u00fablica de Oaxaca, Delfina Elizabeth Guzm\u00e1n D\u00edaz, con la representaci\u00f3n del Gobernador Salom\u00f3n Jara; a nombre del director general del IEEPO, Emilio Montero P\u00e9rez, el titular de la Secretar\u00eda Particular, Rub\u00e9n Ram\u00edrez S\u00e1nchez reconoci\u00f3 la entrega, esfuerzo y compromiso que mostraron las y los profesionistas para concluir sus estudios superiores.<\/p>\n\n\n\n<p>Se\u00f1al\u00f3 que la pol\u00edtica de gobierno de la Primavera Oaxaque\u00f1a es revalorar la labor docente y construir una nueva relaci\u00f3n de respeto y trabajo con el magisterio, y esta entrega, dijo, es una muestra clara de que las cosas van bien en la entidad y que la construcci\u00f3n de una mejor calidad de la educaci\u00f3n est\u00e1 en marcha.<\/p>\n\n\n\n<p>\u201cEn el Gobierno estatal y en el IEEPO estamos firmemente convencidos de que la alianza entre sociedad, magisterio y gobierno permitir\u00e1 que el estudiantado oaxaque\u00f1o tenga una mejor educaci\u00f3n, acorde a los nuevos desaf\u00edos que representan estos nuevos tiempos\u201d, enfatiz\u00f3.<\/p>\n\n\n\n<p>Expuso que del total de quienes recibir\u00e1n sus t\u00edtulos profesionales, 47 corresponden a la Escuela Normal Biling\u00fce Intercultural de Oaxaca; 123 a la Escuela Normal de Educaci\u00f3n Especial; 56 a la Escuela Normal Experimental Huajuapan; y 77 a la Escuela Normal Experimental Presidente L\u00e1zaro C\u00e1rdenas.<\/p>\n\n\n\n<p>En esta primera entrega, los documentos oficiales avalan los estudios cursados en las licenciaturas en Educaci\u00f3n Preescolar Intercultural Biling\u00fce; Educaci\u00f3n Primaria Intercultural Biling\u00fce; Educaci\u00f3n Primaria; Educaci\u00f3n F\u00edsica, Educaci\u00f3n Especial en el \u00e1rea auditiva y de lenguaje; Educaci\u00f3n Especial en el \u00e1rea intelectual; Educaci\u00f3n Preescolar y Educaci\u00f3n F\u00edsica.<\/p>\n\n\n\n<p>El Instituto Estatal de Educaci\u00f3n P\u00fablica de Oaxaca realiz\u00f3 las gestiones necesarias ante las instancias correspondientes para que las y los egresados normalistas cuenten con el t\u00edtulo profesional que avala su formaci\u00f3n acad\u00e9mica.<br \/>-0-<\/p>\n","protected":false},"excerpt":{"rendered":"<p>\u2022 El Instituto realiz\u00f3 las gestiones ante las instancias correspondientes para que las y los&#8230;<\/p>\n","protected":false},"author":4,"featured_media":23822,"comment_status":"closed","ping_status":"open","sticky":false,"template":"","format":"standard","meta":{"footnotes":""},"categories":[9],"tags":[],"jetpack_sharing_enabled":true,"featured_image_urls":{"full":["https:\/\/contextoanalisisperiodistico.com\/wp-content\/uploads\/2024\/01\/IMG-20240125-WA0075.jpg",1464,976,false],"thumbnail":["https:\/\/contextoanalisisperiodistico.com\/wp-content\/uploads\/2024\/01\/IMG-20240125-WA0075-150x150.jpg",150,150,true],"medium":["https:\/\/contextoanalisisperiodistico.com\/wp-content\/uploads\/2024\/01\/IMG-20240125-WA0075-300x200.jpg",300,200,true],"medium_large":["https:\/\/contextoanalisisperiodistico.com\/wp-content\/uploads\/2024\/01\/IMG-20240125-WA0075-768x512.jpg",640,427,true],"large":["https:\/\/contextoanalisisperiodistico.com\/wp-content\/uploads\/2024\/01\/IMG-20240125-WA0075-1024x683.jpg",640,427,true],"1536x1536":["https:\/\/contextoanalisisperiodistico.com\/wp-content\/uploads\/2024\/01\/IMG-20240125-WA0075.jpg",1464,976,false],"2048x2048":["https:\/\/contextoanalisisperiodistico.com\/wp-content\/uploads\/2024\/01\/IMG-20240125-WA0075.jpg",1464,976,false],"covernews-slider-full":["https:\/\/contextoanalisisperiodistico.com\/wp-content\/uploads\/2024\/01\/IMG-20240125-WA0075-1115x715.jpg",1115,715,true],"covernews-slider-center":["https:\/\/contextoanalisisperiodistico.com\/wp-content\/uploads\/2024\/01\/IMG-20240125-WA0075-800x500.jpg",800,500,true],"covernews-featured":["https:\/\/contextoanalisisperiodistico.com\/wp-content\/uploads\/2024\/01\/IMG-20240125-WA0075-1024x683.jpg",1024,683,true],"covernews-medium":["https:\/\/contextoanalisisperiodistico.com\/wp-content\/uploads\/2024\/01\/IMG-20240125-WA0075-540x340.jpg",540,340,true],"covernews-medium-square":["https:\/\/contextoanalisisperiodistico.com\/wp-content\/uploads\/2024\/01\/IMG-20240125-WA0075-400x250.jpg",400,250,true]},"author_info":{"display_name":"Mario Gir\u00f3n","author_link":"https:\/\/contextoanalisisperiodistico.com\/index.php\/author\/director\/"},"category_info":"<a href=\"https:\/\/contextoanalisisperiodistico.com\/index.php\/category\/politica\/\" rel=\"category tag\">Pol\u00edtica<\/a>","tag_info":"Pol\u00edtica","comment_count":"0","jetpack_featured_media_url":"https:\/\/contextoanalisisperiodistico.com\/wp-content\/uploads\/2024\/01\/IMG-20240125-WA0075.jpg","_links":{"self":[{"href":"https:\/\/contextoanalisisperiodistico.com\/index.php\/wp-json\/wp\/v2\/posts\/23826"}],"collection":[{"href":"https:\/\/contextoanalisisperiodistico.com\/index.php\/wp-json\/wp\/v2\/posts"}],"about":[{"href":"https:\/\/contextoanalisisperiodistico.com\/index.php\/wp-json\/wp\/v2\/types\/post"}],"author":[{"embeddable":true,"href":"https:\/\/contextoanalisisperiodistico.com\/index.php\/wp-json\/wp\/v2\/users\/4"}],"replies":[{"embeddable":true,"href":"https:\/\/contextoanalisisperiodistico.com\/index.php\/wp-json\/wp\/v2\/comments?post=23826"}],"version-history":[{"count":1,"href":"https:\/\/contextoanalisisperiodistico.com\/index.php\/wp-json\/wp\/v2\/posts\/23826\/revisions"}],"predecessor-version":[{"id":23827,"href":"https:\/\/contextoanalisisperiodistico.com\/index.php\/wp-json\/wp\/v2\/posts\/23826\/revisions\/23827"}],"wp:featuredmedia":[{"embeddable":true,"href":"https:\/\/contextoanalisisperiodistico.com\/index.php\/wp-json\/wp\/v2\/media\/23822"}],"wp:attachment":[{"href":"https:\/\/contextoanalisisperiodistico.com\/index.php\/wp-json\/wp\/v2\/media?parent=23826"}],"wp:term":[{"taxonomy":"category","embeddable":true,"href":"https:\/\/contextoanalisisperiodistico.com\/index.php\/wp-json\/wp\/v2\/categories?post=23826"},{"taxonomy":"post_tag","embeddable":true,"href":"https:\/\/contextoanalisisperiodistico.com\/index.php\/wp-json\/wp\/v2\/tags?post=23826"}],"curies":[{"name":"wp","href":"https:\/\/api.w.org\/{rel}","templated":true}]}}