{"id":23821,"date":"2024-01-25T19:33:52","date_gmt":"2024-01-26T01:33:52","guid":{"rendered":"https:\/\/contextoanalisisperiodistico.com\/index.php\/2024\/01\/25\/martinez-neri-solicita-licencia-al-cabildo-de-oaxaca-de-juarez\/"},"modified":"2024-01-25T19:33:52","modified_gmt":"2024-01-26T01:33:52","slug":"martinez-neri-solicita-licencia-al-cabildo-de-oaxaca-de-juarez","status":"publish","type":"post","link":"https:\/\/contextoanalisisperiodistico.com\/index.php\/2024\/01\/25\/martinez-neri-solicita-licencia-al-cabildo-de-oaxaca-de-juarez\/","title":{"rendered":"Mart\u00ednez Neri solicita  licencia al Cabildo de Oaxaca de Ju\u00e1rez <code> <\/code>"},"content":{"rendered":"<div id=\"fb-root\"><\/div>\n\n<p>* Cumpliendo lo marcado en la Ley electoral, Francisco Mart\u00ednez Neri present\u00f3 solicitud de licencia al Cabildo Municipal que le fue aprobada por unanimidad <\/p>\n\n\n\n<p>El Cabildo de Oaxaca de Ju\u00e1rez, aprob\u00f3 por unanimidad la solicitud de licencia de Francisco Mart\u00ednez Neri como presidente municipal de la capital.<\/p>\n\n\n\n<p>En la sesi\u00f3n ordinaria de Cabildo de este jueves, se present\u00f3 la solicitud presentada por el edil, quien deja el cargo por un periodo de 15 d\u00edas.<\/p>\n\n\n\n<p>En conferencia de prensa Francisco Mart\u00ednez Neri confirm\u00f3 que la solicitud es para participar en algunas actividades que tienen que ver con la promoci\u00f3n del partido Movimiento de Regeneraci\u00f3n Nacional (Morena), de cara a la elecci\u00f3n del pr\u00f3ximo candidato o candidata a la capital.<\/p>\n\n\n\n<p>Detall\u00f3 que la intenci\u00f3n es que se pueda transparentar que el proceso que est\u00e1 realizando es totalmente transparente.<\/p>\n\n\n\n<p>Durante este lapso de tiempo, dijo que estar\u00e1 recorriendo algunas agencias y colonias, as\u00ed como visitando a algunas familias para conocer sus principales necesidades.<\/p>\n\n\n\n<p>Asimismo, resalt\u00f3 que ser\u00e1 vigilante de la realizaci\u00f3n de la encuesta que llevar\u00e1 a cabo el partido Morena, donde se elegir\u00e1 al pr\u00f3ximo candidato o candidata a la capital.<\/p>\n\n\n\n<p>Sobre este tema, mencion\u00f3 que ser\u00e1 respetuoso de la designaci\u00f3n que haga el partido Morena, sea \u00e9l o no el elegido para competir por el cargo.<\/p>\n\n\n\n<p>Francisco Mart\u00ednez reconoci\u00f3 que su primera etapa al frente de la administraci\u00f3n municipal ha sido complicado, pero que ha podido atender temas importantes como el de la basura y la deuda.<\/p>\n\n\n\n<p>Indic\u00f3 que en esta segunda etapa, la intenci\u00f3n es consolidar una administraci\u00f3n m\u00e1s estable, confiado que el tema de la basura se pueda atender con el tema del CIRRSU, y reforzar \u00e1reas como el de seguridad, entre otros.<\/p>\n\n\n\n<p>Sobre la candidatura, dijo que la dirigencia estatal ya hizo una solicitud para evitar campa\u00f1a sucia y que se conduzcan con respeto en este proceso interno.<\/p>\n\n\n\n<p>Se contempla que pasado este periodo, el edil reasuma de nueva cuenta su cargo, para continuar con los trabajos al frente de la Ciudad de Oaxaca.<\/p>\n\n\n\n<p>Por el momento, en su lugar, fue designada como encargada de despacho a Judith Carre\u00f1o Hern\u00e1ndez, quien se desempe\u00f1a como regidora de Hacienda.<\/p>\n\n\n\n<figure class=\"wp-block-image size-large\"><img fetchpriority=\"high\" decoding=\"async\" width=\"1024\" height=\"683\" src=\"https:\/\/contextoanalisisperiodistico.com\/wp-content\/uploads\/2024\/01\/img-20240125-wa00591017747015944761770-1024x683.jpg\" alt=\"\" class=\"wp-image-23820\" srcset=\"https:\/\/contextoanalisisperiodistico.com\/wp-content\/uploads\/2024\/01\/img-20240125-wa00591017747015944761770-1024x683.jpg 1024w, https:\/\/contextoanalisisperiodistico.com\/wp-content\/uploads\/2024\/01\/img-20240125-wa00591017747015944761770-300x200.jpg 300w, https:\/\/contextoanalisisperiodistico.com\/wp-content\/uploads\/2024\/01\/img-20240125-wa00591017747015944761770-768x512.jpg 768w, https:\/\/contextoanalisisperiodistico.com\/wp-content\/uploads\/2024\/01\/img-20240125-wa00591017747015944761770.jpg 1280w\" sizes=\"(max-width: 1024px) 100vw, 1024px\" \/><\/figure>\n\n\n\n<figure class=\"wp-block-image\"><img decoding=\"async\" width=\"1024\" height=\"683\" src=\"https:\/\/contextoanalisisperiodistico.com\/wp-content\/uploads\/2024\/01\/img-20240125-wa00579217898054646026238-1024x683.jpg\" alt=\"\" class=\"wp-image-23819\" srcset=\"https:\/\/contextoanalisisperiodistico.com\/wp-content\/uploads\/2024\/01\/img-20240125-wa00579217898054646026238-1024x683.jpg 1024w, https:\/\/contextoanalisisperiodistico.com\/wp-content\/uploads\/2024\/01\/img-20240125-wa00579217898054646026238-300x200.jpg 300w, https:\/\/contextoanalisisperiodistico.com\/wp-content\/uploads\/2024\/01\/img-20240125-wa00579217898054646026238-768x512.jpg 768w, https:\/\/contextoanalisisperiodistico.com\/wp-content\/uploads\/2024\/01\/img-20240125-wa00579217898054646026238.jpg 1280w\" sizes=\"(max-width: 1024px) 100vw, 1024px\" \/><\/figure>\n\n\n\n<figure class=\"wp-block-image\"><img decoding=\"async\" width=\"1024\" height=\"682\" src=\"https:\/\/contextoanalisisperiodistico.com\/wp-content\/uploads\/2024\/01\/img-20240125-wa00588676490610184149785-1024x682.jpg\" alt=\"\" class=\"wp-image-23818\" srcset=\"https:\/\/contextoanalisisperiodistico.com\/wp-content\/uploads\/2024\/01\/img-20240125-wa00588676490610184149785-1024x682.jpg 1024w, https:\/\/contextoanalisisperiodistico.com\/wp-content\/uploads\/2024\/01\/img-20240125-wa00588676490610184149785-300x200.jpg 300w, https:\/\/contextoanalisisperiodistico.com\/wp-content\/uploads\/2024\/01\/img-20240125-wa00588676490610184149785-768x512.jpg 768w, https:\/\/contextoanalisisperiodistico.com\/wp-content\/uploads\/2024\/01\/img-20240125-wa00588676490610184149785.jpg 1280w\" sizes=\"(max-width: 1024px) 100vw, 1024px\" \/><\/figure>\n","protected":false},"excerpt":{"rendered":"<p>* Cumpliendo lo marcado en la Ley electoral, Francisco Mart\u00ednez Neri present\u00f3 solicitud de licencia&#8230;<\/p>\n","protected":false},"author":4,"featured_media":23817,"comment_status":"","ping_status":"open","sticky":false,"template":"","format":"standard","meta":{"footnotes":""},"categories":[9],"tags":[],"jetpack_sharing_enabled":true,"featured_image_urls":{"full":["https:\/\/contextoanalisisperiodistico.com\/wp-content\/uploads\/2024\/01\/IMG-20240125-WA0056.jpg",1280,854,false],"thumbnail":["https:\/\/contextoanalisisperiodistico.com\/wp-content\/uploads\/2024\/01\/IMG-20240125-WA0056-150x150.jpg",150,150,true],"medium":["https:\/\/contextoanalisisperiodistico.com\/wp-content\/uploads\/2024\/01\/IMG-20240125-WA0056-300x200.jpg",300,200,true],"medium_large":["https:\/\/contextoanalisisperiodistico.com\/wp-content\/uploads\/2024\/01\/IMG-20240125-WA0056-768x512.jpg",640,427,true],"large":["https:\/\/contextoanalisisperiodistico.com\/wp-content\/uploads\/2024\/01\/IMG-20240125-WA0056-1024x683.jpg",640,427,true],"1536x1536":["https:\/\/contextoanalisisperiodistico.com\/wp-content\/uploads\/2024\/01\/IMG-20240125-WA0056.jpg",1280,854,false],"2048x2048":["https:\/\/contextoanalisisperiodistico.com\/wp-content\/uploads\/2024\/01\/IMG-20240125-WA0056.jpg",1280,854,false],"covernews-slider-full":["https:\/\/contextoanalisisperiodistico.com\/wp-content\/uploads\/2024\/01\/IMG-20240125-WA0056-1115x715.jpg",1115,715,true],"covernews-slider-center":["https:\/\/contextoanalisisperiodistico.com\/wp-content\/uploads\/2024\/01\/IMG-20240125-WA0056-800x500.jpg",800,500,true],"covernews-featured":["https:\/\/contextoanalisisperiodistico.com\/wp-content\/uploads\/2024\/01\/IMG-20240125-WA0056-1024x683.jpg",1024,683,true],"covernews-medium":["https:\/\/contextoanalisisperiodistico.com\/wp-content\/uploads\/2024\/01\/IMG-20240125-WA0056-540x340.jpg",540,340,true],"covernews-medium-square":["https:\/\/contextoanalisisperiodistico.com\/wp-content\/uploads\/2024\/01\/IMG-20240125-WA0056-400x250.jpg",400,250,true]},"author_info":{"display_name":"Mario Gir\u00f3n","author_link":"https:\/\/contextoanalisisperiodistico.com\/index.php\/author\/director\/"},"category_info":"<a href=\"https:\/\/contextoanalisisperiodistico.com\/index.php\/category\/politica\/\" rel=\"category tag\">Pol\u00edtica<\/a>","tag_info":"Pol\u00edtica","comment_count":"0","jetpack_featured_media_url":"https:\/\/contextoanalisisperiodistico.com\/wp-content\/uploads\/2024\/01\/IMG-20240125-WA0056.jpg","_links":{"self":[{"href":"https:\/\/contextoanalisisperiodistico.com\/index.php\/wp-json\/wp\/v2\/posts\/23821"}],"collection":[{"href":"https:\/\/contextoanalisisperiodistico.com\/index.php\/wp-json\/wp\/v2\/posts"}],"about":[{"href":"https:\/\/contextoanalisisperiodistico.com\/index.php\/wp-json\/wp\/v2\/types\/post"}],"author":[{"embeddable":true,"href":"https:\/\/contextoanalisisperiodistico.com\/index.php\/wp-json\/wp\/v2\/users\/4"}],"replies":[{"embeddable":true,"href":"https:\/\/contextoanalisisperiodistico.com\/index.php\/wp-json\/wp\/v2\/comments?post=23821"}],"version-history":[{"count":0,"href":"https:\/\/contextoanalisisperiodistico.com\/index.php\/wp-json\/wp\/v2\/posts\/23821\/revisions"}],"wp:featuredmedia":[{"embeddable":true,"href":"https:\/\/contextoanalisisperiodistico.com\/index.php\/wp-json\/wp\/v2\/media\/23817"}],"wp:attachment":[{"href":"https:\/\/contextoanalisisperiodistico.com\/index.php\/wp-json\/wp\/v2\/media?parent=23821"}],"wp:term":[{"taxonomy":"category","embeddable":true,"href":"https:\/\/contextoanalisisperiodistico.com\/index.php\/wp-json\/wp\/v2\/categories?post=23821"},{"taxonomy":"post_tag","embeddable":true,"href":"https:\/\/contextoanalisisperiodistico.com\/index.php\/wp-json\/wp\/v2\/tags?post=23821"}],"curies":[{"name":"wp","href":"https:\/\/api.w.org\/{rel}","templated":true}]}}