{"id":23805,"date":"2024-01-25T18:46:35","date_gmt":"2024-01-26T00:46:35","guid":{"rendered":"https:\/\/contextoanalisisperiodistico.com\/index.php\/2024\/01\/25\/exhorta-sego-a-conducirse-con-apego-a-la-ley-a-los-habitantes-de-la-agencia-vicente-guerrero\/"},"modified":"2024-01-25T18:46:35","modified_gmt":"2024-01-26T00:46:35","slug":"exhorta-sego-a-conducirse-con-apego-a-la-ley-a-los-habitantes-de-la-agencia-vicente-guerrero","status":"publish","type":"post","link":"https:\/\/contextoanalisisperiodistico.com\/index.php\/2024\/01\/25\/exhorta-sego-a-conducirse-con-apego-a-la-ley-a-los-habitantes-de-la-agencia-vicente-guerrero\/","title":{"rendered":"Exhorta Sego a conducirse con apego a la ley a los  habitantes de la agencia Vicente Guerrero"},"content":{"rendered":"<div id=\"fb-root\"><\/div>\n\n<p>Oaxaca de Ju\u00e1rez, Oax., 25 de enero de 2024.- El secretario de Gobierno Jes\u00fas Romero L\u00f3pez inform\u00f3 que este jueves se convoc\u00f3 a una mesa de di\u00e1logo con representantes de las agencias Vicente Guerrero y Renacimiento, del municipio Villa de Zaachila, para atender la problem\u00e1tica que existe en esta comunidad.<br>Lament\u00f3 la falta de inter\u00e9s de los representantes de la agencia Vicente Guerrero quienes adem\u00e1s de no atender el llamado al di\u00e1logo, generaron un ambiente de violencia en las inmediaciones.<br>Ante esta situaci\u00f3n, el encargado de la pol\u00edtica interna estatal llam\u00f3 a evitar la confrontaci\u00f3n y rechaz\u00f3 la presencia de cualquier sindicato en esta zona.<br>Acompa\u00f1ado por el presidente municipal de Villa de Zaachila, Rigoberto Chac\u00f3n, aclar\u00f3 que la postura presentada por la agencia Renacimiento fue la exigencia de respeto a su territorio, al denunciar la invasi\u00f3n por parte de la agencia Vicente Guerrero.<br>Romero L\u00f3pez insisti\u00f3 que el Gobierno del Estado no tiene el inter\u00e9s de reabrir el relleno sanitario que se ubic\u00f3 por muchos a\u00f1os en Zaachila, pero si sanear\u00e1 la zona para posteriormente clausurarlo de manera definitiva.<br>Asegur\u00f3 que debido al riesgo sanitario que representa para las y los habitantes del lugar, se sanear\u00e1, previo consenso con todas las comunidades afectadas.<br>Jes\u00fas Romero exhort\u00f3 a los actores sociales y pol\u00edticos de esta agencia a conducirse con apego a la ley y respeto a la integridad y vida de las personas, ya que la autoridad no permitir\u00e1 el uso de la violencia como mecanismo por el cual se imponga la raz\u00f3n o una visi\u00f3n particular.<br>Puntualiz\u00f3 que siempre estar\u00e1n abiertos al di\u00e1logo constructivo que impulsa el Gobernador Salom\u00f3n Jara, en concordancia con las autoridades municipales.<br>-0-<\/p>\n\n\n\n<figure class=\"wp-block-image size-large\"><img fetchpriority=\"high\" decoding=\"async\" width=\"1024\" height=\"576\" src=\"https:\/\/contextoanalisisperiodistico.com\/wp-content\/uploads\/2024\/01\/img-20240125-wa00664836038287916950433-1024x576.jpg\" alt=\"\" class=\"wp-image-23804\" srcset=\"https:\/\/contextoanalisisperiodistico.com\/wp-content\/uploads\/2024\/01\/img-20240125-wa00664836038287916950433-1024x576.jpg 1024w, https:\/\/contextoanalisisperiodistico.com\/wp-content\/uploads\/2024\/01\/img-20240125-wa00664836038287916950433-300x169.jpg 300w, https:\/\/contextoanalisisperiodistico.com\/wp-content\/uploads\/2024\/01\/img-20240125-wa00664836038287916950433-768x432.jpg 768w, https:\/\/contextoanalisisperiodistico.com\/wp-content\/uploads\/2024\/01\/img-20240125-wa00664836038287916950433-1536x864.jpg 1536w, https:\/\/contextoanalisisperiodistico.com\/wp-content\/uploads\/2024\/01\/img-20240125-wa00664836038287916950433.jpg 1600w\" sizes=\"(max-width: 1024px) 100vw, 1024px\" \/><\/figure>\n\n\n\n<figure class=\"wp-block-image\"><img decoding=\"async\" width=\"1024\" height=\"576\" src=\"https:\/\/contextoanalisisperiodistico.com\/wp-content\/uploads\/2024\/01\/img-20240125-wa00646214330478514690399-1024x576.jpg\" alt=\"\" class=\"wp-image-23803\" srcset=\"https:\/\/contextoanalisisperiodistico.com\/wp-content\/uploads\/2024\/01\/img-20240125-wa00646214330478514690399-1024x576.jpg 1024w, https:\/\/contextoanalisisperiodistico.com\/wp-content\/uploads\/2024\/01\/img-20240125-wa00646214330478514690399-300x169.jpg 300w, https:\/\/contextoanalisisperiodistico.com\/wp-content\/uploads\/2024\/01\/img-20240125-wa00646214330478514690399-768x432.jpg 768w, https:\/\/contextoanalisisperiodistico.com\/wp-content\/uploads\/2024\/01\/img-20240125-wa00646214330478514690399-1536x864.jpg 1536w, https:\/\/contextoanalisisperiodistico.com\/wp-content\/uploads\/2024\/01\/img-20240125-wa00646214330478514690399.jpg 1600w\" sizes=\"(max-width: 1024px) 100vw, 1024px\" \/><\/figure>\n","protected":false},"excerpt":{"rendered":"<p>Oaxaca de Ju\u00e1rez, Oax., 25 de enero de 2024.- El secretario de Gobierno Jes\u00fas Romero&#8230;<\/p>\n","protected":false},"author":4,"featured_media":23802,"comment_status":"","ping_status":"open","sticky":false,"template":"","format":"standard","meta":{"footnotes":""},"categories":[9],"tags":[],"jetpack_sharing_enabled":true,"featured_image_urls":{"full":["https:\/\/contextoanalisisperiodistico.com\/wp-content\/uploads\/2024\/01\/IMG-20240125-WA0065.jpg",1600,900,false],"thumbnail":["https:\/\/contextoanalisisperiodistico.com\/wp-content\/uploads\/2024\/01\/IMG-20240125-WA0065-150x150.jpg",150,150,true],"medium":["https:\/\/contextoanalisisperiodistico.com\/wp-content\/uploads\/2024\/01\/IMG-20240125-WA0065-300x169.jpg",300,169,true],"medium_large":["https:\/\/contextoanalisisperiodistico.com\/wp-content\/uploads\/2024\/01\/IMG-20240125-WA0065-768x432.jpg",640,360,true],"large":["https:\/\/contextoanalisisperiodistico.com\/wp-content\/uploads\/2024\/01\/IMG-20240125-WA0065-1024x576.jpg",640,360,true],"1536x1536":["https:\/\/contextoanalisisperiodistico.com\/wp-content\/uploads\/2024\/01\/IMG-20240125-WA0065-1536x864.jpg",1536,864,true],"2048x2048":["https:\/\/contextoanalisisperiodistico.com\/wp-content\/uploads\/2024\/01\/IMG-20240125-WA0065.jpg",1600,900,false],"covernews-slider-full":["https:\/\/contextoanalisisperiodistico.com\/wp-content\/uploads\/2024\/01\/IMG-20240125-WA0065-1115x715.jpg",1115,715,true],"covernews-slider-center":["https:\/\/contextoanalisisperiodistico.com\/wp-content\/uploads\/2024\/01\/IMG-20240125-WA0065-800x500.jpg",800,500,true],"covernews-featured":["https:\/\/contextoanalisisperiodistico.com\/wp-content\/uploads\/2024\/01\/IMG-20240125-WA0065-1024x576.jpg",1024,576,true],"covernews-medium":["https:\/\/contextoanalisisperiodistico.com\/wp-content\/uploads\/2024\/01\/IMG-20240125-WA0065-540x340.jpg",540,340,true],"covernews-medium-square":["https:\/\/contextoanalisisperiodistico.com\/wp-content\/uploads\/2024\/01\/IMG-20240125-WA0065-400x250.jpg",400,250,true]},"author_info":{"display_name":"Mario Gir\u00f3n","author_link":"https:\/\/contextoanalisisperiodistico.com\/index.php\/author\/director\/"},"category_info":"<a href=\"https:\/\/contextoanalisisperiodistico.com\/index.php\/category\/politica\/\" rel=\"category tag\">Pol\u00edtica<\/a>","tag_info":"Pol\u00edtica","comment_count":"0","jetpack_featured_media_url":"https:\/\/contextoanalisisperiodistico.com\/wp-content\/uploads\/2024\/01\/IMG-20240125-WA0065.jpg","_links":{"self":[{"href":"https:\/\/contextoanalisisperiodistico.com\/index.php\/wp-json\/wp\/v2\/posts\/23805"}],"collection":[{"href":"https:\/\/contextoanalisisperiodistico.com\/index.php\/wp-json\/wp\/v2\/posts"}],"about":[{"href":"https:\/\/contextoanalisisperiodistico.com\/index.php\/wp-json\/wp\/v2\/types\/post"}],"author":[{"embeddable":true,"href":"https:\/\/contextoanalisisperiodistico.com\/index.php\/wp-json\/wp\/v2\/users\/4"}],"replies":[{"embeddable":true,"href":"https:\/\/contextoanalisisperiodistico.com\/index.php\/wp-json\/wp\/v2\/comments?post=23805"}],"version-history":[{"count":0,"href":"https:\/\/contextoanalisisperiodistico.com\/index.php\/wp-json\/wp\/v2\/posts\/23805\/revisions"}],"wp:featuredmedia":[{"embeddable":true,"href":"https:\/\/contextoanalisisperiodistico.com\/index.php\/wp-json\/wp\/v2\/media\/23802"}],"wp:attachment":[{"href":"https:\/\/contextoanalisisperiodistico.com\/index.php\/wp-json\/wp\/v2\/media?parent=23805"}],"wp:term":[{"taxonomy":"category","embeddable":true,"href":"https:\/\/contextoanalisisperiodistico.com\/index.php\/wp-json\/wp\/v2\/categories?post=23805"},{"taxonomy":"post_tag","embeddable":true,"href":"https:\/\/contextoanalisisperiodistico.com\/index.php\/wp-json\/wp\/v2\/tags?post=23805"}],"curies":[{"name":"wp","href":"https:\/\/api.w.org\/{rel}","templated":true}]}}