{"id":23796,"date":"2024-01-25T18:06:15","date_gmt":"2024-01-26T00:06:15","guid":{"rendered":"https:\/\/contextoanalisisperiodistico.com\/index.php\/2024\/01\/25\/oaxaca-compartira-su-riqueza-gastronomica-en-la-guia-michelin-2024\/"},"modified":"2024-01-25T18:06:15","modified_gmt":"2024-01-26T00:06:15","slug":"oaxaca-compartira-su-riqueza-gastronomica-en-la-guia-michelin-2024","status":"publish","type":"post","link":"https:\/\/contextoanalisisperiodistico.com\/index.php\/2024\/01\/25\/oaxaca-compartira-su-riqueza-gastronomica-en-la-guia-michelin-2024\/","title":{"rendered":"Oaxaca compartir\u00e1 su riqueza gastron\u00f3mica en la Gu\u00eda Michelin 2024"},"content":{"rendered":"<div id=\"fb-root\"><\/div>\n\n<p>\u2022 La entidad oaxaque\u00f1a fue seleccionada como uno de los primeros seis estados para formar parte de la inclusi\u00f3n hist\u00f3rica de M\u00e9xico a esta gu\u00eda gastron\u00f3mica de prestigio internacional<\/p>\n\n\n\n<figure class=\"wp-block-image size-large\"><img fetchpriority=\"high\" decoding=\"async\" width=\"1024\" height=\"682\" src=\"https:\/\/contextoanalisisperiodistico.com\/wp-content\/uploads\/2024\/01\/img-20240125-wa00465708266785559454731-1024x682.jpg\" alt=\"\" class=\"wp-image-23793\" srcset=\"https:\/\/contextoanalisisperiodistico.com\/wp-content\/uploads\/2024\/01\/img-20240125-wa00465708266785559454731-1024x682.jpg 1024w, https:\/\/contextoanalisisperiodistico.com\/wp-content\/uploads\/2024\/01\/img-20240125-wa00465708266785559454731-300x200.jpg 300w, https:\/\/contextoanalisisperiodistico.com\/wp-content\/uploads\/2024\/01\/img-20240125-wa00465708266785559454731-768x512.jpg 768w, https:\/\/contextoanalisisperiodistico.com\/wp-content\/uploads\/2024\/01\/img-20240125-wa00465708266785559454731-1536x1023.jpg 1536w, https:\/\/contextoanalisisperiodistico.com\/wp-content\/uploads\/2024\/01\/img-20240125-wa00465708266785559454731.jpg 1600w\" sizes=\"(max-width: 1024px) 100vw, 1024px\" \/><\/figure>\n\n\n\n<figure class=\"wp-block-image\"><img decoding=\"async\" width=\"300\" height=\"200\" src=\"https:\/\/contextoanalisisperiodistico.com\/wp-content\/uploads\/2024\/01\/img-20240125-wa00497476914551835518063-300x200.jpg\" alt=\"\" class=\"wp-image-23794\" srcset=\"https:\/\/contextoanalisisperiodistico.com\/wp-content\/uploads\/2024\/01\/img-20240125-wa00497476914551835518063-300x200.jpg 300w, https:\/\/contextoanalisisperiodistico.com\/wp-content\/uploads\/2024\/01\/img-20240125-wa00497476914551835518063-768x512.jpg 768w, https:\/\/contextoanalisisperiodistico.com\/wp-content\/uploads\/2024\/01\/img-20240125-wa00497476914551835518063.jpg 990w\" sizes=\"(max-width: 300px) 100vw, 300px\" \/><\/figure>\n\n\n\n<figure class=\"wp-block-image\"><img decoding=\"async\" width=\"300\" height=\"200\" src=\"https:\/\/contextoanalisisperiodistico.com\/wp-content\/uploads\/2024\/01\/img-20240125-wa0048298967807179861054-300x200.jpg\" alt=\"\" class=\"wp-image-23795\" srcset=\"https:\/\/contextoanalisisperiodistico.com\/wp-content\/uploads\/2024\/01\/img-20240125-wa0048298967807179861054-300x200.jpg 300w, https:\/\/contextoanalisisperiodistico.com\/wp-content\/uploads\/2024\/01\/img-20240125-wa0048298967807179861054-768x512.jpg 768w, https:\/\/contextoanalisisperiodistico.com\/wp-content\/uploads\/2024\/01\/img-20240125-wa0048298967807179861054.jpg 990w\" sizes=\"(max-width: 300px) 100vw, 300px\" \/><\/figure>\n\n\n\n<figure class=\"wp-block-image\"><img loading=\"lazy\" decoding=\"async\" width=\"300\" height=\"200\" src=\"https:\/\/contextoanalisisperiodistico.com\/wp-content\/uploads\/2024\/01\/img-20240125-wa00505627452810912164140-300x200.jpg\" alt=\"\" class=\"wp-image-23792\" srcset=\"https:\/\/contextoanalisisperiodistico.com\/wp-content\/uploads\/2024\/01\/img-20240125-wa00505627452810912164140-300x200.jpg 300w, https:\/\/contextoanalisisperiodistico.com\/wp-content\/uploads\/2024\/01\/img-20240125-wa00505627452810912164140-768x512.jpg 768w, https:\/\/contextoanalisisperiodistico.com\/wp-content\/uploads\/2024\/01\/img-20240125-wa00505627452810912164140.jpg 990w\" sizes=\"(max-width: 300px) 100vw, 300px\" \/><\/figure>\n\n\n\n<p>\u2022 Se recibir\u00e1 la visita de las y los inspectores an\u00f3nimos para dar a conocer la cultura gastron\u00f3mica de la entidad y el pa\u00eds<\/p>\n\n\n\n<p>Madrid, Espa\u00f1a. 25 de enero de 2024.- El estado de Oaxaca fue presentado de manera oficial como uno de los seis primeros destinos mexicanos que integrar\u00e1n la Gu\u00eda Michelin en su edici\u00f3n 2024 para compartir con las y los viajeros del mundo los mejores lugares gastron\u00f3micos y las joyas culinarias que ofrece la entidad.<\/p>\n\n\n\n<p>El anuncio fue realizado por el secretario de Turismo del Gobierno de M\u00e9xico Miguel Torruco Marqu\u00e9s, en el marco de la edici\u00f3n 44 de la Feria Internacional de Turismo (Fitur) que se realiza en Madrid, Espa\u00f1a.<\/p>\n\n\n\n<p>De esta manera, Oaxaca, junto con la Ciudad de M\u00e9xico, Nuevo Le\u00f3n, Baja California, Baja California Sur y Quintana Roo, son los primeros destinos que forman parte de la inclusi\u00f3n hist\u00f3rica de M\u00e9xico a esta gu\u00eda y que recibir\u00e1n la visita de las y los inspectores an\u00f3nimos para dar a conocer la cultura gastron\u00f3mica del pa\u00eds.<\/p>\n\n\n\n<p>Este equipo de personas visitar\u00e1 diversos restaurantes en la b\u00fasqueda de tesoros culinarios, bajo diferentes criterios como calidad de los ingredientes, dominio de las t\u00e9cnicas de cocina, armon\u00eda de sabores, entre otros, para realizar la selecci\u00f3n de los establecimientos que formar\u00e1n parte de la gu\u00eda de restaurantes y hoteles m\u00e1s importante del mundo.<\/p>\n\n\n\n<p>En representaci\u00f3n del Gobernador Salom\u00f3n Jara Cruz, la secretaria de Turismo Saymi Pineda Velasco expres\u00f3 que este es un logro trascendental que destaca la historia gastron\u00f3mica de Oaxaca y resalta el talento y pasi\u00f3n de cocineras tradicionales, chefs y todo el conjunto de personas que se encuentran detr\u00e1s del funcionamiento de un restaurante.<\/p>\n\n\n\n<p>Asegur\u00f3 que esta selecci\u00f3n permitir\u00e1 consolidar la oferta gastron\u00f3mica como una ventaja competitiva ante el mundo y contribuir\u00e1 de manera significativa al desarrollo tur\u00edstico del estado.<\/p>\n\n\n\n<p>Pineda Velasco resalt\u00f3 que la Gu\u00eda Michelin 2024 destacar\u00e1 lo mejor en la escena gastron\u00f3mica de los destinos seleccionados en un marco de respeto a las tradiciones culinarias y permitir\u00e1 la creaci\u00f3n de estrategias coordinadas con la iniciativa privada para la profesionalizaci\u00f3n del sector tur\u00edstico y el posicionamiento del pa\u00eds a nivel internacional con la excelencia culinaria como eje principal.<\/p>\n\n\n\n<p>En este anuncio tambi\u00e9n participaron la Gobernadora de Quinta Roo, Mara Lezama, as\u00ed como representantes de las dependencias de Turismo de los estados seleccionados, personas socias Michelin y de la C\u00e1mara Nacional de la Industria de Restaurantes y Alimentos Condimentados (Canirac).<\/p>\n\n\n\n<p>-0-<\/p>\n","protected":false},"excerpt":{"rendered":"<p>\u2022 La entidad oaxaque\u00f1a fue seleccionada como uno de los primeros seis estados para formar&#8230;<\/p>\n","protected":false},"author":4,"featured_media":23791,"comment_status":"","ping_status":"open","sticky":false,"template":"","format":"standard","meta":{"footnotes":""},"categories":[9],"tags":[],"jetpack_sharing_enabled":true,"featured_image_urls":{"full":["https:\/\/contextoanalisisperiodistico.com\/wp-content\/uploads\/2024\/01\/IMG-20240125-WA0047.jpg",990,660,false],"thumbnail":["https:\/\/contextoanalisisperiodistico.com\/wp-content\/uploads\/2024\/01\/IMG-20240125-WA0047-150x150.jpg",150,150,true],"medium":["https:\/\/contextoanalisisperiodistico.com\/wp-content\/uploads\/2024\/01\/IMG-20240125-WA0047-300x200.jpg",300,200,true],"medium_large":["https:\/\/contextoanalisisperiodistico.com\/wp-content\/uploads\/2024\/01\/IMG-20240125-WA0047-768x512.jpg",640,427,true],"large":["https:\/\/contextoanalisisperiodistico.com\/wp-content\/uploads\/2024\/01\/IMG-20240125-WA0047.jpg",640,427,false],"1536x1536":["https:\/\/contextoanalisisperiodistico.com\/wp-content\/uploads\/2024\/01\/IMG-20240125-WA0047.jpg",990,660,false],"2048x2048":["https:\/\/contextoanalisisperiodistico.com\/wp-content\/uploads\/2024\/01\/IMG-20240125-WA0047.jpg",990,660,false],"covernews-slider-full":["https:\/\/contextoanalisisperiodistico.com\/wp-content\/uploads\/2024\/01\/IMG-20240125-WA0047.jpg",990,660,false],"covernews-slider-center":["https:\/\/contextoanalisisperiodistico.com\/wp-content\/uploads\/2024\/01\/IMG-20240125-WA0047-800x500.jpg",800,500,true],"covernews-featured":["https:\/\/contextoanalisisperiodistico.com\/wp-content\/uploads\/2024\/01\/IMG-20240125-WA0047.jpg",990,660,false],"covernews-medium":["https:\/\/contextoanalisisperiodistico.com\/wp-content\/uploads\/2024\/01\/IMG-20240125-WA0047-540x340.jpg",540,340,true],"covernews-medium-square":["https:\/\/contextoanalisisperiodistico.com\/wp-content\/uploads\/2024\/01\/IMG-20240125-WA0047-400x250.jpg",400,250,true]},"author_info":{"display_name":"Mario Gir\u00f3n","author_link":"https:\/\/contextoanalisisperiodistico.com\/index.php\/author\/director\/"},"category_info":"<a href=\"https:\/\/contextoanalisisperiodistico.com\/index.php\/category\/politica\/\" rel=\"category tag\">Pol\u00edtica<\/a>","tag_info":"Pol\u00edtica","comment_count":"0","jetpack_featured_media_url":"https:\/\/contextoanalisisperiodistico.com\/wp-content\/uploads\/2024\/01\/IMG-20240125-WA0047.jpg","_links":{"self":[{"href":"https:\/\/contextoanalisisperiodistico.com\/index.php\/wp-json\/wp\/v2\/posts\/23796"}],"collection":[{"href":"https:\/\/contextoanalisisperiodistico.com\/index.php\/wp-json\/wp\/v2\/posts"}],"about":[{"href":"https:\/\/contextoanalisisperiodistico.com\/index.php\/wp-json\/wp\/v2\/types\/post"}],"author":[{"embeddable":true,"href":"https:\/\/contextoanalisisperiodistico.com\/index.php\/wp-json\/wp\/v2\/users\/4"}],"replies":[{"embeddable":true,"href":"https:\/\/contextoanalisisperiodistico.com\/index.php\/wp-json\/wp\/v2\/comments?post=23796"}],"version-history":[{"count":0,"href":"https:\/\/contextoanalisisperiodistico.com\/index.php\/wp-json\/wp\/v2\/posts\/23796\/revisions"}],"wp:featuredmedia":[{"embeddable":true,"href":"https:\/\/contextoanalisisperiodistico.com\/index.php\/wp-json\/wp\/v2\/media\/23791"}],"wp:attachment":[{"href":"https:\/\/contextoanalisisperiodistico.com\/index.php\/wp-json\/wp\/v2\/media?parent=23796"}],"wp:term":[{"taxonomy":"category","embeddable":true,"href":"https:\/\/contextoanalisisperiodistico.com\/index.php\/wp-json\/wp\/v2\/categories?post=23796"},{"taxonomy":"post_tag","embeddable":true,"href":"https:\/\/contextoanalisisperiodistico.com\/index.php\/wp-json\/wp\/v2\/tags?post=23796"}],"curies":[{"name":"wp","href":"https:\/\/api.w.org\/{rel}","templated":true}]}}