{"id":23790,"date":"2024-01-25T18:01:28","date_gmt":"2024-01-26T00:01:28","guid":{"rendered":"https:\/\/contextoanalisisperiodistico.com\/index.php\/2024\/01\/25\/gobierno-de-oaxaca-resarce-el-dano-historico-de-santo-tomas-jalieza\/"},"modified":"2024-01-25T18:01:28","modified_gmt":"2024-01-26T00:01:28","slug":"gobierno-de-oaxaca-resarce-el-dano-historico-de-santo-tomas-jalieza","status":"publish","type":"post","link":"https:\/\/contextoanalisisperiodistico.com\/index.php\/2024\/01\/25\/gobierno-de-oaxaca-resarce-el-dano-historico-de-santo-tomas-jalieza\/","title":{"rendered":"<em>Gobierno de Oaxaca resarce el da\u00f1o hist\u00f3rico de Santo Tom\u00e1s Jalieza<\/em>"},"content":{"rendered":"<div id=\"fb-root\"><\/div>\n\n<p>\u2022 El Gobernador Salom\u00f3n Jara Cruz anunci\u00f3 una inversi\u00f3n superior a los 10 millones de pesos para esta municipalidad, que corresponden a los ejercicios fiscales 2023 y 2024<\/p>\n\n\n\n<figure class=\"wp-block-image size-large\"><img fetchpriority=\"high\" decoding=\"async\" width=\"1024\" height=\"682\" src=\"https:\/\/contextoanalisisperiodistico.com\/wp-content\/uploads\/2024\/01\/img-20240125-wa00437240138620404306519-1024x682.jpg\" alt=\"\" class=\"wp-image-23786\" srcset=\"https:\/\/contextoanalisisperiodistico.com\/wp-content\/uploads\/2024\/01\/img-20240125-wa00437240138620404306519-1024x682.jpg 1024w, https:\/\/contextoanalisisperiodistico.com\/wp-content\/uploads\/2024\/01\/img-20240125-wa00437240138620404306519-300x200.jpg 300w, https:\/\/contextoanalisisperiodistico.com\/wp-content\/uploads\/2024\/01\/img-20240125-wa00437240138620404306519-768x512.jpg 768w, https:\/\/contextoanalisisperiodistico.com\/wp-content\/uploads\/2024\/01\/img-20240125-wa00437240138620404306519.jpg 1280w\" sizes=\"(max-width: 1024px) 100vw, 1024px\" \/><\/figure>\n\n\n\n<figure class=\"wp-block-image\"><img decoding=\"async\" width=\"1024\" height=\"682\" src=\"https:\/\/contextoanalisisperiodistico.com\/wp-content\/uploads\/2024\/01\/img-20240125-wa00446752139770408557624-1024x682.jpg\" alt=\"\" class=\"wp-image-23787\" srcset=\"https:\/\/contextoanalisisperiodistico.com\/wp-content\/uploads\/2024\/01\/img-20240125-wa00446752139770408557624-1024x682.jpg 1024w, https:\/\/contextoanalisisperiodistico.com\/wp-content\/uploads\/2024\/01\/img-20240125-wa00446752139770408557624-300x200.jpg 300w, https:\/\/contextoanalisisperiodistico.com\/wp-content\/uploads\/2024\/01\/img-20240125-wa00446752139770408557624-768x512.jpg 768w, https:\/\/contextoanalisisperiodistico.com\/wp-content\/uploads\/2024\/01\/img-20240125-wa00446752139770408557624.jpg 1280w\" sizes=\"(max-width: 1024px) 100vw, 1024px\" \/><\/figure>\n\n\n\n<figure class=\"wp-block-image\"><img decoding=\"async\" width=\"1024\" height=\"682\" src=\"https:\/\/contextoanalisisperiodistico.com\/wp-content\/uploads\/2024\/01\/img-20240125-wa00415919779808354732185-1024x682.jpg\" alt=\"\" class=\"wp-image-23788\" srcset=\"https:\/\/contextoanalisisperiodistico.com\/wp-content\/uploads\/2024\/01\/img-20240125-wa00415919779808354732185-1024x682.jpg 1024w, https:\/\/contextoanalisisperiodistico.com\/wp-content\/uploads\/2024\/01\/img-20240125-wa00415919779808354732185-300x200.jpg 300w, https:\/\/contextoanalisisperiodistico.com\/wp-content\/uploads\/2024\/01\/img-20240125-wa00415919779808354732185-768x512.jpg 768w, https:\/\/contextoanalisisperiodistico.com\/wp-content\/uploads\/2024\/01\/img-20240125-wa00415919779808354732185.jpg 1280w\" sizes=\"(max-width: 1024px) 100vw, 1024px\" \/><\/figure>\n\n\n\n<figure class=\"wp-block-image\"><img loading=\"lazy\" decoding=\"async\" width=\"1024\" height=\"682\" src=\"https:\/\/contextoanalisisperiodistico.com\/wp-content\/uploads\/2024\/01\/img-20240125-wa0045155053265697175772-1024x682.jpg\" alt=\"\" class=\"wp-image-23789\" srcset=\"https:\/\/contextoanalisisperiodistico.com\/wp-content\/uploads\/2024\/01\/img-20240125-wa0045155053265697175772-1024x682.jpg 1024w, https:\/\/contextoanalisisperiodistico.com\/wp-content\/uploads\/2024\/01\/img-20240125-wa0045155053265697175772-300x200.jpg 300w, https:\/\/contextoanalisisperiodistico.com\/wp-content\/uploads\/2024\/01\/img-20240125-wa0045155053265697175772-768x512.jpg 768w, https:\/\/contextoanalisisperiodistico.com\/wp-content\/uploads\/2024\/01\/img-20240125-wa0045155053265697175772.jpg 1280w\" sizes=\"(max-width: 1024px) 100vw, 1024px\" \/><\/figure>\n\n\n\n<p>Santo Tom\u00e1s Jalieza, Oax. 25 de enero de 2024.- Mediante la estrategia Trabajo que Transforma tu Municipio, el Gobierno del Estado de Oaxaca resarcir\u00e1 el da\u00f1o hist\u00f3rico de esta localidad con una inversi\u00f3n de 10 millones 516 mil pesos para educaci\u00f3n, salud, caminos y dem\u00e1s rubros que aumentar\u00e1n los \u00edndices de desarrollo econ\u00f3mico de las familias oaxaque\u00f1as.<\/p>\n\n\n\n<p>En gira de trabajo por la regi\u00f3n de los Valles Centrales, el Gobernador Salom\u00f3n Jara Cruz acompa\u00f1ado de la Presidenta Honoraria del Sistema DIF Oaxaca, Irma Bola\u00f1os Quijano, visit\u00f3 este municipio conocido por la elaboraci\u00f3n de piezas \u00fanicas de telar de cintura, para dar a conocer acciones y programas que las dependencias estatales realizan con recursos econ\u00f3micos de los ejercicios fiscales 2023 y 2024.<\/p>\n\n\n\n<p>De esta manera, la Secretar\u00eda de Finanzas (Sefin) inform\u00f3 que en el a\u00f1o 2023 se depositaron 366 mil 377 pesos por parte del Fondo Compensatorio del Gobierno Federal, el cual podr\u00e1 ser utilizado en obras prioritarias.<\/p>\n\n\n\n<p>La Secretar\u00eda de Interculturalidad, Pueblos y Comunidades Ind\u00edgenas y Afromexicanas (SIPCIA) otorg\u00f3 a la comunidad con el programa Fondo Comunitario, mediante un paquete de ocho recolectores de agua con una inversi\u00f3n de 25 mil pesos, tambi\u00e9n aplic\u00f3 el programa Mujeres Emprendiendo en beneficio de una mujer con recursos econ\u00f3micos por el orden de 31 mil pesos.<\/p>\n\n\n\n<p>En 2023, la Comisi\u00f3n Estatal Forestal (Coesfo) don\u00f3 12 mil plantas con un monto de 60 mil pesos para la reforestaci\u00f3n de dos hect\u00e1reas y la reactivaci\u00f3n de \u00e1reas verdes.<\/p>\n\n\n\n<p>Durante ese mismo a\u00f1o, el Instituto del Patrimonio Cultural del Estado de Oaxaca (Inpac) destin\u00f3 2 millones 305 mil 872 pesos para la rehabilitaci\u00f3n del templo de Santo Tom\u00e1s Jalieza. Adem\u00e1s, har\u00e1 una visita t\u00e9cnica para atender una solicitud del templo de Santo Domingo Jalieza.<\/p>\n\n\n\n<p>\u201cSomos un gobierno cercano al pueblo, a las comunidades y sus autoridades, por ello estamos visitando los 570 municipios para brindar atenci\u00f3n directa a todas y todos los oaxaque\u00f1os, para que nadie se quede atr\u00e1s y nadie se quede afuera\u201d, se\u00f1al\u00f3 Jara Cruz ante el presidente municipal, Heladio Ch\u00e1vez Mendoza.<\/p>\n\n\n\n<p>Los Servicios de Salud de Oaxaca (SSO) canalizar\u00e1n 1 mill\u00f3n 453 mil 704 pesos para el abasto de medicamentos y material de curaci\u00f3n para una casa de salud y dos centros de salud. La dependencia estatal tambi\u00e9n supervisar\u00e1 un centro de salud, en atenci\u00f3n a una solicitud de equipamiento.<\/p>\n\n\n\n<p>El Sistema Estatal para el Desarrollo Integral de la Familia (DIF) Oaxaca aplica el programa Atenci\u00f3n Alimentaria en los Primeros 1000 D\u00edas y el subprograma Comedores Populares para el Bienestar con recursos por el orden de 806 mil 497 pesos.<\/p>\n\n\n\n<p>Para atender el rubro educativo, el Instituto Estatal de Educaci\u00f3n P\u00fablica de Oaxaca (IEEPO) invertir\u00e1 322 mil 544 pesos en equipo de c\u00f3mputo, material deportivo, equipo de audio, pintura, mobiliario, una banda de guerra para cinco instituciones de nivel b\u00e1sico de la localidad, respectivamente.<\/p>\n\n\n\n<p>Mientras que, el Instituto Oaxaque\u00f1o Constructor de Infraestructura Educativa (Iocied) otorg\u00f3 166 mil 708 pesos, que corresponden a 2023, para cuatro lotes de mobiliario de cuatro centros educativos; para este 2024 apoyar\u00e1 con 2 millones 240 mil pesos para un comedor en un preescolar y una primaria, as\u00ed como la rehabilitaci\u00f3n de un patio de otro centro educativo.<\/p>\n\n\n\n<p>Asimismo, entregar\u00e1 mobiliario y realizar\u00e1 la construcci\u00f3n de dos aulas en un telebachillerato y una telesecundaria, respectivamente. Adicionalmente supervisar\u00e1 una solicitud de dos techados en dos preescolares.<\/p>\n\n\n\n<p>La Secretar\u00eda de las Infraestructuras y Comunicaciones realizar\u00e1 estudios de ocho proyectos de la comunidad, entre los que destaca una iniciativa para el abastecimiento de agua.<\/p>\n\n\n\n<p>Finalmente, Caminos Bienestar (Cabien) pavimentar\u00e1 el trayecto que va de Santo Domingo Jalieza a Santa Cecilia Jalieza con un monto de 5 millones de pesos.<\/p>\n\n\n\n<p>-0-<\/p>\n","protected":false},"excerpt":{"rendered":"<p>\u2022 El Gobernador Salom\u00f3n Jara Cruz anunci\u00f3 una inversi\u00f3n superior a los 10 millones de&#8230;<\/p>\n","protected":false},"author":4,"featured_media":23785,"comment_status":"","ping_status":"open","sticky":false,"template":"","format":"standard","meta":{"footnotes":""},"categories":[9],"tags":[],"jetpack_sharing_enabled":true,"featured_image_urls":{"full":["https:\/\/contextoanalisisperiodistico.com\/wp-content\/uploads\/2024\/01\/IMG-20240125-WA0042.jpg",1280,854,false],"thumbnail":["https:\/\/contextoanalisisperiodistico.com\/wp-content\/uploads\/2024\/01\/IMG-20240125-WA0042-150x150.jpg",150,150,true],"medium":["https:\/\/contextoanalisisperiodistico.com\/wp-content\/uploads\/2024\/01\/IMG-20240125-WA0042-300x200.jpg",300,200,true],"medium_large":["https:\/\/contextoanalisisperiodistico.com\/wp-content\/uploads\/2024\/01\/IMG-20240125-WA0042-768x512.jpg",640,427,true],"large":["https:\/\/contextoanalisisperiodistico.com\/wp-content\/uploads\/2024\/01\/IMG-20240125-WA0042-1024x683.jpg",640,427,true],"1536x1536":["https:\/\/contextoanalisisperiodistico.com\/wp-content\/uploads\/2024\/01\/IMG-20240125-WA0042.jpg",1280,854,false],"2048x2048":["https:\/\/contextoanalisisperiodistico.com\/wp-content\/uploads\/2024\/01\/IMG-20240125-WA0042.jpg",1280,854,false],"covernews-slider-full":["https:\/\/contextoanalisisperiodistico.com\/wp-content\/uploads\/2024\/01\/IMG-20240125-WA0042-1115x715.jpg",1115,715,true],"covernews-slider-center":["https:\/\/contextoanalisisperiodistico.com\/wp-content\/uploads\/2024\/01\/IMG-20240125-WA0042-800x500.jpg",800,500,true],"covernews-featured":["https:\/\/contextoanalisisperiodistico.com\/wp-content\/uploads\/2024\/01\/IMG-20240125-WA0042-1024x683.jpg",1024,683,true],"covernews-medium":["https:\/\/contextoanalisisperiodistico.com\/wp-content\/uploads\/2024\/01\/IMG-20240125-WA0042-540x340.jpg",540,340,true],"covernews-medium-square":["https:\/\/contextoanalisisperiodistico.com\/wp-content\/uploads\/2024\/01\/IMG-20240125-WA0042-400x250.jpg",400,250,true]},"author_info":{"display_name":"Mario Gir\u00f3n","author_link":"https:\/\/contextoanalisisperiodistico.com\/index.php\/author\/director\/"},"category_info":"<a href=\"https:\/\/contextoanalisisperiodistico.com\/index.php\/category\/politica\/\" rel=\"category tag\">Pol\u00edtica<\/a>","tag_info":"Pol\u00edtica","comment_count":"0","jetpack_featured_media_url":"https:\/\/contextoanalisisperiodistico.com\/wp-content\/uploads\/2024\/01\/IMG-20240125-WA0042.jpg","_links":{"self":[{"href":"https:\/\/contextoanalisisperiodistico.com\/index.php\/wp-json\/wp\/v2\/posts\/23790"}],"collection":[{"href":"https:\/\/contextoanalisisperiodistico.com\/index.php\/wp-json\/wp\/v2\/posts"}],"about":[{"href":"https:\/\/contextoanalisisperiodistico.com\/index.php\/wp-json\/wp\/v2\/types\/post"}],"author":[{"embeddable":true,"href":"https:\/\/contextoanalisisperiodistico.com\/index.php\/wp-json\/wp\/v2\/users\/4"}],"replies":[{"embeddable":true,"href":"https:\/\/contextoanalisisperiodistico.com\/index.php\/wp-json\/wp\/v2\/comments?post=23790"}],"version-history":[{"count":0,"href":"https:\/\/contextoanalisisperiodistico.com\/index.php\/wp-json\/wp\/v2\/posts\/23790\/revisions"}],"wp:featuredmedia":[{"embeddable":true,"href":"https:\/\/contextoanalisisperiodistico.com\/index.php\/wp-json\/wp\/v2\/media\/23785"}],"wp:attachment":[{"href":"https:\/\/contextoanalisisperiodistico.com\/index.php\/wp-json\/wp\/v2\/media?parent=23790"}],"wp:term":[{"taxonomy":"category","embeddable":true,"href":"https:\/\/contextoanalisisperiodistico.com\/index.php\/wp-json\/wp\/v2\/categories?post=23790"},{"taxonomy":"post_tag","embeddable":true,"href":"https:\/\/contextoanalisisperiodistico.com\/index.php\/wp-json\/wp\/v2\/tags?post=23790"}],"curies":[{"name":"wp","href":"https:\/\/api.w.org\/{rel}","templated":true}]}}