{"id":23784,"date":"2024-01-25T17:57:46","date_gmt":"2024-01-25T23:57:46","guid":{"rendered":"https:\/\/contextoanalisisperiodistico.com\/index.php\/2024\/01\/25\/en-equipo-sacaremos-adelante-a-san-juan-chilateca-salomon-jara\/"},"modified":"2024-01-25T17:57:46","modified_gmt":"2024-01-25T23:57:46","slug":"en-equipo-sacaremos-adelante-a-san-juan-chilateca-salomon-jara","status":"publish","type":"post","link":"https:\/\/contextoanalisisperiodistico.com\/index.php\/2024\/01\/25\/en-equipo-sacaremos-adelante-a-san-juan-chilateca-salomon-jara\/","title":{"rendered":"<em>En equipo sacaremos adelante a San Juan Chilateca: Salom\u00f3n Jara<\/em>"},"content":{"rendered":"<div id=\"fb-root\"><\/div>\n\n<p>\u2022 Gobierno de Oaxaca invertir\u00e1 6 millones 800 mil pesos en infraestructura escolar, programas sociales y m\u00e1s acciones para llevar Bienestar al municipio<\/p>\n\n\n\n<figure class=\"wp-block-image size-large\"><img fetchpriority=\"high\" decoding=\"async\" width=\"1024\" height=\"683\" src=\"https:\/\/contextoanalisisperiodistico.com\/wp-content\/uploads\/2024\/01\/img-20240125-wa00352951788984412939929-1024x683.jpg\" alt=\"\" class=\"wp-image-23780\" srcset=\"https:\/\/contextoanalisisperiodistico.com\/wp-content\/uploads\/2024\/01\/img-20240125-wa00352951788984412939929-1024x683.jpg 1024w, https:\/\/contextoanalisisperiodistico.com\/wp-content\/uploads\/2024\/01\/img-20240125-wa00352951788984412939929-300x200.jpg 300w, https:\/\/contextoanalisisperiodistico.com\/wp-content\/uploads\/2024\/01\/img-20240125-wa00352951788984412939929-768x512.jpg 768w, https:\/\/contextoanalisisperiodistico.com\/wp-content\/uploads\/2024\/01\/img-20240125-wa00352951788984412939929.jpg 1200w\" sizes=\"(max-width: 1024px) 100vw, 1024px\" \/><\/figure>\n\n\n\n<figure class=\"wp-block-image\"><img decoding=\"async\" width=\"1024\" height=\"682\" src=\"https:\/\/contextoanalisisperiodistico.com\/wp-content\/uploads\/2024\/01\/img-20240125-wa00402067864149392032877-1024x682.jpg\" alt=\"\" class=\"wp-image-23783\" srcset=\"https:\/\/contextoanalisisperiodistico.com\/wp-content\/uploads\/2024\/01\/img-20240125-wa00402067864149392032877-1024x682.jpg 1024w, https:\/\/contextoanalisisperiodistico.com\/wp-content\/uploads\/2024\/01\/img-20240125-wa00402067864149392032877-300x200.jpg 300w, https:\/\/contextoanalisisperiodistico.com\/wp-content\/uploads\/2024\/01\/img-20240125-wa00402067864149392032877-768x511.jpg 768w, https:\/\/contextoanalisisperiodistico.com\/wp-content\/uploads\/2024\/01\/img-20240125-wa00402067864149392032877.jpg 1200w\" sizes=\"(max-width: 1024px) 100vw, 1024px\" \/><\/figure>\n\n\n\n<figure class=\"wp-block-image\"><img decoding=\"async\" width=\"1024\" height=\"683\" src=\"https:\/\/contextoanalisisperiodistico.com\/wp-content\/uploads\/2024\/01\/img-20240125-wa0036696673031072414966-1024x683.jpg\" alt=\"\" class=\"wp-image-23781\" srcset=\"https:\/\/contextoanalisisperiodistico.com\/wp-content\/uploads\/2024\/01\/img-20240125-wa0036696673031072414966-1024x683.jpg 1024w, https:\/\/contextoanalisisperiodistico.com\/wp-content\/uploads\/2024\/01\/img-20240125-wa0036696673031072414966-300x200.jpg 300w, https:\/\/contextoanalisisperiodistico.com\/wp-content\/uploads\/2024\/01\/img-20240125-wa0036696673031072414966-768x512.jpg 768w, https:\/\/contextoanalisisperiodistico.com\/wp-content\/uploads\/2024\/01\/img-20240125-wa0036696673031072414966.jpg 1200w\" sizes=\"(max-width: 1024px) 100vw, 1024px\" \/><\/figure>\n\n\n\n<figure class=\"wp-block-image\"><img loading=\"lazy\" decoding=\"async\" width=\"1024\" height=\"683\" src=\"https:\/\/contextoanalisisperiodistico.com\/wp-content\/uploads\/2024\/01\/img-20240125-wa00376582679649472611559-1024x683.jpg\" alt=\"\" class=\"wp-image-23782\" srcset=\"https:\/\/contextoanalisisperiodistico.com\/wp-content\/uploads\/2024\/01\/img-20240125-wa00376582679649472611559-1024x683.jpg 1024w, https:\/\/contextoanalisisperiodistico.com\/wp-content\/uploads\/2024\/01\/img-20240125-wa00376582679649472611559-300x200.jpg 300w, https:\/\/contextoanalisisperiodistico.com\/wp-content\/uploads\/2024\/01\/img-20240125-wa00376582679649472611559-768x512.jpg 768w, https:\/\/contextoanalisisperiodistico.com\/wp-content\/uploads\/2024\/01\/img-20240125-wa00376582679649472611559.jpg 1200w\" sizes=\"(max-width: 1024px) 100vw, 1024px\" \/><\/figure>\n\n\n\n<p>San Juan Chilateca, Oax. 25 de enero de 2024.- Con la estrategia Trabajo que Transforma tu Municipio, el Gobernador Salom\u00f3n Jara Cruz visit\u00f3 San Juan Chilateca, perteneciente al distrito de Ocotl\u00e1n, en donde anunci\u00f3 que en equipo su Gobierno invertir\u00e1 6 millones 800 mil pesos en infraestructura escolar, programas sociales y m\u00e1s acciones para llevar bienestar y sacar adelante a la comunidad.<br \/>En compa\u00f1\u00eda de la Presidenta Honoraria del Sistema para el Desarrollo Integral de la Familia (DIF) Oaxaca, Irma Bola\u00f1os Quijano y de titulares de diversas dependencias, Jara Cruz comparti\u00f3 que con el gobierno de territorio visita los pueblos para identificar sus carencias y necesidades, pues esa es la labor de un gobernante, asegur\u00f3.<br \/>Habitantes del municipio perteneciente a los Valles Centrales atestiguaron el anuncio del Mandatario oaxaque\u00f1o, quien agreg\u00f3 que \u201ceste nuevo modelo de atenci\u00f3n es para ayudar, para que nuestros pueblos salgan adelante. A eso venimos, a decirles que nunca m\u00e1s habr\u00e1 un gobierno alejado de los municipios\u201d, reiter\u00f3.<br \/>Para dar inicio al desglose de apoyos, la Secretar\u00eda de Finanzas (Sefin) comunic\u00f3 que gracias a la gesti\u00f3n del Gobernador, se logr\u00f3 obtener un recurso adicional como parte de un fondo de estabilizaci\u00f3n, con lo cual se deposit\u00f3 directamente a la cuenta del municipio la cantidad de 193 mil 158 pesos.<br \/>El Instituto Oaxaque\u00f1o Constructor de Infraestructura Educativa (Iocied) anunci\u00f3 la construcci\u00f3n de un aula tipo regional para el Instituto de Estudios de Bachillerato del Estado de Oaxaca (IEBO), as\u00ed como un aula de medios equipada. De la misma manera atender\u00e1 la rehabilitaci\u00f3n de ba\u00f1os de una primaria y una telesecundaria, adem\u00e1s de continuar la construcci\u00f3n en proceso de un aula de medios, todo con una inversi\u00f3n total de 2 millones 790 mil pesos.<br \/>En dicho contexto el Instituto Estatal de Educaci\u00f3n P\u00fablica de Oaxaca (IEEPO) resumi\u00f3 que atender\u00e1 las solicitudes de la escuela primaria y de la telesecundaria para dotarlas de mobiliario, computadoras e impresoras, lo cual tendr\u00e1 un monto de 111 mil 926 pesos.<br \/>El Secretariado Ejecutivo del Sistema Estatal de Seguridad P\u00fablica (SESESP) expuso que adem\u00e1s de las capacitaciones para sus polic\u00edas municipales, el municipio recibi\u00f3 una patrulla equipada, lo que representa un monto de 722 mil 800 pesos.<br \/>En su oportunidad, el Sistema para el Desarrollo Integral de la Familia (DIF) Oaxaca inform\u00f3 sobre apoyos por 210 mil 308 pesos, distribuidos en los programas de Asistencia Social para Grupos Prioritarios por 129 mil 166 pesos y de Atenci\u00f3n Alimentaria en los Primeros 1000 D\u00edas por 81 mil 142 pesos.<br \/>Por otro lado, la Secretar\u00eda de Infraestructuras y Comunicaciones dio a conocer que realizar\u00e1 la ampliaci\u00f3n de la red de energ\u00eda el\u00e9ctrica para la planta de aguas residuales por 850 mil pesos.<br \/>Finalmente, Vivienda Bienestar (Vibien) dijo que destinan 290 mil pesos para la rehabilitaci\u00f3n de vivienda, con la construcci\u00f3n de 20 pisos firmes.<br \/>-0-<\/p>\n","protected":false},"excerpt":{"rendered":"<p>\u2022 Gobierno de Oaxaca invertir\u00e1 6 millones 800 mil pesos en infraestructura escolar, programas sociales&#8230;<\/p>\n","protected":false},"author":4,"featured_media":23779,"comment_status":"","ping_status":"open","sticky":false,"template":"","format":"standard","meta":{"footnotes":""},"categories":[9],"tags":[],"jetpack_sharing_enabled":true,"featured_image_urls":{"full":["https:\/\/contextoanalisisperiodistico.com\/wp-content\/uploads\/2024\/01\/IMG-20240125-WA0039.jpg",1200,800,false],"thumbnail":["https:\/\/contextoanalisisperiodistico.com\/wp-content\/uploads\/2024\/01\/IMG-20240125-WA0039-150x150.jpg",150,150,true],"medium":["https:\/\/contextoanalisisperiodistico.com\/wp-content\/uploads\/2024\/01\/IMG-20240125-WA0039-300x200.jpg",300,200,true],"medium_large":["https:\/\/contextoanalisisperiodistico.com\/wp-content\/uploads\/2024\/01\/IMG-20240125-WA0039-768x512.jpg",640,427,true],"large":["https:\/\/contextoanalisisperiodistico.com\/wp-content\/uploads\/2024\/01\/IMG-20240125-WA0039-1024x683.jpg",640,427,true],"1536x1536":["https:\/\/contextoanalisisperiodistico.com\/wp-content\/uploads\/2024\/01\/IMG-20240125-WA0039.jpg",1200,800,false],"2048x2048":["https:\/\/contextoanalisisperiodistico.com\/wp-content\/uploads\/2024\/01\/IMG-20240125-WA0039.jpg",1200,800,false],"covernews-slider-full":["https:\/\/contextoanalisisperiodistico.com\/wp-content\/uploads\/2024\/01\/IMG-20240125-WA0039-1115x715.jpg",1115,715,true],"covernews-slider-center":["https:\/\/contextoanalisisperiodistico.com\/wp-content\/uploads\/2024\/01\/IMG-20240125-WA0039-800x500.jpg",800,500,true],"covernews-featured":["https:\/\/contextoanalisisperiodistico.com\/wp-content\/uploads\/2024\/01\/IMG-20240125-WA0039-1024x683.jpg",1024,683,true],"covernews-medium":["https:\/\/contextoanalisisperiodistico.com\/wp-content\/uploads\/2024\/01\/IMG-20240125-WA0039-540x340.jpg",540,340,true],"covernews-medium-square":["https:\/\/contextoanalisisperiodistico.com\/wp-content\/uploads\/2024\/01\/IMG-20240125-WA0039-400x250.jpg",400,250,true]},"author_info":{"display_name":"Mario Gir\u00f3n","author_link":"https:\/\/contextoanalisisperiodistico.com\/index.php\/author\/director\/"},"category_info":"<a href=\"https:\/\/contextoanalisisperiodistico.com\/index.php\/category\/politica\/\" rel=\"category tag\">Pol\u00edtica<\/a>","tag_info":"Pol\u00edtica","comment_count":"0","jetpack_featured_media_url":"https:\/\/contextoanalisisperiodistico.com\/wp-content\/uploads\/2024\/01\/IMG-20240125-WA0039.jpg","_links":{"self":[{"href":"https:\/\/contextoanalisisperiodistico.com\/index.php\/wp-json\/wp\/v2\/posts\/23784"}],"collection":[{"href":"https:\/\/contextoanalisisperiodistico.com\/index.php\/wp-json\/wp\/v2\/posts"}],"about":[{"href":"https:\/\/contextoanalisisperiodistico.com\/index.php\/wp-json\/wp\/v2\/types\/post"}],"author":[{"embeddable":true,"href":"https:\/\/contextoanalisisperiodistico.com\/index.php\/wp-json\/wp\/v2\/users\/4"}],"replies":[{"embeddable":true,"href":"https:\/\/contextoanalisisperiodistico.com\/index.php\/wp-json\/wp\/v2\/comments?post=23784"}],"version-history":[{"count":0,"href":"https:\/\/contextoanalisisperiodistico.com\/index.php\/wp-json\/wp\/v2\/posts\/23784\/revisions"}],"wp:featuredmedia":[{"embeddable":true,"href":"https:\/\/contextoanalisisperiodistico.com\/index.php\/wp-json\/wp\/v2\/media\/23779"}],"wp:attachment":[{"href":"https:\/\/contextoanalisisperiodistico.com\/index.php\/wp-json\/wp\/v2\/media?parent=23784"}],"wp:term":[{"taxonomy":"category","embeddable":true,"href":"https:\/\/contextoanalisisperiodistico.com\/index.php\/wp-json\/wp\/v2\/categories?post=23784"},{"taxonomy":"post_tag","embeddable":true,"href":"https:\/\/contextoanalisisperiodistico.com\/index.php\/wp-json\/wp\/v2\/tags?post=23784"}],"curies":[{"name":"wp","href":"https:\/\/api.w.org\/{rel}","templated":true}]}}