{"id":23726,"date":"2024-01-24T16:23:54","date_gmt":"2024-01-24T22:23:54","guid":{"rendered":"https:\/\/contextoanalisisperiodistico.com\/index.php\/2024\/01\/24\/incrementa-en-oaxaca-percepcion-de-seguridad-jesus-romero-lopez\/"},"modified":"2024-01-24T16:23:54","modified_gmt":"2024-01-24T22:23:54","slug":"incrementa-en-oaxaca-percepcion-de-seguridad-jesus-romero-lopez","status":"publish","type":"post","link":"https:\/\/contextoanalisisperiodistico.com\/index.php\/2024\/01\/24\/incrementa-en-oaxaca-percepcion-de-seguridad-jesus-romero-lopez\/","title":{"rendered":"Incrementa en Oaxaca percepci\u00f3n de seguridad: Jes\u00fas Romero L\u00f3pez"},"content":{"rendered":"<div id=\"fb-root\"><\/div>\n\n<p>\u2022 De acuerdo con la Encuesta Nacional de Seguridad P\u00fablica Urbana, en el \u00faltimo trimestre de 2023 hubo una disminuci\u00f3n de 13.76 por ciento en la percepci\u00f3n de inseguridad<\/p>\n\n\n\n\n\n<figure class=\"wp-block-image size-large\"><img fetchpriority=\"high\" decoding=\"async\" width=\"990\" height=\"660\" src=\"https:\/\/contextoanalisisperiodistico.com\/wp-content\/uploads\/2024\/01\/img-20240124-wa00609052559687575629130.jpg\" alt=\"\" class=\"wp-image-23725\" srcset=\"https:\/\/contextoanalisisperiodistico.com\/wp-content\/uploads\/2024\/01\/img-20240124-wa00609052559687575629130.jpg 990w, https:\/\/contextoanalisisperiodistico.com\/wp-content\/uploads\/2024\/01\/img-20240124-wa00609052559687575629130-300x200.jpg 300w, https:\/\/contextoanalisisperiodistico.com\/wp-content\/uploads\/2024\/01\/img-20240124-wa00609052559687575629130-768x512.jpg 768w\" sizes=\"(max-width: 990px) 100vw, 990px\" \/><\/figure>\n\n\n\n<p>Oaxaca de Ju\u00e1rez, Oax. 24 de enero del 2024.- Al encabezar la conferencia de prensa del Gabinete de Seguridad, el titular de la Secretar\u00eda de Gobierno (Sego), Jes\u00fas Romero L\u00f3pez, resalt\u00f3 la disminuci\u00f3n en la percepci\u00f3n de inseguridad entre las y los oaxaque\u00f1os de acuerdo con datos de la Encuesta Nacional de Seguridad P\u00fablica Urbana (Ensu) en el cuarto trimestre de 2023, elaborada por el Instituto Nacional de Estad\u00edstica y Geograf\u00eda (Inegi).<\/p>\n\n\n\n<p>El encargado de la pol\u00edtica interna detall\u00f3 que en un comparativo de septiembre de 2023 el porcentaje de percepci\u00f3n de inseguridad fue de 71.2 por ciento, y en diciembre de ese mismo a\u00f1o fue de 61.4 por ciento, lo que representa una disminuci\u00f3n de 13.76 por ciento.<\/p>\n\n\n\n<p>Asimismo, ahond\u00f3 que en un comparativo de diciembre de 2023 con diciembre de 2022, que registr\u00f3 un porcentaje de 72.2 por ciento de percepci\u00f3n de inseguridad, se aprecia una disminuci\u00f3n de 14.95 por ciento, mostrando un cambio significativo.<\/p>\n\n\n\n<p>Romero L\u00f3pez record\u00f3 que la Ensu genera informaci\u00f3n peri\u00f3dica, amplia, integral y oportuna de la seguridad en el pa\u00eds, su periodicidad es trimestral y su cobertura abarca la sensaci\u00f3n de inseguridad, las expectativas sobre la tendencia del delito, la atestiguaci\u00f3n de conductas delictivas o antisociales, el cambio de rutinas por temor a ser v\u00edctima del delito y la percepci\u00f3n del desempe\u00f1o de las autoridades en materia de seguridad p\u00fablica.<\/p>\n\n\n\n<p>Adelant\u00f3 que el Gobierno de Oaxaca trabaja un plan de intervenci\u00f3n para que la gente se sienta segura en las calles, por lo que, en los pr\u00f3ximos d\u00edas, el Gobernador Salom\u00f3n Jara Cruz pondr\u00e1 en marcha otro de los ejes del Programa de Fortalecimiento de la Seguridad P\u00fablica en el Estado.<\/p>\n\n\n\n<p>Se\u00f1al\u00f3 que a nivel nacional se ha avanzado de manera importante en la reducci\u00f3n de estas percepciones, pero esta labor va de la mano con la reducci\u00f3n de los delitos en Oaxaca.<\/p>\n\n\n\n<p>\u201cVamos a hacer un esfuerzo permanente con la seguridad p\u00fablica pero tambi\u00e9n el de la atenci\u00f3n a las causas para que Oaxaca siga siendo un estado seguro\u201d, finaliz\u00f3.<br \/>-0-<\/p>\n","protected":false},"excerpt":{"rendered":"<p>\u2022 De acuerdo con la Encuesta Nacional de Seguridad P\u00fablica Urbana, en el \u00faltimo trimestre&#8230;<\/p>\n","protected":false},"author":4,"featured_media":23724,"comment_status":"","ping_status":"open","sticky":false,"template":"","format":"standard","meta":{"footnotes":""},"categories":[9],"tags":[],"jetpack_sharing_enabled":true,"featured_image_urls":{"full":["https:\/\/contextoanalisisperiodistico.com\/wp-content\/uploads\/2024\/01\/IMG-20240124-WA0059.jpg",990,660,false],"thumbnail":["https:\/\/contextoanalisisperiodistico.com\/wp-content\/uploads\/2024\/01\/IMG-20240124-WA0059-150x150.jpg",150,150,true],"medium":["https:\/\/contextoanalisisperiodistico.com\/wp-content\/uploads\/2024\/01\/IMG-20240124-WA0059-300x200.jpg",300,200,true],"medium_large":["https:\/\/contextoanalisisperiodistico.com\/wp-content\/uploads\/2024\/01\/IMG-20240124-WA0059-768x512.jpg",640,427,true],"large":["https:\/\/contextoanalisisperiodistico.com\/wp-content\/uploads\/2024\/01\/IMG-20240124-WA0059.jpg",640,427,false],"1536x1536":["https:\/\/contextoanalisisperiodistico.com\/wp-content\/uploads\/2024\/01\/IMG-20240124-WA0059.jpg",990,660,false],"2048x2048":["https:\/\/contextoanalisisperiodistico.com\/wp-content\/uploads\/2024\/01\/IMG-20240124-WA0059.jpg",990,660,false],"covernews-slider-full":["https:\/\/contextoanalisisperiodistico.com\/wp-content\/uploads\/2024\/01\/IMG-20240124-WA0059.jpg",990,660,false],"covernews-slider-center":["https:\/\/contextoanalisisperiodistico.com\/wp-content\/uploads\/2024\/01\/IMG-20240124-WA0059-800x500.jpg",800,500,true],"covernews-featured":["https:\/\/contextoanalisisperiodistico.com\/wp-content\/uploads\/2024\/01\/IMG-20240124-WA0059.jpg",990,660,false],"covernews-medium":["https:\/\/contextoanalisisperiodistico.com\/wp-content\/uploads\/2024\/01\/IMG-20240124-WA0059-540x340.jpg",540,340,true],"covernews-medium-square":["https:\/\/contextoanalisisperiodistico.com\/wp-content\/uploads\/2024\/01\/IMG-20240124-WA0059-400x250.jpg",400,250,true]},"author_info":{"display_name":"Mario Gir\u00f3n","author_link":"https:\/\/contextoanalisisperiodistico.com\/index.php\/author\/director\/"},"category_info":"<a href=\"https:\/\/contextoanalisisperiodistico.com\/index.php\/category\/politica\/\" rel=\"category tag\">Pol\u00edtica<\/a>","tag_info":"Pol\u00edtica","comment_count":"0","jetpack_featured_media_url":"https:\/\/contextoanalisisperiodistico.com\/wp-content\/uploads\/2024\/01\/IMG-20240124-WA0059.jpg","_links":{"self":[{"href":"https:\/\/contextoanalisisperiodistico.com\/index.php\/wp-json\/wp\/v2\/posts\/23726"}],"collection":[{"href":"https:\/\/contextoanalisisperiodistico.com\/index.php\/wp-json\/wp\/v2\/posts"}],"about":[{"href":"https:\/\/contextoanalisisperiodistico.com\/index.php\/wp-json\/wp\/v2\/types\/post"}],"author":[{"embeddable":true,"href":"https:\/\/contextoanalisisperiodistico.com\/index.php\/wp-json\/wp\/v2\/users\/4"}],"replies":[{"embeddable":true,"href":"https:\/\/contextoanalisisperiodistico.com\/index.php\/wp-json\/wp\/v2\/comments?post=23726"}],"version-history":[{"count":0,"href":"https:\/\/contextoanalisisperiodistico.com\/index.php\/wp-json\/wp\/v2\/posts\/23726\/revisions"}],"wp:featuredmedia":[{"embeddable":true,"href":"https:\/\/contextoanalisisperiodistico.com\/index.php\/wp-json\/wp\/v2\/media\/23724"}],"wp:attachment":[{"href":"https:\/\/contextoanalisisperiodistico.com\/index.php\/wp-json\/wp\/v2\/media?parent=23726"}],"wp:term":[{"taxonomy":"category","embeddable":true,"href":"https:\/\/contextoanalisisperiodistico.com\/index.php\/wp-json\/wp\/v2\/categories?post=23726"},{"taxonomy":"post_tag","embeddable":true,"href":"https:\/\/contextoanalisisperiodistico.com\/index.php\/wp-json\/wp\/v2\/tags?post=23726"}],"curies":[{"name":"wp","href":"https:\/\/api.w.org\/{rel}","templated":true}]}}