{"id":23715,"date":"2024-01-24T09:25:03","date_gmt":"2024-01-24T15:25:03","guid":{"rendered":"https:\/\/contextoanalisisperiodistico.com\/index.php\/2024\/01\/24\/atiende-coesfo-dos-incendios-en-valles-centrales\/"},"modified":"2024-01-24T09:25:03","modified_gmt":"2024-01-24T15:25:03","slug":"atiende-coesfo-dos-incendios-en-valles-centrales","status":"publish","type":"post","link":"https:\/\/contextoanalisisperiodistico.com\/index.php\/2024\/01\/24\/atiende-coesfo-dos-incendios-en-valles-centrales\/","title":{"rendered":"Atiende Coesfo dos incendios en Valles Centrales"},"content":{"rendered":"<div id=\"fb-root\"><\/div>\n\n<p>Los hechos ocurrieron en Soledad Etla y en el paraje El Mogoyito dentro de la Zona Arqueol\u00f3gica de Monte Alb\u00e1n; ambos han sido liquidados<\/p>\n\n\n\n<p>Oaxaca de Ju\u00e1rez, Oax. 24 de enero de 2024.- La Comisi\u00f3n Estatal Forestal (Coesfo) del Gobierno de Oaxaca a trav\u00e9s de la Brigada de Combatientes de Incendios Forestales con sede en Tlalixtac de Cabrera, atendi\u00f3 los llamados para realizar labores de combate, control y liquidaci\u00f3n de dos incendios en la regi\u00f3n de los Valles Centrales suscitados la tarde de este martes.<\/p>\n\n\n\n<p>El primer hecho ocurri\u00f3 en Soledad Etla y afect\u00f3 una cobertura de 10 hect\u00e1reas de pastizal, las cuales fueron sofocadas con el trabajo colaborativo de la dependencia, autoridades municipales y personas voluntarias de la localidad.<\/p>\n\n\n\n<p>Mientras que el segundo incendio registrado en el paraje El Mogoyito que se encuentra dentro del pol\u00edgono de la Zona Arqueol\u00f3gica de Monte Alb\u00e1n, afect\u00f3 dos hect\u00e1reas de pastizal seco, pero fue controlado y liquidado por elementos de la Brigada de Combatientes de la Coesfo y confirmado con el encargado de la zona del Instituto Nacional de Antropolog\u00eda e Historia (INAH).<\/p>\n\n\n\n<p>Ante las condiciones de altas temperaturas y fuertes vientos, la dependencia exhorta a la comunidad en general a tomar las medidas necesarias para prevenir los incendios forestales, y notificar a las autoridades municipales las quemas controladas.<\/p>\n\n\n\n<p>As\u00ed tambi\u00e9n, invita a la poblaci\u00f3n a reportar cualquier incendio forestal al n\u00famero telef\u00f3nico de la Coesfo 9515032166, as\u00ed como al de la Comisi\u00f3n Nacional Forestal (Conafor) 9515150520 o 951 516 5112, o bien al servicio de emergencias 9-1-1.<\/p>\n\n\n\n<p>-0-<\/p>\n\n\n\n<p><\/p>\n\n\n\n<figure class=\"wp-block-image size-large\"><img fetchpriority=\"high\" decoding=\"async\" width=\"1024\" height=\"768\" src=\"https:\/\/contextoanalisisperiodistico.com\/wp-content\/uploads\/2024\/01\/img-20240124-wa0042112484169923765330-1024x768.jpg\" alt=\"\" class=\"wp-image-23714\" srcset=\"https:\/\/contextoanalisisperiodistico.com\/wp-content\/uploads\/2024\/01\/img-20240124-wa0042112484169923765330-1024x768.jpg 1024w, https:\/\/contextoanalisisperiodistico.com\/wp-content\/uploads\/2024\/01\/img-20240124-wa0042112484169923765330-300x225.jpg 300w, https:\/\/contextoanalisisperiodistico.com\/wp-content\/uploads\/2024\/01\/img-20240124-wa0042112484169923765330-768x576.jpg 768w, https:\/\/contextoanalisisperiodistico.com\/wp-content\/uploads\/2024\/01\/img-20240124-wa0042112484169923765330.jpg 1156w\" sizes=\"(max-width: 1024px) 100vw, 1024px\" \/><\/figure>\n\n\n\n<figure class=\"wp-block-image\"><img decoding=\"async\" width=\"1024\" height=\"768\" src=\"https:\/\/contextoanalisisperiodistico.com\/wp-content\/uploads\/2024\/01\/img-20240124-wa00402249191115348332175-1024x768.jpg\" alt=\"\" class=\"wp-image-23713\" srcset=\"https:\/\/contextoanalisisperiodistico.com\/wp-content\/uploads\/2024\/01\/img-20240124-wa00402249191115348332175-1024x768.jpg 1024w, https:\/\/contextoanalisisperiodistico.com\/wp-content\/uploads\/2024\/01\/img-20240124-wa00402249191115348332175-300x225.jpg 300w, https:\/\/contextoanalisisperiodistico.com\/wp-content\/uploads\/2024\/01\/img-20240124-wa00402249191115348332175-768x576.jpg 768w, https:\/\/contextoanalisisperiodistico.com\/wp-content\/uploads\/2024\/01\/img-20240124-wa00402249191115348332175.jpg 1156w\" sizes=\"(max-width: 1024px) 100vw, 1024px\" \/><\/figure>\n","protected":false},"excerpt":{"rendered":"<p>Los hechos ocurrieron en Soledad Etla y en el paraje El Mogoyito dentro de la&#8230;<\/p>\n","protected":false},"author":4,"featured_media":23712,"comment_status":"","ping_status":"open","sticky":false,"template":"","format":"standard","meta":{"footnotes":""},"categories":[9],"tags":[],"jetpack_sharing_enabled":true,"featured_image_urls":{"full":["https:\/\/contextoanalisisperiodistico.com\/wp-content\/uploads\/2024\/01\/IMG-20240124-WA0041.jpg",1156,867,false],"thumbnail":["https:\/\/contextoanalisisperiodistico.com\/wp-content\/uploads\/2024\/01\/IMG-20240124-WA0041-150x150.jpg",150,150,true],"medium":["https:\/\/contextoanalisisperiodistico.com\/wp-content\/uploads\/2024\/01\/IMG-20240124-WA0041-300x225.jpg",300,225,true],"medium_large":["https:\/\/contextoanalisisperiodistico.com\/wp-content\/uploads\/2024\/01\/IMG-20240124-WA0041-768x576.jpg",640,480,true],"large":["https:\/\/contextoanalisisperiodistico.com\/wp-content\/uploads\/2024\/01\/IMG-20240124-WA0041-1024x768.jpg",640,480,true],"1536x1536":["https:\/\/contextoanalisisperiodistico.com\/wp-content\/uploads\/2024\/01\/IMG-20240124-WA0041.jpg",1156,867,false],"2048x2048":["https:\/\/contextoanalisisperiodistico.com\/wp-content\/uploads\/2024\/01\/IMG-20240124-WA0041.jpg",1156,867,false],"covernews-slider-full":["https:\/\/contextoanalisisperiodistico.com\/wp-content\/uploads\/2024\/01\/IMG-20240124-WA0041-1115x715.jpg",1115,715,true],"covernews-slider-center":["https:\/\/contextoanalisisperiodistico.com\/wp-content\/uploads\/2024\/01\/IMG-20240124-WA0041-800x500.jpg",800,500,true],"covernews-featured":["https:\/\/contextoanalisisperiodistico.com\/wp-content\/uploads\/2024\/01\/IMG-20240124-WA0041-1024x768.jpg",1024,768,true],"covernews-medium":["https:\/\/contextoanalisisperiodistico.com\/wp-content\/uploads\/2024\/01\/IMG-20240124-WA0041-540x340.jpg",540,340,true],"covernews-medium-square":["https:\/\/contextoanalisisperiodistico.com\/wp-content\/uploads\/2024\/01\/IMG-20240124-WA0041-400x250.jpg",400,250,true]},"author_info":{"display_name":"Mario Gir\u00f3n","author_link":"https:\/\/contextoanalisisperiodistico.com\/index.php\/author\/director\/"},"category_info":"<a href=\"https:\/\/contextoanalisisperiodistico.com\/index.php\/category\/politica\/\" rel=\"category tag\">Pol\u00edtica<\/a>","tag_info":"Pol\u00edtica","comment_count":"0","jetpack_featured_media_url":"https:\/\/contextoanalisisperiodistico.com\/wp-content\/uploads\/2024\/01\/IMG-20240124-WA0041.jpg","_links":{"self":[{"href":"https:\/\/contextoanalisisperiodistico.com\/index.php\/wp-json\/wp\/v2\/posts\/23715"}],"collection":[{"href":"https:\/\/contextoanalisisperiodistico.com\/index.php\/wp-json\/wp\/v2\/posts"}],"about":[{"href":"https:\/\/contextoanalisisperiodistico.com\/index.php\/wp-json\/wp\/v2\/types\/post"}],"author":[{"embeddable":true,"href":"https:\/\/contextoanalisisperiodistico.com\/index.php\/wp-json\/wp\/v2\/users\/4"}],"replies":[{"embeddable":true,"href":"https:\/\/contextoanalisisperiodistico.com\/index.php\/wp-json\/wp\/v2\/comments?post=23715"}],"version-history":[{"count":0,"href":"https:\/\/contextoanalisisperiodistico.com\/index.php\/wp-json\/wp\/v2\/posts\/23715\/revisions"}],"wp:featuredmedia":[{"embeddable":true,"href":"https:\/\/contextoanalisisperiodistico.com\/index.php\/wp-json\/wp\/v2\/media\/23712"}],"wp:attachment":[{"href":"https:\/\/contextoanalisisperiodistico.com\/index.php\/wp-json\/wp\/v2\/media?parent=23715"}],"wp:term":[{"taxonomy":"category","embeddable":true,"href":"https:\/\/contextoanalisisperiodistico.com\/index.php\/wp-json\/wp\/v2\/categories?post=23715"},{"taxonomy":"post_tag","embeddable":true,"href":"https:\/\/contextoanalisisperiodistico.com\/index.php\/wp-json\/wp\/v2\/tags?post=23715"}],"curies":[{"name":"wp","href":"https:\/\/api.w.org\/{rel}","templated":true}]}}