{"id":23711,"date":"2024-01-24T09:20:13","date_gmt":"2024-01-24T15:20:13","guid":{"rendered":"https:\/\/contextoanalisisperiodistico.com\/index.php\/2024\/01\/24\/capacitan-al-personal-de-salud-para-identificar-y-reducir-la-mortalidad-materna\/"},"modified":"2024-01-24T09:20:13","modified_gmt":"2024-01-24T15:20:13","slug":"capacitan-al-personal-de-salud-para-identificar-y-reducir-la-mortalidad-materna","status":"publish","type":"post","link":"https:\/\/contextoanalisisperiodistico.com\/index.php\/2024\/01\/24\/capacitan-al-personal-de-salud-para-identificar-y-reducir-la-mortalidad-materna\/","title":{"rendered":"Capacitan al personal de salud para identificar y reducir la mortalidad materna"},"content":{"rendered":"<div id=\"fb-root\"><\/div>\n\n<p>\u2022 Se busca hacer eficientes los procedimientos de informaci\u00f3n para establecer medidas para la reducci\u00f3n de la mortalidad en las oaxaque\u00f1as<\/p>\n\n\n\n<p>\u2022 Oaxaca cuenta con seis Comit\u00e9s de la B\u00fasqueda Intencionada y Reclasificaci\u00f3n de Muertes Maternas distribuidos entre las Jurisdicciones Sanitarias<\/p>\n\n\n\n<p>Oaxaca de Ju\u00e1rez, Oax. 24 de enero de 2024.- Los Servicios de Salud de Oaxaca (SSO), a trav\u00e9s de la Direcci\u00f3n de Planeaci\u00f3n y Desarrollo, en coordinaci\u00f3n con el Comit\u00e9 Estatal de la B\u00fasqueda Intencionada y Reclasificaci\u00f3n de Muertes Maternas (BIRMM) realizaron la actividad denominada Asesor\u00eda de los componentes de salud para la reducci\u00f3n de la mortalidad materna en el estado de Oaxaca.<\/p>\n\n\n\n<p>Esta estrategia busca fortalecer y eficientizar los procedimientos de informaci\u00f3n que permita la descripci\u00f3n, an\u00e1lisis del comportamiento, y con ello el dise\u00f1o y establecimiento de estrategias para la prevenci\u00f3n y reducci\u00f3n de decesos de mujeres en gestaci\u00f3n, as\u00ed lo afirm\u00f3 en el acto inaugural, el director de Planeaci\u00f3n y Desarrollo de los SSO, V\u00edctor Jim\u00e9nez Mart\u00ednez, en representaci\u00f3n de la secretaria de Salud, Alma Lilia Velasco Hern\u00e1ndez.<\/p>\n\n\n\n<p>Agreg\u00f3 que las complicaciones que llegan a presentar las mujeres durante el embarazo, parto y puerperio ponen a prueba la eficiencia y la eficacia de los sistemas de salud, evidenciando aspectos de cobertura, acceso y calidad de los servicios m\u00e9dicos.<\/p>\n\n\n\n<p>Ante ello, se ha puesto durante esta administraci\u00f3n especial \u00e9nfasis y compromiso de todas y todos los profesionales de la salud para lograr el cumplimiento de las metas; en este sentido, durante el 2023 se impuls\u00f3 la creaci\u00f3n de seis Comit\u00e9s de la B\u00fasqueda Intencionada y Reclasificaci\u00f3n de Muertes Maternas, ubicados en cada Jurisdicci\u00f3n Sanitaria, as\u00ed como uno estatal encabezado por la Direcci\u00f3n de Planeaci\u00f3n y Desarrollo.<\/p>\n\n\n\n<p>Cabe destacar que este Comit\u00e9 est\u00e1 integrado por cuatro direcciones: Planeaci\u00f3n y Desarrollo, Promoci\u00f3n y Prevenci\u00f3n de la Salud, Atenci\u00f3n M\u00e9dica, Regulaci\u00f3n y Fomento Sanitario, en sus componentes epidemiol\u00f3gicos.<\/p>\n\n\n\n<p>El BIRMM realiza la investigaci\u00f3n con base en 49 causas probables de muerte materna, en las que se revisan todos los certificados de defunci\u00f3n y se analizan, a trav\u00e9s de la entrevista o resumen cl\u00ednico.<\/p>\n\n\n\n<p>Jim\u00e9nez Mart\u00ednez puntualiz\u00f3 que, en las seis Jurisdicciones Sanitarias ubicadas en Valles Centrales, Istmo, Tuxtepec, Costa, Mixteca y Sierra, se capacitar\u00e1n a integrantes de los comit\u00e9s, con el fin de que conozcan las normas t\u00e9cnicas para identificar correctamente las causas de muerte materna y puedan contribuir para la clasificaci\u00f3n correcta de una defunci\u00f3n, lo cual permitir\u00e1 establecer acciones para reducir este problema de salud p\u00fablica.<\/p>\n\n\n\n<p>Y es que el 2023 cerr\u00f3 de manera preliminar con 27 muertes maternas en Oaxaca, siendo los principales factores, la enfermedad hipertensiva, hemorragia obst\u00e9trica y complicaciones durante el embarazo y parto.<\/p>\n\n\n\n<p>Esta estrategia tambi\u00e9n contempla la suma de esfuerzos y el trabajo coordinado entre instituciones del Sector Salud y de los tres \u00f3rdenes de gobierno, ya que solo con la participaci\u00f3n de todas y todos se lograr\u00e1 abatir este flagelo que ha perdurado durante varias d\u00e9cadas en la entidad.<\/p>\n\n\n\n<p>Estuvieron presentes funcionarias y funcionarios de los SSO, quienes participaron de manera activa en la capacitaci\u00f3n.<\/p>\n\n\n\n<p>-0-<\/p>\n\n\n\n<figure class=\"wp-block-image size-large\"><img fetchpriority=\"high\" decoding=\"async\" width=\"1024\" height=\"576\" src=\"https:\/\/contextoanalisisperiodistico.com\/wp-content\/uploads\/2024\/01\/img-20240124-wa00371425608378238261461-1024x576.jpg\" alt=\"\" class=\"wp-image-23709\" srcset=\"https:\/\/contextoanalisisperiodistico.com\/wp-content\/uploads\/2024\/01\/img-20240124-wa00371425608378238261461-1024x576.jpg 1024w, https:\/\/contextoanalisisperiodistico.com\/wp-content\/uploads\/2024\/01\/img-20240124-wa00371425608378238261461-300x169.jpg 300w, https:\/\/contextoanalisisperiodistico.com\/wp-content\/uploads\/2024\/01\/img-20240124-wa00371425608378238261461-768x432.jpg 768w, https:\/\/contextoanalisisperiodistico.com\/wp-content\/uploads\/2024\/01\/img-20240124-wa00371425608378238261461-1536x864.jpg 1536w, https:\/\/contextoanalisisperiodistico.com\/wp-content\/uploads\/2024\/01\/img-20240124-wa00371425608378238261461.jpg 1600w\" sizes=\"(max-width: 1024px) 100vw, 1024px\" \/><\/figure>\n\n\n\n<figure class=\"wp-block-image\"><img decoding=\"async\" width=\"1024\" height=\"576\" src=\"https:\/\/contextoanalisisperiodistico.com\/wp-content\/uploads\/2024\/01\/img-20240124-wa00393901638073810155095-1024x576.jpg\" alt=\"\" class=\"wp-image-23710\" srcset=\"https:\/\/contextoanalisisperiodistico.com\/wp-content\/uploads\/2024\/01\/img-20240124-wa00393901638073810155095-1024x576.jpg 1024w, https:\/\/contextoanalisisperiodistico.com\/wp-content\/uploads\/2024\/01\/img-20240124-wa00393901638073810155095-300x169.jpg 300w, https:\/\/contextoanalisisperiodistico.com\/wp-content\/uploads\/2024\/01\/img-20240124-wa00393901638073810155095-768x432.jpg 768w, https:\/\/contextoanalisisperiodistico.com\/wp-content\/uploads\/2024\/01\/img-20240124-wa00393901638073810155095-1536x864.jpg 1536w, https:\/\/contextoanalisisperiodistico.com\/wp-content\/uploads\/2024\/01\/img-20240124-wa00393901638073810155095.jpg 1600w\" sizes=\"(max-width: 1024px) 100vw, 1024px\" \/><\/figure>\n","protected":false},"excerpt":{"rendered":"<p>\u2022 Se busca hacer eficientes los procedimientos de informaci\u00f3n para establecer medidas para la reducci\u00f3n&#8230;<\/p>\n","protected":false},"author":4,"featured_media":23708,"comment_status":"","ping_status":"open","sticky":false,"template":"","format":"standard","meta":{"footnotes":""},"categories":[92],"tags":[],"jetpack_sharing_enabled":true,"featured_image_urls":{"full":["https:\/\/contextoanalisisperiodistico.com\/wp-content\/uploads\/2024\/01\/IMG-20240124-WA0038.jpg",1600,900,false],"thumbnail":["https:\/\/contextoanalisisperiodistico.com\/wp-content\/uploads\/2024\/01\/IMG-20240124-WA0038-150x150.jpg",150,150,true],"medium":["https:\/\/contextoanalisisperiodistico.com\/wp-content\/uploads\/2024\/01\/IMG-20240124-WA0038-300x169.jpg",300,169,true],"medium_large":["https:\/\/contextoanalisisperiodistico.com\/wp-content\/uploads\/2024\/01\/IMG-20240124-WA0038-768x432.jpg",640,360,true],"large":["https:\/\/contextoanalisisperiodistico.com\/wp-content\/uploads\/2024\/01\/IMG-20240124-WA0038-1024x576.jpg",640,360,true],"1536x1536":["https:\/\/contextoanalisisperiodistico.com\/wp-content\/uploads\/2024\/01\/IMG-20240124-WA0038-1536x864.jpg",1536,864,true],"2048x2048":["https:\/\/contextoanalisisperiodistico.com\/wp-content\/uploads\/2024\/01\/IMG-20240124-WA0038.jpg",1600,900,false],"covernews-slider-full":["https:\/\/contextoanalisisperiodistico.com\/wp-content\/uploads\/2024\/01\/IMG-20240124-WA0038-1115x715.jpg",1115,715,true],"covernews-slider-center":["https:\/\/contextoanalisisperiodistico.com\/wp-content\/uploads\/2024\/01\/IMG-20240124-WA0038-800x500.jpg",800,500,true],"covernews-featured":["https:\/\/contextoanalisisperiodistico.com\/wp-content\/uploads\/2024\/01\/IMG-20240124-WA0038-1024x576.jpg",1024,576,true],"covernews-medium":["https:\/\/contextoanalisisperiodistico.com\/wp-content\/uploads\/2024\/01\/IMG-20240124-WA0038-540x340.jpg",540,340,true],"covernews-medium-square":["https:\/\/contextoanalisisperiodistico.com\/wp-content\/uploads\/2024\/01\/IMG-20240124-WA0038-400x250.jpg",400,250,true]},"author_info":{"display_name":"Mario Gir\u00f3n","author_link":"https:\/\/contextoanalisisperiodistico.com\/index.php\/author\/director\/"},"category_info":"<a href=\"https:\/\/contextoanalisisperiodistico.com\/index.php\/category\/salud\/\" rel=\"category tag\">Salud<\/a>","tag_info":"Salud","comment_count":"0","jetpack_featured_media_url":"https:\/\/contextoanalisisperiodistico.com\/wp-content\/uploads\/2024\/01\/IMG-20240124-WA0038.jpg","_links":{"self":[{"href":"https:\/\/contextoanalisisperiodistico.com\/index.php\/wp-json\/wp\/v2\/posts\/23711"}],"collection":[{"href":"https:\/\/contextoanalisisperiodistico.com\/index.php\/wp-json\/wp\/v2\/posts"}],"about":[{"href":"https:\/\/contextoanalisisperiodistico.com\/index.php\/wp-json\/wp\/v2\/types\/post"}],"author":[{"embeddable":true,"href":"https:\/\/contextoanalisisperiodistico.com\/index.php\/wp-json\/wp\/v2\/users\/4"}],"replies":[{"embeddable":true,"href":"https:\/\/contextoanalisisperiodistico.com\/index.php\/wp-json\/wp\/v2\/comments?post=23711"}],"version-history":[{"count":0,"href":"https:\/\/contextoanalisisperiodistico.com\/index.php\/wp-json\/wp\/v2\/posts\/23711\/revisions"}],"wp:featuredmedia":[{"embeddable":true,"href":"https:\/\/contextoanalisisperiodistico.com\/index.php\/wp-json\/wp\/v2\/media\/23708"}],"wp:attachment":[{"href":"https:\/\/contextoanalisisperiodistico.com\/index.php\/wp-json\/wp\/v2\/media?parent=23711"}],"wp:term":[{"taxonomy":"category","embeddable":true,"href":"https:\/\/contextoanalisisperiodistico.com\/index.php\/wp-json\/wp\/v2\/categories?post=23711"},{"taxonomy":"post_tag","embeddable":true,"href":"https:\/\/contextoanalisisperiodistico.com\/index.php\/wp-json\/wp\/v2\/tags?post=23711"}],"curies":[{"name":"wp","href":"https:\/\/api.w.org\/{rel}","templated":true}]}}