{"id":23674,"date":"2024-01-23T05:45:05","date_gmt":"2024-01-23T11:45:05","guid":{"rendered":"https:\/\/contextoanalisisperiodistico.com\/index.php\/2024\/01\/23\/apuesta-martinez-neri-por-formacion-integral-de-ninez-y-juventudes\/"},"modified":"2024-01-23T05:45:05","modified_gmt":"2024-01-23T11:45:05","slug":"apuesta-martinez-neri-por-formacion-integral-de-ninez-y-juventudes","status":"publish","type":"post","link":"https:\/\/contextoanalisisperiodistico.com\/index.php\/2024\/01\/23\/apuesta-martinez-neri-por-formacion-integral-de-ninez-y-juventudes\/","title":{"rendered":"<strong>Apuesta Mart\u00ednez Neri por formaci\u00f3n integral de ni\u00f1ez y juventudes<\/strong>"},"content":{"rendered":"<div id=\"fb-root\"><\/div>\n\n<p>\u00b7&nbsp;&nbsp;&nbsp;&nbsp;&nbsp;&nbsp;&nbsp;&nbsp;&nbsp;Agencia de Dolores contar\u00e1 con su Centro Cultural, Auditorio Audiovisual y de M\u00fasica<\/p>\n\n\n\n<figure class=\"wp-block-image size-large\"><img fetchpriority=\"high\" decoding=\"async\" width=\"1024\" height=\"798\" src=\"https:\/\/contextoanalisisperiodistico.com\/wp-content\/uploads\/2024\/01\/boletC3ADn22-01-24283293088775003480881218-1024x798.jpg\" alt=\"\" class=\"wp-image-23673\" srcset=\"https:\/\/contextoanalisisperiodistico.com\/wp-content\/uploads\/2024\/01\/boletC3ADn22-01-24283293088775003480881218-1024x798.jpg 1024w, https:\/\/contextoanalisisperiodistico.com\/wp-content\/uploads\/2024\/01\/boletC3ADn22-01-24283293088775003480881218-300x234.jpg 300w, https:\/\/contextoanalisisperiodistico.com\/wp-content\/uploads\/2024\/01\/boletC3ADn22-01-24283293088775003480881218-768x599.jpg 768w, https:\/\/contextoanalisisperiodistico.com\/wp-content\/uploads\/2024\/01\/boletC3ADn22-01-24283293088775003480881218.jpg 1385w\" sizes=\"(max-width: 1024px) 100vw, 1024px\" \/><\/figure>\n\n\n\n<figure class=\"wp-block-image\"><img decoding=\"async\" width=\"1024\" height=\"663\" src=\"https:\/\/contextoanalisisperiodistico.com\/wp-content\/uploads\/2024\/01\/boletC3ADn22-01-24281294898462598639302211-1024x663.jpg\" alt=\"\" class=\"wp-image-23672\" srcset=\"https:\/\/contextoanalisisperiodistico.com\/wp-content\/uploads\/2024\/01\/boletC3ADn22-01-24281294898462598639302211-1024x663.jpg 1024w, https:\/\/contextoanalisisperiodistico.com\/wp-content\/uploads\/2024\/01\/boletC3ADn22-01-24281294898462598639302211-300x194.jpg 300w, https:\/\/contextoanalisisperiodistico.com\/wp-content\/uploads\/2024\/01\/boletC3ADn22-01-24281294898462598639302211-768x498.jpg 768w, https:\/\/contextoanalisisperiodistico.com\/wp-content\/uploads\/2024\/01\/boletC3ADn22-01-24281294898462598639302211-1536x995.jpg 1536w, https:\/\/contextoanalisisperiodistico.com\/wp-content\/uploads\/2024\/01\/boletC3ADn22-01-24281294898462598639302211.jpg 1545w\" sizes=\"(max-width: 1024px) 100vw, 1024px\" \/><\/figure>\n\n\n\n<figure class=\"wp-block-image\"><img decoding=\"async\" width=\"1024\" height=\"685\" src=\"https:\/\/contextoanalisisperiodistico.com\/wp-content\/uploads\/2024\/01\/boletC3ADn22-01-24284291018838159957106831-1024x685.jpg\" alt=\"\" class=\"wp-image-23671\" srcset=\"https:\/\/contextoanalisisperiodistico.com\/wp-content\/uploads\/2024\/01\/boletC3ADn22-01-24284291018838159957106831-1024x685.jpg 1024w, https:\/\/contextoanalisisperiodistico.com\/wp-content\/uploads\/2024\/01\/boletC3ADn22-01-24284291018838159957106831-300x201.jpg 300w, https:\/\/contextoanalisisperiodistico.com\/wp-content\/uploads\/2024\/01\/boletC3ADn22-01-24284291018838159957106831-768x514.jpg 768w, https:\/\/contextoanalisisperiodistico.com\/wp-content\/uploads\/2024\/01\/boletC3ADn22-01-24284291018838159957106831-1536x1027.jpg 1536w, https:\/\/contextoanalisisperiodistico.com\/wp-content\/uploads\/2024\/01\/boletC3ADn22-01-24284291018838159957106831.jpg 1600w\" sizes=\"(max-width: 1024px) 100vw, 1024px\" \/><\/figure>\n\n\n\n<p>Oaxaca de Ju\u00e1rez, Oax., a 22 de enero de 2024.- En consonancia con la visi\u00f3n de Francisco Mart\u00ednez Neri, Presidente Municipal de Oaxaca de Ju\u00e1rez, de consolidar una Ciudad Educadora donde las artes y la m\u00fasica sean parte integral en la formaci\u00f3n de las generaciones presentes y futuras, se llev\u00f3 a cabo una inspecci\u00f3n de la construcci\u00f3n del Centro Cultural Dolores, Auditorio Audiovisual y de M\u00fasica.<\/p>\n\n\n\n<p>A pesar de los desaf\u00edos como la deuda heredada y la gesti\u00f3n de Residuos S\u00f3lidos Urbanos, el gobierno municipal, encabezado por Francisco Mart\u00ednez Neri, se enfoca en la gesti\u00f3n de obras para el beneficio de la comunidad, dando continuidad a proyectos que enriquezcan la vida de las y los habitantes.<\/p>\n\n\n\n<p>Acompa\u00f1ado por la Agente de Polic\u00eda de Dolores, Rebeca Silva Luna, regidoras, miembros del gabinete y vecinos de la agencia, Mart\u00ednez Neri, subray\u00f3 la importancia de seguir dotando de estos espacios culturales en toda la ciudad, para transformar actitudes y mentalidades. \u00abLa cultura es esencial. Me llena de satisfacci\u00f3n que este centro cultural se convierta en un \u00edcono, aportando al bienestar de Dolores y de todo Oaxaca\u00bb, manifest\u00f3.<\/p>\n\n\n\n<p>En su intervenci\u00f3n, Rebeca Silva Luna, Agente de Polic\u00eda, expres\u00f3 su agradecimiento por el respaldo a la agencia, resaltando que este espacio ser\u00e1 un recurso valioso para ni\u00f1os, j\u00f3venes y adultos. \u00abSer\u00e1 un lugar para talleres, danzas, manualidades y actividades culturales que enriquecer\u00e1n nuestra agencia\u00bb, destac\u00f3.<\/p>\n\n\n\n<p>Por su parte, Mario Acevedo, vecino de Dolores, agradeci\u00f3 al mandatario municipal por priorizar esta obra, y expres\u00f3 su deseo de que se sigan llevando a cabo m\u00e1s proyectos de este tipo. Enfatiz\u00f3 que este auditorio ofrecer\u00e1 oportunidades positivas para la juventud, fomentando el desarrollo de habilidades y cultivando ciudadanos comprometidos.<\/p>\n\n\n\n<p>\u00abEste espacio ser\u00e1 un refugio para nuestros j\u00f3venes, alej\u00e1ndolos de malas influencias y brind\u00e1ndoles la oportunidad de aprender cosas valiosas\u00bb, afirm\u00f3.<\/p>\n\n\n\n<p>Con la realizaci\u00f3n de esta obra, el compromiso del gobierno municipal es claro: continuar impulsando proyectos que fortalezcan el tejido cultural y educativo en beneficio de todas las familias de Oaxaca de Ju\u00e1rez.<\/p>\n","protected":false},"excerpt":{"rendered":"<p>\u00b7&nbsp;&nbsp;&nbsp;&nbsp;&nbsp;&nbsp;&nbsp;&nbsp;&nbsp;Agencia de Dolores contar\u00e1 con su Centro Cultural, Auditorio Audiovisual y de M\u00fasica Oaxaca de&#8230;<\/p>\n","protected":false},"author":4,"featured_media":23670,"comment_status":"","ping_status":"open","sticky":false,"template":"","format":"standard","meta":{"footnotes":""},"categories":[9],"tags":[],"jetpack_sharing_enabled":true,"featured_image_urls":{"full":["https:\/\/contextoanalisisperiodistico.com\/wp-content\/uploads\/2024\/01\/BoletC3ADn22-01-2428229.jpg",1600,1070,false],"thumbnail":["https:\/\/contextoanalisisperiodistico.com\/wp-content\/uploads\/2024\/01\/BoletC3ADn22-01-2428229-150x150.jpg",150,150,true],"medium":["https:\/\/contextoanalisisperiodistico.com\/wp-content\/uploads\/2024\/01\/BoletC3ADn22-01-2428229-300x201.jpg",300,201,true],"medium_large":["https:\/\/contextoanalisisperiodistico.com\/wp-content\/uploads\/2024\/01\/BoletC3ADn22-01-2428229-768x514.jpg",640,428,true],"large":["https:\/\/contextoanalisisperiodistico.com\/wp-content\/uploads\/2024\/01\/BoletC3ADn22-01-2428229-1024x685.jpg",640,428,true],"1536x1536":["https:\/\/contextoanalisisperiodistico.com\/wp-content\/uploads\/2024\/01\/BoletC3ADn22-01-2428229-1536x1027.jpg",1536,1027,true],"2048x2048":["https:\/\/contextoanalisisperiodistico.com\/wp-content\/uploads\/2024\/01\/BoletC3ADn22-01-2428229.jpg",1600,1070,false],"covernews-slider-full":["https:\/\/contextoanalisisperiodistico.com\/wp-content\/uploads\/2024\/01\/BoletC3ADn22-01-2428229-1115x715.jpg",1115,715,true],"covernews-slider-center":["https:\/\/contextoanalisisperiodistico.com\/wp-content\/uploads\/2024\/01\/BoletC3ADn22-01-2428229-800x500.jpg",800,500,true],"covernews-featured":["https:\/\/contextoanalisisperiodistico.com\/wp-content\/uploads\/2024\/01\/BoletC3ADn22-01-2428229-1024x685.jpg",1024,685,true],"covernews-medium":["https:\/\/contextoanalisisperiodistico.com\/wp-content\/uploads\/2024\/01\/BoletC3ADn22-01-2428229-540x340.jpg",540,340,true],"covernews-medium-square":["https:\/\/contextoanalisisperiodistico.com\/wp-content\/uploads\/2024\/01\/BoletC3ADn22-01-2428229-400x250.jpg",400,250,true]},"author_info":{"display_name":"Mario Gir\u00f3n","author_link":"https:\/\/contextoanalisisperiodistico.com\/index.php\/author\/director\/"},"category_info":"<a href=\"https:\/\/contextoanalisisperiodistico.com\/index.php\/category\/politica\/\" rel=\"category tag\">Pol\u00edtica<\/a>","tag_info":"Pol\u00edtica","comment_count":"0","jetpack_featured_media_url":"https:\/\/contextoanalisisperiodistico.com\/wp-content\/uploads\/2024\/01\/BoletC3ADn22-01-2428229.jpg","_links":{"self":[{"href":"https:\/\/contextoanalisisperiodistico.com\/index.php\/wp-json\/wp\/v2\/posts\/23674"}],"collection":[{"href":"https:\/\/contextoanalisisperiodistico.com\/index.php\/wp-json\/wp\/v2\/posts"}],"about":[{"href":"https:\/\/contextoanalisisperiodistico.com\/index.php\/wp-json\/wp\/v2\/types\/post"}],"author":[{"embeddable":true,"href":"https:\/\/contextoanalisisperiodistico.com\/index.php\/wp-json\/wp\/v2\/users\/4"}],"replies":[{"embeddable":true,"href":"https:\/\/contextoanalisisperiodistico.com\/index.php\/wp-json\/wp\/v2\/comments?post=23674"}],"version-history":[{"count":0,"href":"https:\/\/contextoanalisisperiodistico.com\/index.php\/wp-json\/wp\/v2\/posts\/23674\/revisions"}],"wp:featuredmedia":[{"embeddable":true,"href":"https:\/\/contextoanalisisperiodistico.com\/index.php\/wp-json\/wp\/v2\/media\/23670"}],"wp:attachment":[{"href":"https:\/\/contextoanalisisperiodistico.com\/index.php\/wp-json\/wp\/v2\/media?parent=23674"}],"wp:term":[{"taxonomy":"category","embeddable":true,"href":"https:\/\/contextoanalisisperiodistico.com\/index.php\/wp-json\/wp\/v2\/categories?post=23674"},{"taxonomy":"post_tag","embeddable":true,"href":"https:\/\/contextoanalisisperiodistico.com\/index.php\/wp-json\/wp\/v2\/tags?post=23674"}],"curies":[{"name":"wp","href":"https:\/\/api.w.org\/{rel}","templated":true}]}}