{"id":23554,"date":"2024-01-18T18:37:42","date_gmt":"2024-01-19T00:37:42","guid":{"rendered":"https:\/\/contextoanalisisperiodistico.com\/index.php\/2024\/01\/18\/abona-gobierno-de-oaxaca-a-la-universalidad-del-derecho-a-la-salud\/"},"modified":"2024-01-18T18:37:42","modified_gmt":"2024-01-19T00:37:42","slug":"abona-gobierno-de-oaxaca-a-la-universalidad-del-derecho-a-la-salud","status":"publish","type":"post","link":"https:\/\/contextoanalisisperiodistico.com\/index.php\/2024\/01\/18\/abona-gobierno-de-oaxaca-a-la-universalidad-del-derecho-a-la-salud\/","title":{"rendered":"<em>Abona Gobierno de Oaxaca a la universalidad del derecho a la salud<\/em>"},"content":{"rendered":"<div id=\"fb-root\"><\/div>\n\n<p>\u2022 El Gobernador Salom\u00f3n Jara Cruz firm\u00f3 un convenio para el inicio de operaciones, en marzo, del Sistema IMSS Bienestar en la entidad<\/p>\n\n\n\n<figure class=\"wp-block-image size-large\"><img fetchpriority=\"high\" decoding=\"async\" width=\"1024\" height=\"768\" src=\"https:\/\/contextoanalisisperiodistico.com\/wp-content\/uploads\/2024\/01\/img-20240118-wa00427910907127068610778.jpg\" alt=\"\" class=\"wp-image-23553\" srcset=\"https:\/\/contextoanalisisperiodistico.com\/wp-content\/uploads\/2024\/01\/img-20240118-wa00427910907127068610778.jpg 1024w, https:\/\/contextoanalisisperiodistico.com\/wp-content\/uploads\/2024\/01\/img-20240118-wa00427910907127068610778-300x225.jpg 300w, https:\/\/contextoanalisisperiodistico.com\/wp-content\/uploads\/2024\/01\/img-20240118-wa00427910907127068610778-768x576.jpg 768w\" sizes=\"(max-width: 1024px) 100vw, 1024px\" \/><\/figure>\n\n\n\n<p>Ciudad de M\u00e9xico, 18 de enero de 2024.- Para garantizar la universalidad del derecho a la salud, el Gobernador del Estado Salom\u00f3n Jara Cruz firm\u00f3 un convenio para el inicio de operaciones del Sistema de Salud IMSS Bienestar en el mes de marzo en Oaxaca.<\/p>\n\n\n\n<p>En esta estrategia participan 23 gobernadoras y gobernadores del pa\u00eds, con el objetivo de brindar atenci\u00f3n m\u00e9dica, medicamentos de calidad y gratuitos para las y los mexicanos, sin distinci\u00f3n alguna.<\/p>\n\n\n\n<p>Durante la actividad realizada en el Palacio Nacional de M\u00e9xico, el Mandatario estatal asegur\u00f3 que con este nuevo modelo de salud, el Gobierno de la Rep\u00fablica y los gobiernos estatales garantizan que todas las personas y comunidades tengan acceso a estos servicios.<\/p>\n\n\n\n<p>\u201cEl Presidente de la Rep\u00fablica Andr\u00e9s Manuel L\u00f3pez Obrador nos convoc\u00f3 para dar continuidad a la federalizaci\u00f3n de este sistema, el cual determina el traspaso de inmuebles, muebles y equipamiento de las unidades de salud que ser\u00e1n operadas formalmente en marzo por el IMSS Bienestar\u201d, se\u00f1al\u00f3.<\/p>\n\n\n\n<p>Finalmente, Jara Cruz reconoci\u00f3 la labor que realiza el Presidente de la Rep\u00fablica y el director del IMSS, Zo\u00e9 Robledo Aburto para abonar a este derecho humano y brindar el programa IMSS Bienestar en favor de cientos de familias.<\/p>\n\n\n\n<p>-0-<\/p>\n","protected":false},"excerpt":{"rendered":"<p>\u2022 El Gobernador Salom\u00f3n Jara Cruz firm\u00f3 un convenio para el inicio de operaciones, en&#8230;<\/p>\n","protected":false},"author":4,"featured_media":23552,"comment_status":"","ping_status":"open","sticky":false,"template":"","format":"standard","meta":{"footnotes":""},"categories":[92],"tags":[],"jetpack_sharing_enabled":true,"featured_image_urls":{"full":["https:\/\/contextoanalisisperiodistico.com\/wp-content\/uploads\/2024\/01\/IMG-20240118-WA0041.jpg",1024,768,false],"thumbnail":["https:\/\/contextoanalisisperiodistico.com\/wp-content\/uploads\/2024\/01\/IMG-20240118-WA0041-150x150.jpg",150,150,true],"medium":["https:\/\/contextoanalisisperiodistico.com\/wp-content\/uploads\/2024\/01\/IMG-20240118-WA0041-300x225.jpg",300,225,true],"medium_large":["https:\/\/contextoanalisisperiodistico.com\/wp-content\/uploads\/2024\/01\/IMG-20240118-WA0041-768x576.jpg",640,480,true],"large":["https:\/\/contextoanalisisperiodistico.com\/wp-content\/uploads\/2024\/01\/IMG-20240118-WA0041.jpg",640,480,false],"1536x1536":["https:\/\/contextoanalisisperiodistico.com\/wp-content\/uploads\/2024\/01\/IMG-20240118-WA0041.jpg",1024,768,false],"2048x2048":["https:\/\/contextoanalisisperiodistico.com\/wp-content\/uploads\/2024\/01\/IMG-20240118-WA0041.jpg",1024,768,false],"covernews-slider-full":["https:\/\/contextoanalisisperiodistico.com\/wp-content\/uploads\/2024\/01\/IMG-20240118-WA0041-1024x715.jpg",1024,715,true],"covernews-slider-center":["https:\/\/contextoanalisisperiodistico.com\/wp-content\/uploads\/2024\/01\/IMG-20240118-WA0041-800x500.jpg",800,500,true],"covernews-featured":["https:\/\/contextoanalisisperiodistico.com\/wp-content\/uploads\/2024\/01\/IMG-20240118-WA0041.jpg",1024,768,false],"covernews-medium":["https:\/\/contextoanalisisperiodistico.com\/wp-content\/uploads\/2024\/01\/IMG-20240118-WA0041-540x340.jpg",540,340,true],"covernews-medium-square":["https:\/\/contextoanalisisperiodistico.com\/wp-content\/uploads\/2024\/01\/IMG-20240118-WA0041-400x250.jpg",400,250,true]},"author_info":{"display_name":"Mario Gir\u00f3n","author_link":"https:\/\/contextoanalisisperiodistico.com\/index.php\/author\/director\/"},"category_info":"<a href=\"https:\/\/contextoanalisisperiodistico.com\/index.php\/category\/salud\/\" rel=\"category tag\">Salud<\/a>","tag_info":"Salud","comment_count":"0","jetpack_featured_media_url":"https:\/\/contextoanalisisperiodistico.com\/wp-content\/uploads\/2024\/01\/IMG-20240118-WA0041.jpg","_links":{"self":[{"href":"https:\/\/contextoanalisisperiodistico.com\/index.php\/wp-json\/wp\/v2\/posts\/23554"}],"collection":[{"href":"https:\/\/contextoanalisisperiodistico.com\/index.php\/wp-json\/wp\/v2\/posts"}],"about":[{"href":"https:\/\/contextoanalisisperiodistico.com\/index.php\/wp-json\/wp\/v2\/types\/post"}],"author":[{"embeddable":true,"href":"https:\/\/contextoanalisisperiodistico.com\/index.php\/wp-json\/wp\/v2\/users\/4"}],"replies":[{"embeddable":true,"href":"https:\/\/contextoanalisisperiodistico.com\/index.php\/wp-json\/wp\/v2\/comments?post=23554"}],"version-history":[{"count":0,"href":"https:\/\/contextoanalisisperiodistico.com\/index.php\/wp-json\/wp\/v2\/posts\/23554\/revisions"}],"wp:featuredmedia":[{"embeddable":true,"href":"https:\/\/contextoanalisisperiodistico.com\/index.php\/wp-json\/wp\/v2\/media\/23552"}],"wp:attachment":[{"href":"https:\/\/contextoanalisisperiodistico.com\/index.php\/wp-json\/wp\/v2\/media?parent=23554"}],"wp:term":[{"taxonomy":"category","embeddable":true,"href":"https:\/\/contextoanalisisperiodistico.com\/index.php\/wp-json\/wp\/v2\/categories?post=23554"},{"taxonomy":"post_tag","embeddable":true,"href":"https:\/\/contextoanalisisperiodistico.com\/index.php\/wp-json\/wp\/v2\/tags?post=23554"}],"curies":[{"name":"wp","href":"https:\/\/api.w.org\/{rel}","templated":true}]}}