{"id":23543,"date":"2024-01-18T15:30:33","date_gmt":"2024-01-18T21:30:33","guid":{"rendered":"https:\/\/contextoanalisisperiodistico.com\/index.php\/2024\/01\/18\/fomenta-sspc-educacion-con-perspectiva-de-genero-inclusiva-e-igualitaria\/"},"modified":"2024-01-18T15:30:33","modified_gmt":"2024-01-18T21:30:33","slug":"fomenta-sspc-educacion-con-perspectiva-de-genero-inclusiva-e-igualitaria","status":"publish","type":"post","link":"https:\/\/contextoanalisisperiodistico.com\/index.php\/2024\/01\/18\/fomenta-sspc-educacion-con-perspectiva-de-genero-inclusiva-e-igualitaria\/","title":{"rendered":"Fomenta SSPC educaci\u00f3n con perspectiva de g\u00e9nero, inclusiva e igualitaria"},"content":{"rendered":"<div id=\"fb-root\"><\/div>\n\n<p>\u2022 La Secretar\u00eda de Seguridad y Protecci\u00f3n Ciudadana particip\u00f3 en la jornada Construyendo un Mundo Equitativo en el Instituto Tecnol\u00f3gico del Valle de Oaxaca<\/p>\n\n\n\n<p>Oaxaca de Ju\u00e1rez, Oax., 18 de enero de 2024.- Para fomentar una educaci\u00f3n con perspectiva de g\u00e9nero, inclusiva e igualitaria, la Secretar\u00eda de Seguridad y Protecci\u00f3n Ciudadana (SSPC) particip\u00f3 en la jornada Construyendo un Mundo Equitativo en el Instituto Tecnol\u00f3gico del Valle de Oaxaca (ITVO).<\/p>\n\n\n\n<p>Como parte de esta jornada se realiz\u00f3 el foro Construyendo Entornos Educativos con Perspectiva de G\u00e9nero, en el que personas expertas en diversos campos compartieron informaci\u00f3n que permita a esta comunidad contar con las herramientas para enfrentar diferentes desaf\u00edos en la din\u00e1mica social actual.<\/p>\n\n\n\n<p>Durante esta actividad, el personal docente y administrativo del ITVO recibi\u00f3 capacitaci\u00f3n en temas de perspectiva de g\u00e9nero, inclusi\u00f3n y no discriminaci\u00f3n, adem\u00e1s de los riesgos que implica el uso de las nuevas tecnolog\u00edas y la forma de combatir las violencias digitales.<\/p>\n\n\n\n<p>Ante el titular de la Coordinaci\u00f3n General de Educaci\u00f3n Media Superior y Superior, Ciencia y Tecnolog\u00eda (CGEMSySCyT) Alcide Garc\u00eda Guzm\u00e1n, personal de la Unidad de Polic\u00eda Cibern\u00e9tica de la SSPC imparti\u00f3 la charla Concientizaci\u00f3n de la Violencia Digital con Perspectiva de G\u00e9nero.<\/p>\n\n\n\n<p>Con estas acciones, la SSPC fortalece el trabajo interinstitucional y promueve la participaci\u00f3n del sector educativo en la construcci\u00f3n de una sociedad libre de violencia de g\u00e9nero, establecido en el Nuevo Pacto Social que impulsa el Gobierno de Oaxaca.<\/p>\n\n\n\n<p>Tambi\u00e9n, para navegar de forma segura algunas recomendaciones que se emiten a la poblaci\u00f3n son: crear contrase\u00f1as que combinen letras con n\u00fameros y s\u00edmbolos, utilizar al menos 12 caracteres, evitar incluir datos personales, utilizar frases que s\u00f3lo la persona conozca, usar diferentes contrase\u00f1as y renovarlas peri\u00f3dicamente.<\/p>\n\n\n\n<p>A esta actividad asisti\u00f3 el titular de la Unidad de Polic\u00eda Cibern\u00e9tica, Mauricio Israel Vald\u00e9s Suro; la fiscal para la Atenci\u00f3n e Investigaci\u00f3n de Feminicidios y Homicidios, Luz Gabriela Herrera Pacheco; la directora de Educaci\u00f3n Superior de la CGEMSySCyT, Alejandra V\u00e1zquez Cruz; la jefa del Departamento de Promoci\u00f3n y Desarrollo de esta \u00faltima instancia, Martha Ethel L\u00f3pez Cruz y el experto en urgencias psiqui\u00e1tricas y adicciones, Jorge Enrique Caballero Hern\u00e1ndez, entre otras personas.<\/p>\n\n\n\n<figure class=\"wp-block-image size-large\"><img fetchpriority=\"high\" decoding=\"async\" width=\"1024\" height=\"683\" src=\"https:\/\/contextoanalisisperiodistico.com\/wp-content\/uploads\/2024\/01\/img-20240118-wa00293587066032251593779-1024x683.jpg\" alt=\"\" class=\"wp-image-23542\" srcset=\"https:\/\/contextoanalisisperiodistico.com\/wp-content\/uploads\/2024\/01\/img-20240118-wa00293587066032251593779-1024x683.jpg 1024w, https:\/\/contextoanalisisperiodistico.com\/wp-content\/uploads\/2024\/01\/img-20240118-wa00293587066032251593779-300x200.jpg 300w, https:\/\/contextoanalisisperiodistico.com\/wp-content\/uploads\/2024\/01\/img-20240118-wa00293587066032251593779-768x512.jpg 768w, https:\/\/contextoanalisisperiodistico.com\/wp-content\/uploads\/2024\/01\/img-20240118-wa00293587066032251593779-1536x1024.jpg 1536w, https:\/\/contextoanalisisperiodistico.com\/wp-content\/uploads\/2024\/01\/img-20240118-wa00293587066032251593779.jpg 1600w\" sizes=\"(max-width: 1024px) 100vw, 1024px\" \/><\/figure>\n\n\n\n<figure class=\"wp-block-image\"><img decoding=\"async\" width=\"1024\" height=\"683\" src=\"https:\/\/contextoanalisisperiodistico.com\/wp-content\/uploads\/2024\/01\/img-20240118-wa0027223378893151021761-1024x683.jpg\" alt=\"\" class=\"wp-image-23541\" srcset=\"https:\/\/contextoanalisisperiodistico.com\/wp-content\/uploads\/2024\/01\/img-20240118-wa0027223378893151021761-1024x683.jpg 1024w, https:\/\/contextoanalisisperiodistico.com\/wp-content\/uploads\/2024\/01\/img-20240118-wa0027223378893151021761-300x200.jpg 300w, https:\/\/contextoanalisisperiodistico.com\/wp-content\/uploads\/2024\/01\/img-20240118-wa0027223378893151021761-768x512.jpg 768w, https:\/\/contextoanalisisperiodistico.com\/wp-content\/uploads\/2024\/01\/img-20240118-wa0027223378893151021761-1536x1024.jpg 1536w, https:\/\/contextoanalisisperiodistico.com\/wp-content\/uploads\/2024\/01\/img-20240118-wa0027223378893151021761.jpg 1600w\" sizes=\"(max-width: 1024px) 100vw, 1024px\" \/><\/figure>\n\n\n\n<p><\/p>\n","protected":false},"excerpt":{"rendered":"<p>\u2022 La Secretar\u00eda de Seguridad y Protecci\u00f3n Ciudadana particip\u00f3 en la jornada Construyendo un Mundo&#8230;<\/p>\n","protected":false},"author":4,"featured_media":23540,"comment_status":"","ping_status":"open","sticky":false,"template":"","format":"standard","meta":{"footnotes":""},"categories":[9],"tags":[],"jetpack_sharing_enabled":true,"featured_image_urls":{"full":["https:\/\/contextoanalisisperiodistico.com\/wp-content\/uploads\/2024\/01\/IMG-20240118-WA0028.jpg",1600,990,false],"thumbnail":["https:\/\/contextoanalisisperiodistico.com\/wp-content\/uploads\/2024\/01\/IMG-20240118-WA0028-150x150.jpg",150,150,true],"medium":["https:\/\/contextoanalisisperiodistico.com\/wp-content\/uploads\/2024\/01\/IMG-20240118-WA0028-300x186.jpg",300,186,true],"medium_large":["https:\/\/contextoanalisisperiodistico.com\/wp-content\/uploads\/2024\/01\/IMG-20240118-WA0028-768x475.jpg",640,396,true],"large":["https:\/\/contextoanalisisperiodistico.com\/wp-content\/uploads\/2024\/01\/IMG-20240118-WA0028-1024x634.jpg",640,396,true],"1536x1536":["https:\/\/contextoanalisisperiodistico.com\/wp-content\/uploads\/2024\/01\/IMG-20240118-WA0028-1536x950.jpg",1536,950,true],"2048x2048":["https:\/\/contextoanalisisperiodistico.com\/wp-content\/uploads\/2024\/01\/IMG-20240118-WA0028.jpg",1600,990,false],"covernews-slider-full":["https:\/\/contextoanalisisperiodistico.com\/wp-content\/uploads\/2024\/01\/IMG-20240118-WA0028-1115x715.jpg",1115,715,true],"covernews-slider-center":["https:\/\/contextoanalisisperiodistico.com\/wp-content\/uploads\/2024\/01\/IMG-20240118-WA0028-800x500.jpg",800,500,true],"covernews-featured":["https:\/\/contextoanalisisperiodistico.com\/wp-content\/uploads\/2024\/01\/IMG-20240118-WA0028-1024x634.jpg",1024,634,true],"covernews-medium":["https:\/\/contextoanalisisperiodistico.com\/wp-content\/uploads\/2024\/01\/IMG-20240118-WA0028-540x340.jpg",540,340,true],"covernews-medium-square":["https:\/\/contextoanalisisperiodistico.com\/wp-content\/uploads\/2024\/01\/IMG-20240118-WA0028-400x250.jpg",400,250,true]},"author_info":{"display_name":"Mario Gir\u00f3n","author_link":"https:\/\/contextoanalisisperiodistico.com\/index.php\/author\/director\/"},"category_info":"<a href=\"https:\/\/contextoanalisisperiodistico.com\/index.php\/category\/politica\/\" rel=\"category tag\">Pol\u00edtica<\/a>","tag_info":"Pol\u00edtica","comment_count":"0","jetpack_featured_media_url":"https:\/\/contextoanalisisperiodistico.com\/wp-content\/uploads\/2024\/01\/IMG-20240118-WA0028.jpg","_links":{"self":[{"href":"https:\/\/contextoanalisisperiodistico.com\/index.php\/wp-json\/wp\/v2\/posts\/23543"}],"collection":[{"href":"https:\/\/contextoanalisisperiodistico.com\/index.php\/wp-json\/wp\/v2\/posts"}],"about":[{"href":"https:\/\/contextoanalisisperiodistico.com\/index.php\/wp-json\/wp\/v2\/types\/post"}],"author":[{"embeddable":true,"href":"https:\/\/contextoanalisisperiodistico.com\/index.php\/wp-json\/wp\/v2\/users\/4"}],"replies":[{"embeddable":true,"href":"https:\/\/contextoanalisisperiodistico.com\/index.php\/wp-json\/wp\/v2\/comments?post=23543"}],"version-history":[{"count":0,"href":"https:\/\/contextoanalisisperiodistico.com\/index.php\/wp-json\/wp\/v2\/posts\/23543\/revisions"}],"wp:featuredmedia":[{"embeddable":true,"href":"https:\/\/contextoanalisisperiodistico.com\/index.php\/wp-json\/wp\/v2\/media\/23540"}],"wp:attachment":[{"href":"https:\/\/contextoanalisisperiodistico.com\/index.php\/wp-json\/wp\/v2\/media?parent=23543"}],"wp:term":[{"taxonomy":"category","embeddable":true,"href":"https:\/\/contextoanalisisperiodistico.com\/index.php\/wp-json\/wp\/v2\/categories?post=23543"},{"taxonomy":"post_tag","embeddable":true,"href":"https:\/\/contextoanalisisperiodistico.com\/index.php\/wp-json\/wp\/v2\/tags?post=23543"}],"curies":[{"name":"wp","href":"https:\/\/api.w.org\/{rel}","templated":true}]}}