{"id":23520,"date":"2024-01-17T19:22:28","date_gmt":"2024-01-18T01:22:28","guid":{"rendered":"https:\/\/contextoanalisisperiodistico.com\/index.php\/2024\/01\/17\/confirma-sso-seis-casos-de-dengue-en-la-entidad-y-cero-defunciones\/"},"modified":"2024-01-17T19:22:28","modified_gmt":"2024-01-18T01:22:28","slug":"confirma-sso-seis-casos-de-dengue-en-la-entidad-y-cero-defunciones","status":"publish","type":"post","link":"https:\/\/contextoanalisisperiodistico.com\/index.php\/2024\/01\/17\/confirma-sso-seis-casos-de-dengue-en-la-entidad-y-cero-defunciones\/","title":{"rendered":"Confirma SSO seis casos de dengue en la entidad y cero defunciones"},"content":{"rendered":"<div id=\"fb-root\"><\/div>\n\n<p>\u2022 Valles Centrales contabiliza tres casos, Istmo dos y la Sierra uno<br \/>\u2022 Exhortan a continuar con medidas preventivas en viviendas, patios, jardines y azoteas a fin de evitar criaderos<\/p>\n\n\n\n<p>Oaxaca de Ju\u00e1rez, Oax. 17 de enero de 2024.- Los Servicios de Salud de Oaxaca (SSO) informaron que a la semana epidemiol\u00f3gica n\u00famero dos, de este 2024, se han confirmado por laboratorio seis casos de dengue en la entidad, cuatro hombres y dos mujeres, sin ning\u00fan reporte de defunci\u00f3n.<\/p>\n\n\n\n<p>Los municipios que presentan estos casos son Santa Cruz Xoxocotl\u00e1n, Santa Luc\u00eda del Camino, Uni\u00f3n Hidalgo, San Lorenzo Cacaotepec, San Jer\u00f3nimo Tlacochahuaya y San Francisco Ixhuat\u00e1n, que por Jurisdicci\u00f3n Sanitaria corresponden tres a Valles Centrales, dos a Istmo y uno a la Sierra.<\/p>\n\n\n\n<p>De acuerdo a su clasificaci\u00f3n, tres casos corresponden a Dengue No Grave (DNG), dos a Dengue Con Signos de Alarma (DCSA) y uno a Dengue Grave (DG).<\/p>\n\n\n\n<p>En este sentido, la dependencia exhorta a la poblaci\u00f3n a fortalecer las actividades de prevenci\u00f3n en las viviendas, patios, jardines y azoteas, eliminando los cacharros u objetos en desuso que puedan almacenar agua limpia, siendo este el principal reservorio para que los mosquitos Aedes aegypti y Albopictus se reproduzcan.<\/p>\n\n\n\n<p>Asimismo, pide eliminar la maleza de los jardines y terrenos, tapando los recipientes que almacenen agua y volteando aquellos que no se ocupen, as\u00ed tambi\u00e9n tirar las latas y botellas, cambiar el agua de floreros y bebederos de los animales de compa\u00f1\u00eda.<\/p>\n\n\n\n<p>Los s\u00edntomas de esta enfermedad suelen durar de dos a siete d\u00edas y se caracterizan por fiebre, dolor de cabeza, principalmente detr\u00e1s de los ojos, malestar generalizado, dolor en articulaciones y en m\u00fasculos, enrojecimiento en la piel, n\u00e1useas, v\u00f3mito, p\u00e9rdida del apetito, y en casos graves sangrado por nariz o enc\u00edas y moretones en la piel.<\/p>\n\n\n\n<p>Los SSO reiteran el llamado a las autoridades municipales y a la poblaci\u00f3n a no bajar la guardia y sumarse a las acciones para evitar enfermar, ya que la herramienta m\u00e1s eficiente para reducir los casos es la prevenci\u00f3n, adem\u00e1s de evitar la automedicaci\u00f3n, ya que es importante acudir a la unidad m\u00e9dica en caso de presentar los signos y s\u00edntomas mencionados.<code> <\/code><\/p>\n\n\n\n<figure class=\"wp-block-image size-large\"><img fetchpriority=\"high\" decoding=\"async\" width=\"611\" height=\"1024\" src=\"https:\/\/contextoanalisisperiodistico.com\/wp-content\/uploads\/2024\/01\/img-20240117-wa00434495768793905050379-611x1024.jpg\" alt=\"\" class=\"wp-image-23519\" srcset=\"https:\/\/contextoanalisisperiodistico.com\/wp-content\/uploads\/2024\/01\/img-20240117-wa00434495768793905050379-611x1024.jpg 611w, https:\/\/contextoanalisisperiodistico.com\/wp-content\/uploads\/2024\/01\/img-20240117-wa00434495768793905050379-179x300.jpg 179w, https:\/\/contextoanalisisperiodistico.com\/wp-content\/uploads\/2024\/01\/img-20240117-wa00434495768793905050379-768x1287.jpg 768w, https:\/\/contextoanalisisperiodistico.com\/wp-content\/uploads\/2024\/01\/img-20240117-wa00434495768793905050379-917x1536.jpg 917w, https:\/\/contextoanalisisperiodistico.com\/wp-content\/uploads\/2024\/01\/img-20240117-wa00434495768793905050379.jpg 955w\" sizes=\"(max-width: 611px) 100vw, 611px\" \/><\/figure>\n\n\n\n<figure class=\"wp-block-image\"><img decoding=\"async\" width=\"1024\" height=\"576\" src=\"https:\/\/contextoanalisisperiodistico.com\/wp-content\/uploads\/2024\/01\/img-20240117-wa00456933652795892656426-1024x576.jpg\" alt=\"\" class=\"wp-image-23518\" srcset=\"https:\/\/contextoanalisisperiodistico.com\/wp-content\/uploads\/2024\/01\/img-20240117-wa00456933652795892656426-1024x576.jpg 1024w, https:\/\/contextoanalisisperiodistico.com\/wp-content\/uploads\/2024\/01\/img-20240117-wa00456933652795892656426-300x169.jpg 300w, https:\/\/contextoanalisisperiodistico.com\/wp-content\/uploads\/2024\/01\/img-20240117-wa00456933652795892656426-768x432.jpg 768w, https:\/\/contextoanalisisperiodistico.com\/wp-content\/uploads\/2024\/01\/img-20240117-wa00456933652795892656426-1536x864.jpg 1536w, https:\/\/contextoanalisisperiodistico.com\/wp-content\/uploads\/2024\/01\/img-20240117-wa00456933652795892656426.jpg 1600w\" sizes=\"(max-width: 1024px) 100vw, 1024px\" \/><\/figure>\n","protected":false},"excerpt":{"rendered":"<p>\u2022 Valles Centrales contabiliza tres casos, Istmo dos y la Sierra uno\u2022 Exhortan a continuar&#8230;<\/p>\n","protected":false},"author":4,"featured_media":23517,"comment_status":"","ping_status":"open","sticky":false,"template":"","format":"standard","meta":{"footnotes":""},"categories":[92],"tags":[],"jetpack_sharing_enabled":true,"featured_image_urls":{"full":["https:\/\/contextoanalisisperiodistico.com\/wp-content\/uploads\/2024\/01\/IMG-20240117-WA0044.jpg",1600,1065,false],"thumbnail":["https:\/\/contextoanalisisperiodistico.com\/wp-content\/uploads\/2024\/01\/IMG-20240117-WA0044-150x150.jpg",150,150,true],"medium":["https:\/\/contextoanalisisperiodistico.com\/wp-content\/uploads\/2024\/01\/IMG-20240117-WA0044-300x200.jpg",300,200,true],"medium_large":["https:\/\/contextoanalisisperiodistico.com\/wp-content\/uploads\/2024\/01\/IMG-20240117-WA0044-768x511.jpg",640,426,true],"large":["https:\/\/contextoanalisisperiodistico.com\/wp-content\/uploads\/2024\/01\/IMG-20240117-WA0044-1024x682.jpg",640,426,true],"1536x1536":["https:\/\/contextoanalisisperiodistico.com\/wp-content\/uploads\/2024\/01\/IMG-20240117-WA0044-1536x1022.jpg",1536,1022,true],"2048x2048":["https:\/\/contextoanalisisperiodistico.com\/wp-content\/uploads\/2024\/01\/IMG-20240117-WA0044.jpg",1600,1065,false],"covernews-slider-full":["https:\/\/contextoanalisisperiodistico.com\/wp-content\/uploads\/2024\/01\/IMG-20240117-WA0044-1115x715.jpg",1115,715,true],"covernews-slider-center":["https:\/\/contextoanalisisperiodistico.com\/wp-content\/uploads\/2024\/01\/IMG-20240117-WA0044-800x500.jpg",800,500,true],"covernews-featured":["https:\/\/contextoanalisisperiodistico.com\/wp-content\/uploads\/2024\/01\/IMG-20240117-WA0044-1024x682.jpg",1024,682,true],"covernews-medium":["https:\/\/contextoanalisisperiodistico.com\/wp-content\/uploads\/2024\/01\/IMG-20240117-WA0044-540x340.jpg",540,340,true],"covernews-medium-square":["https:\/\/contextoanalisisperiodistico.com\/wp-content\/uploads\/2024\/01\/IMG-20240117-WA0044-400x250.jpg",400,250,true]},"author_info":{"display_name":"Mario Gir\u00f3n","author_link":"https:\/\/contextoanalisisperiodistico.com\/index.php\/author\/director\/"},"category_info":"<a href=\"https:\/\/contextoanalisisperiodistico.com\/index.php\/category\/salud\/\" rel=\"category tag\">Salud<\/a>","tag_info":"Salud","comment_count":"0","jetpack_featured_media_url":"https:\/\/contextoanalisisperiodistico.com\/wp-content\/uploads\/2024\/01\/IMG-20240117-WA0044.jpg","_links":{"self":[{"href":"https:\/\/contextoanalisisperiodistico.com\/index.php\/wp-json\/wp\/v2\/posts\/23520"}],"collection":[{"href":"https:\/\/contextoanalisisperiodistico.com\/index.php\/wp-json\/wp\/v2\/posts"}],"about":[{"href":"https:\/\/contextoanalisisperiodistico.com\/index.php\/wp-json\/wp\/v2\/types\/post"}],"author":[{"embeddable":true,"href":"https:\/\/contextoanalisisperiodistico.com\/index.php\/wp-json\/wp\/v2\/users\/4"}],"replies":[{"embeddable":true,"href":"https:\/\/contextoanalisisperiodistico.com\/index.php\/wp-json\/wp\/v2\/comments?post=23520"}],"version-history":[{"count":0,"href":"https:\/\/contextoanalisisperiodistico.com\/index.php\/wp-json\/wp\/v2\/posts\/23520\/revisions"}],"wp:featuredmedia":[{"embeddable":true,"href":"https:\/\/contextoanalisisperiodistico.com\/index.php\/wp-json\/wp\/v2\/media\/23517"}],"wp:attachment":[{"href":"https:\/\/contextoanalisisperiodistico.com\/index.php\/wp-json\/wp\/v2\/media?parent=23520"}],"wp:term":[{"taxonomy":"category","embeddable":true,"href":"https:\/\/contextoanalisisperiodistico.com\/index.php\/wp-json\/wp\/v2\/categories?post=23520"},{"taxonomy":"post_tag","embeddable":true,"href":"https:\/\/contextoanalisisperiodistico.com\/index.php\/wp-json\/wp\/v2\/tags?post=23520"}],"curies":[{"name":"wp","href":"https:\/\/api.w.org\/{rel}","templated":true}]}}