{"id":23512,"date":"2024-01-17T16:03:07","date_gmt":"2024-01-17T22:03:07","guid":{"rendered":"https:\/\/contextoanalisisperiodistico.com\/index.php\/2024\/01\/17\/aplica-sso-mas-36-mil-vacunas-contra-la-influenza-en-tuxtepec\/"},"modified":"2024-01-17T16:03:07","modified_gmt":"2024-01-17T22:03:07","slug":"aplica-sso-mas-36-mil-vacunas-contra-la-influenza-en-tuxtepec","status":"publish","type":"post","link":"https:\/\/contextoanalisisperiodistico.com\/index.php\/2024\/01\/17\/aplica-sso-mas-36-mil-vacunas-contra-la-influenza-en-tuxtepec\/","title":{"rendered":"Aplica SSO m\u00e1s 36 mil vacunas contra la influenza en Tuxtepec"},"content":{"rendered":"<div id=\"fb-root\"><\/div>\n\n<p>\u2022 En la Jurisdicci\u00f3n Sanitaria n\u00famero 3 Tuxtepec se ha aplicado este biol\u00f3gico tetravalente contra la influenza a personas con factores de riesgo y mayores de edad<\/p>\n\n\n\n<figure class=\"wp-block-image size-large\"><img fetchpriority=\"high\" decoding=\"async\" width=\"692\" height=\"1024\" src=\"https:\/\/contextoanalisisperiodistico.com\/wp-content\/uploads\/2024\/01\/img-20240117-wa00372457434041227070254.jpg\" alt=\"\" class=\"wp-image-23511\" srcset=\"https:\/\/contextoanalisisperiodistico.com\/wp-content\/uploads\/2024\/01\/img-20240117-wa00372457434041227070254.jpg 692w, https:\/\/contextoanalisisperiodistico.com\/wp-content\/uploads\/2024\/01\/img-20240117-wa00372457434041227070254-203x300.jpg 203w\" sizes=\"(max-width: 692px) 100vw, 692px\" \/><\/figure>\n\n\n\n<p>\u2022 Tambi\u00e9n 364 personas se han inmunizado contra Covid-19 en temporada invernal<br \/>San Juan Bautista Tuxtepec, Oax., 17 de enero de 2024.- La Jurisdicci\u00f3n Sanitaria n\u00famero 3 Tuxtepec de los Servicios de Salud de Oaxaca (SSO) ha aplicado 36 mil 40 dosis contra la influenza a personas mayores de 60 a\u00f1os, as\u00ed como a quienes presentan factores de riesgo durante la temporada invernal 2023-2024.<\/p>\n\n\n\n<p>La responsable del \u00e1rea, Ang\u00e9lica Cort\u00e9s G\u00f3mez inform\u00f3 que, en esta temporada que inici\u00f3 desde octubre, tambi\u00e9n se han inmunizado a 364 personas contra Covid-19 con el biol\u00f3gico Abdala, el cual se sigue aplicando en el m\u00f3dulo de vacunaci\u00f3n ubicado en las oficinas de la Jurisdicci\u00f3n Sanitaria con sede en Tuxtepec, en la calle Miguel Hidalgo 501, colonia Centro.<\/p>\n\n\n\n<p>Cabe mencionar que este m\u00f3dulo de vacunaci\u00f3n permaneci\u00f3 abierto durante el periodo vacacional en el mes de diciembre y seguir\u00e1 trabajando de lunes a viernes de 9:00 a 14:00 horas.<\/p>\n\n\n\n<p>Adem\u00e1s, el Departamento de Vacunaci\u00f3n de la Jurisdicci\u00f3n Sanitaria seguir\u00e1 acudiendo a las escuelas para promover estas vacunas de temporada invernal, as\u00ed como la del Virus del Papiloma Humano a ni\u00f1as que cursan quinto y sexto grado de primaria, y secundaria o telesecundaria.<\/p>\n\n\n\n<p>Ante ello, Cort\u00e9s G\u00f3mez hizo un llamado a las madres y padres de familia para que permitan que sus hijos e hijas sean inmunizados a trav\u00e9s de la aplicaci\u00f3n de vacunas, ya que ello les permite un futuro saludable.<\/p>\n\n\n\n<p>-0-<\/p>\n","protected":false},"excerpt":{"rendered":"<p>\u2022 En la Jurisdicci\u00f3n Sanitaria n\u00famero 3 Tuxtepec se ha aplicado este biol\u00f3gico tetravalente contra&#8230;<\/p>\n","protected":false},"author":4,"featured_media":23510,"comment_status":"","ping_status":"open","sticky":false,"template":"","format":"standard","meta":{"footnotes":""},"categories":[9],"tags":[],"jetpack_sharing_enabled":true,"featured_image_urls":{"full":["https:\/\/contextoanalisisperiodistico.com\/wp-content\/uploads\/2024\/01\/IMG-20240117-WA0036.jpg",1600,900,false],"thumbnail":["https:\/\/contextoanalisisperiodistico.com\/wp-content\/uploads\/2024\/01\/IMG-20240117-WA0036-150x150.jpg",150,150,true],"medium":["https:\/\/contextoanalisisperiodistico.com\/wp-content\/uploads\/2024\/01\/IMG-20240117-WA0036-300x169.jpg",300,169,true],"medium_large":["https:\/\/contextoanalisisperiodistico.com\/wp-content\/uploads\/2024\/01\/IMG-20240117-WA0036-768x432.jpg",640,360,true],"large":["https:\/\/contextoanalisisperiodistico.com\/wp-content\/uploads\/2024\/01\/IMG-20240117-WA0036-1024x576.jpg",640,360,true],"1536x1536":["https:\/\/contextoanalisisperiodistico.com\/wp-content\/uploads\/2024\/01\/IMG-20240117-WA0036-1536x864.jpg",1536,864,true],"2048x2048":["https:\/\/contextoanalisisperiodistico.com\/wp-content\/uploads\/2024\/01\/IMG-20240117-WA0036.jpg",1600,900,false],"covernews-slider-full":["https:\/\/contextoanalisisperiodistico.com\/wp-content\/uploads\/2024\/01\/IMG-20240117-WA0036-1115x715.jpg",1115,715,true],"covernews-slider-center":["https:\/\/contextoanalisisperiodistico.com\/wp-content\/uploads\/2024\/01\/IMG-20240117-WA0036-800x500.jpg",800,500,true],"covernews-featured":["https:\/\/contextoanalisisperiodistico.com\/wp-content\/uploads\/2024\/01\/IMG-20240117-WA0036-1024x576.jpg",1024,576,true],"covernews-medium":["https:\/\/contextoanalisisperiodistico.com\/wp-content\/uploads\/2024\/01\/IMG-20240117-WA0036-540x340.jpg",540,340,true],"covernews-medium-square":["https:\/\/contextoanalisisperiodistico.com\/wp-content\/uploads\/2024\/01\/IMG-20240117-WA0036-400x250.jpg",400,250,true]},"author_info":{"display_name":"Mario Gir\u00f3n","author_link":"https:\/\/contextoanalisisperiodistico.com\/index.php\/author\/director\/"},"category_info":"<a href=\"https:\/\/contextoanalisisperiodistico.com\/index.php\/category\/politica\/\" rel=\"category tag\">Pol\u00edtica<\/a>","tag_info":"Pol\u00edtica","comment_count":"0","jetpack_featured_media_url":"https:\/\/contextoanalisisperiodistico.com\/wp-content\/uploads\/2024\/01\/IMG-20240117-WA0036.jpg","_links":{"self":[{"href":"https:\/\/contextoanalisisperiodistico.com\/index.php\/wp-json\/wp\/v2\/posts\/23512"}],"collection":[{"href":"https:\/\/contextoanalisisperiodistico.com\/index.php\/wp-json\/wp\/v2\/posts"}],"about":[{"href":"https:\/\/contextoanalisisperiodistico.com\/index.php\/wp-json\/wp\/v2\/types\/post"}],"author":[{"embeddable":true,"href":"https:\/\/contextoanalisisperiodistico.com\/index.php\/wp-json\/wp\/v2\/users\/4"}],"replies":[{"embeddable":true,"href":"https:\/\/contextoanalisisperiodistico.com\/index.php\/wp-json\/wp\/v2\/comments?post=23512"}],"version-history":[{"count":0,"href":"https:\/\/contextoanalisisperiodistico.com\/index.php\/wp-json\/wp\/v2\/posts\/23512\/revisions"}],"wp:featuredmedia":[{"embeddable":true,"href":"https:\/\/contextoanalisisperiodistico.com\/index.php\/wp-json\/wp\/v2\/media\/23510"}],"wp:attachment":[{"href":"https:\/\/contextoanalisisperiodistico.com\/index.php\/wp-json\/wp\/v2\/media?parent=23512"}],"wp:term":[{"taxonomy":"category","embeddable":true,"href":"https:\/\/contextoanalisisperiodistico.com\/index.php\/wp-json\/wp\/v2\/categories?post=23512"},{"taxonomy":"post_tag","embeddable":true,"href":"https:\/\/contextoanalisisperiodistico.com\/index.php\/wp-json\/wp\/v2\/tags?post=23512"}],"curies":[{"name":"wp","href":"https:\/\/api.w.org\/{rel}","templated":true}]}}