{"id":23509,"date":"2024-01-17T14:55:05","date_gmt":"2024-01-17T20:55:05","guid":{"rendered":"https:\/\/contextoanalisisperiodistico.com\/index.php\/2024\/01\/17\/transformaran-a-san-agustin-atenango-con-infraestructura-social-educativa-y-en-vivienda\/"},"modified":"2024-01-17T14:55:05","modified_gmt":"2024-01-17T20:55:05","slug":"transformaran-a-san-agustin-atenango-con-infraestructura-social-educativa-y-en-vivienda","status":"publish","type":"post","link":"https:\/\/contextoanalisisperiodistico.com\/index.php\/2024\/01\/17\/transformaran-a-san-agustin-atenango-con-infraestructura-social-educativa-y-en-vivienda\/","title":{"rendered":"<em>Transformar\u00e1n a San Agust\u00edn Atenango con infraestructura social, educativa y en vivienda<\/em>"},"content":{"rendered":"<div id=\"fb-root\"><\/div>\n\n<p>\u2022 Anuncia el Gobernador Salom\u00f3n Jara Cruz una inversi\u00f3n por 11 millones 752 mil pesos en beneficio de habitantes de esta poblaci\u00f3n para resarcir la deuda hist\u00f3rica<\/p>\n\n\n\n<figure class=\"wp-block-image size-large\"><img fetchpriority=\"high\" decoding=\"async\" width=\"990\" height=\"601\" src=\"https:\/\/contextoanalisisperiodistico.com\/wp-content\/uploads\/2024\/01\/img-20240117-wa00282889267515048616848.jpg\" alt=\"\" class=\"wp-image-23505\" srcset=\"https:\/\/contextoanalisisperiodistico.com\/wp-content\/uploads\/2024\/01\/img-20240117-wa00282889267515048616848.jpg 990w, https:\/\/contextoanalisisperiodistico.com\/wp-content\/uploads\/2024\/01\/img-20240117-wa00282889267515048616848-300x182.jpg 300w, https:\/\/contextoanalisisperiodistico.com\/wp-content\/uploads\/2024\/01\/img-20240117-wa00282889267515048616848-768x466.jpg 768w\" sizes=\"(max-width: 990px) 100vw, 990px\" \/><\/figure>\n\n\n\n<figure class=\"wp-block-image\"><img decoding=\"async\" width=\"1024\" height=\"683\" src=\"https:\/\/contextoanalisisperiodistico.com\/wp-content\/uploads\/2024\/01\/img-20240117-wa002989472796345853357-1024x683.jpg\" alt=\"\" class=\"wp-image-23506\" srcset=\"https:\/\/contextoanalisisperiodistico.com\/wp-content\/uploads\/2024\/01\/img-20240117-wa002989472796345853357-1024x683.jpg 1024w, https:\/\/contextoanalisisperiodistico.com\/wp-content\/uploads\/2024\/01\/img-20240117-wa002989472796345853357-300x200.jpg 300w, https:\/\/contextoanalisisperiodistico.com\/wp-content\/uploads\/2024\/01\/img-20240117-wa002989472796345853357-768x512.jpg 768w, https:\/\/contextoanalisisperiodistico.com\/wp-content\/uploads\/2024\/01\/img-20240117-wa002989472796345853357.jpg 1200w\" sizes=\"(max-width: 1024px) 100vw, 1024px\" \/><\/figure>\n\n\n\n<figure class=\"wp-block-image\"><img decoding=\"async\" width=\"1024\" height=\"682\" src=\"https:\/\/contextoanalisisperiodistico.com\/wp-content\/uploads\/2024\/01\/img-20240117-wa00317026323964750512193-1024x682.jpg\" alt=\"\" class=\"wp-image-23507\" srcset=\"https:\/\/contextoanalisisperiodistico.com\/wp-content\/uploads\/2024\/01\/img-20240117-wa00317026323964750512193-1024x682.jpg 1024w, https:\/\/contextoanalisisperiodistico.com\/wp-content\/uploads\/2024\/01\/img-20240117-wa00317026323964750512193-300x200.jpg 300w, https:\/\/contextoanalisisperiodistico.com\/wp-content\/uploads\/2024\/01\/img-20240117-wa00317026323964750512193-768x511.jpg 768w, https:\/\/contextoanalisisperiodistico.com\/wp-content\/uploads\/2024\/01\/img-20240117-wa00317026323964750512193.jpg 1200w\" sizes=\"(max-width: 1024px) 100vw, 1024px\" \/><\/figure>\n\n\n\n<figure class=\"wp-block-image\"><img loading=\"lazy\" decoding=\"async\" width=\"1024\" height=\"683\" src=\"https:\/\/contextoanalisisperiodistico.com\/wp-content\/uploads\/2024\/01\/img-20240117-wa0027633453275507682763-1024x683.jpg\" alt=\"\" class=\"wp-image-23508\" srcset=\"https:\/\/contextoanalisisperiodistico.com\/wp-content\/uploads\/2024\/01\/img-20240117-wa0027633453275507682763-1024x683.jpg 1024w, https:\/\/contextoanalisisperiodistico.com\/wp-content\/uploads\/2024\/01\/img-20240117-wa0027633453275507682763-300x200.jpg 300w, https:\/\/contextoanalisisperiodistico.com\/wp-content\/uploads\/2024\/01\/img-20240117-wa0027633453275507682763-768x512.jpg 768w, https:\/\/contextoanalisisperiodistico.com\/wp-content\/uploads\/2024\/01\/img-20240117-wa0027633453275507682763.jpg 1200w\" sizes=\"(max-width: 1024px) 100vw, 1024px\" \/><\/figure>\n\n\n\n<p>San Agust\u00edn Atenango, Oax. 17 de enero de 2024.- El Gobierno del Estado transformar\u00e1 la realidad de este municipio de la regi\u00f3n mixteca con inversi\u00f3n en infraestructura social, educativa y en vivienda, rubros que elevar\u00e1n los \u00edndices de desarrollo y la calidad de vida de sus habitantes.<\/p>\n\n\n\n<p>Con la estrategia Trabajo que Transforma tu Municipio, el Gobernador del Estado Salom\u00f3n Jara Cruz anunci\u00f3 a la poblaci\u00f3n de San Agust\u00edn Atenango que implementar\u00e1 11 millones 752 mil pesos para resarcir la deuda hist\u00f3rica que se tiene con las comunidades de la entidad.<\/p>\n\n\n\n<p>En este sentido la Secretar\u00eda de Infraestructuras y Comunicaciones (Sinfra) inform\u00f3 que realizar\u00e1 el techado de la cancha municipal con un monto de 3 millones 431 mil pesos.<\/p>\n\n\n\n<p>En tanto Vivienda Bienestar (Vibien), a trav\u00e9s del programa de Mejoramiento de Vivienda, llevar\u00e1 a cabo 20 pisos firmes con una inversi\u00f3n de 290 mil pesos.<\/p>\n\n\n\n<p>El Instituto Oaxaque\u00f1o Constructor de Infraestructura Educativa (Iocied) dar\u00e1 atenci\u00f3n a un preescolar para la construcci\u00f3n de tres aulas por 2 millones de pesos, as\u00ed como el techado de la cancha de basquetbol de una primaria por 3 millones 100 pesos, haciendo una inversi\u00f3n total de 5 millones 100 mil pesos.<\/p>\n\n\n\n<p>El Instituto Estatal de Educaci\u00f3n P\u00fablica de Oaxaca (IEEPO) anunci\u00f3 que dar\u00e1 atenci\u00f3n a siete solicitudes del mismo n\u00famero de escuelas, con una matr\u00edcula de 314 estudiantes, con equipo de c\u00f3mputo, impresoras, fotocopiadoras, lotes de muebles, mallas y pintura, as\u00ed como material de aseo, deportivo y did\u00e1ctico con una inversi\u00f3n de 556 mil 13 pesos.<\/p>\n\n\n\n<p>En dicho contexto, la Secretar\u00eda de Finanzas (Sefin) inform\u00f3 que de manera directa se depositaron a las cuentas municipales un recurso que gestion\u00f3 el Gobernador como parte del Fondo de Estabilizaci\u00f3n de los Ingresos de las Entidades Federativas (FEIEF), por 93 mil 404 pesos.<\/p>\n\n\n\n<p>La Secretar\u00eda de Fomento Agroalimentario y Desarrollo Rural (Sefader) ahond\u00f3 que a trav\u00e9s del programa de Agronegocios apoyar\u00e1 la construcci\u00f3n y puesta en marcha de 10 invernaderos de mil 200 metros cuadrados cada uno, con un subsidio estatal de 1 mill\u00f3n 400 mil pesos, en mezcla de recursos con garant\u00edas liquidas para financiamiento.<\/p>\n\n\n\n<p>Asimismo, los Servicios de Salud de Oaxaca (SSO) detallaron la inversi\u00f3n de 703 mil 227 pesos que ser\u00e1n otorgados en medicamentos para el Centro de Salud de la poblaci\u00f3n; al tiempo que el Sistema para el Desarrollo Integral de la Familia (DIF), Oaxaca dio a conocer que con el programa de Alimentaci\u00f3n Escolar y el subprograma Comedores Populares para el Bienestar se benefician a 44 infancias y 31 familias, todo por un monto de 172 mil 347 pesos.<\/p>\n\n\n\n<p>Finalmente, la Secretar\u00eda de Medio Ambiente, Biodiversidad, Energ\u00edas y Sostenibilidad indic\u00f3 que realizar\u00e1 una primera etapa de asesor\u00edas y acompa\u00f1amiento t\u00e9cnico para la elaboraci\u00f3n del Programa Municipal para el Manejo de Residuos S\u00f3lidos con un monto de 100 mil pesos.<\/p>\n\n\n\n<p>El Mandatario Estatal present\u00f3 este nuevo modelo de atenci\u00f3n que se traduce en un gobierno atento a las necesidades, sin intermediarios y que atiende de forma directa como lo establece la Constituci\u00f3n.<\/p>\n\n\n\n<p>De acuerdo con el Instituto Nacional de Estad\u00edstica y Geograf\u00eda (Inegi) y el Consejo Nacional de Evaluaci\u00f3n de la Pol\u00edtica de Desarrollo Social (Coneval), Oaxaca estuvo en los \u00faltimos lugares de desarrollo y con altos \u00edndices de pobreza, de ah\u00ed que la administraci\u00f3n estatal implemente acciones para que la entidad salga de esta situaci\u00f3n.<\/p>\n\n\n\n<p>-0-<\/p>\n","protected":false},"excerpt":{"rendered":"<p>\u2022 Anuncia el Gobernador Salom\u00f3n Jara Cruz una inversi\u00f3n por 11 millones 752 mil pesos&#8230;<\/p>\n","protected":false},"author":4,"featured_media":23504,"comment_status":"","ping_status":"open","sticky":false,"template":"","format":"standard","meta":{"footnotes":""},"categories":[9],"tags":[],"jetpack_sharing_enabled":true,"featured_image_urls":{"full":["https:\/\/contextoanalisisperiodistico.com\/wp-content\/uploads\/2024\/01\/IMG-20240117-WA0030.jpg",1200,800,false],"thumbnail":["https:\/\/contextoanalisisperiodistico.com\/wp-content\/uploads\/2024\/01\/IMG-20240117-WA0030-150x150.jpg",150,150,true],"medium":["https:\/\/contextoanalisisperiodistico.com\/wp-content\/uploads\/2024\/01\/IMG-20240117-WA0030-300x200.jpg",300,200,true],"medium_large":["https:\/\/contextoanalisisperiodistico.com\/wp-content\/uploads\/2024\/01\/IMG-20240117-WA0030-768x512.jpg",640,427,true],"large":["https:\/\/contextoanalisisperiodistico.com\/wp-content\/uploads\/2024\/01\/IMG-20240117-WA0030-1024x683.jpg",640,427,true],"1536x1536":["https:\/\/contextoanalisisperiodistico.com\/wp-content\/uploads\/2024\/01\/IMG-20240117-WA0030.jpg",1200,800,false],"2048x2048":["https:\/\/contextoanalisisperiodistico.com\/wp-content\/uploads\/2024\/01\/IMG-20240117-WA0030.jpg",1200,800,false],"covernews-slider-full":["https:\/\/contextoanalisisperiodistico.com\/wp-content\/uploads\/2024\/01\/IMG-20240117-WA0030-1115x715.jpg",1115,715,true],"covernews-slider-center":["https:\/\/contextoanalisisperiodistico.com\/wp-content\/uploads\/2024\/01\/IMG-20240117-WA0030-800x500.jpg",800,500,true],"covernews-featured":["https:\/\/contextoanalisisperiodistico.com\/wp-content\/uploads\/2024\/01\/IMG-20240117-WA0030-1024x683.jpg",1024,683,true],"covernews-medium":["https:\/\/contextoanalisisperiodistico.com\/wp-content\/uploads\/2024\/01\/IMG-20240117-WA0030-540x340.jpg",540,340,true],"covernews-medium-square":["https:\/\/contextoanalisisperiodistico.com\/wp-content\/uploads\/2024\/01\/IMG-20240117-WA0030-400x250.jpg",400,250,true]},"author_info":{"display_name":"Mario Gir\u00f3n","author_link":"https:\/\/contextoanalisisperiodistico.com\/index.php\/author\/director\/"},"category_info":"<a href=\"https:\/\/contextoanalisisperiodistico.com\/index.php\/category\/politica\/\" rel=\"category tag\">Pol\u00edtica<\/a>","tag_info":"Pol\u00edtica","comment_count":"0","jetpack_featured_media_url":"https:\/\/contextoanalisisperiodistico.com\/wp-content\/uploads\/2024\/01\/IMG-20240117-WA0030.jpg","_links":{"self":[{"href":"https:\/\/contextoanalisisperiodistico.com\/index.php\/wp-json\/wp\/v2\/posts\/23509"}],"collection":[{"href":"https:\/\/contextoanalisisperiodistico.com\/index.php\/wp-json\/wp\/v2\/posts"}],"about":[{"href":"https:\/\/contextoanalisisperiodistico.com\/index.php\/wp-json\/wp\/v2\/types\/post"}],"author":[{"embeddable":true,"href":"https:\/\/contextoanalisisperiodistico.com\/index.php\/wp-json\/wp\/v2\/users\/4"}],"replies":[{"embeddable":true,"href":"https:\/\/contextoanalisisperiodistico.com\/index.php\/wp-json\/wp\/v2\/comments?post=23509"}],"version-history":[{"count":0,"href":"https:\/\/contextoanalisisperiodistico.com\/index.php\/wp-json\/wp\/v2\/posts\/23509\/revisions"}],"wp:featuredmedia":[{"embeddable":true,"href":"https:\/\/contextoanalisisperiodistico.com\/index.php\/wp-json\/wp\/v2\/media\/23504"}],"wp:attachment":[{"href":"https:\/\/contextoanalisisperiodistico.com\/index.php\/wp-json\/wp\/v2\/media?parent=23509"}],"wp:term":[{"taxonomy":"category","embeddable":true,"href":"https:\/\/contextoanalisisperiodistico.com\/index.php\/wp-json\/wp\/v2\/categories?post=23509"},{"taxonomy":"post_tag","embeddable":true,"href":"https:\/\/contextoanalisisperiodistico.com\/index.php\/wp-json\/wp\/v2\/tags?post=23509"}],"curies":[{"name":"wp","href":"https:\/\/api.w.org\/{rel}","templated":true}]}}