{"id":23495,"date":"2024-01-16T17:45:11","date_gmt":"2024-01-16T23:45:11","guid":{"rendered":"https:\/\/contextoanalisisperiodistico.com\/index.php\/2024\/01\/16\/unidad-de-atencion-ciudadana-comprometida-con-la-poblacion-vulnerable-de-oaxaca-sso\/"},"modified":"2024-01-16T17:45:11","modified_gmt":"2024-01-16T23:45:11","slug":"unidad-de-atencion-ciudadana-comprometida-con-la-poblacion-vulnerable-de-oaxaca-sso","status":"publish","type":"post","link":"https:\/\/contextoanalisisperiodistico.com\/index.php\/2024\/01\/16\/unidad-de-atencion-ciudadana-comprometida-con-la-poblacion-vulnerable-de-oaxaca-sso\/","title":{"rendered":"Unidad de Atenci\u00f3n Ciudadana comprometida con la poblaci\u00f3n vulnerable de Oaxaca: SSO"},"content":{"rendered":"<div id=\"fb-root\"><\/div>\n\n<p>\u2022 Durante el 2023 se gestionaron 5 mil 219 apoyos a favor de la sociedad<\/p>\n\n\n\n<figure class=\"wp-block-image size-large\"><img fetchpriority=\"high\" decoding=\"async\" width=\"768\" height=\"1024\" src=\"https:\/\/contextoanalisisperiodistico.com\/wp-content\/uploads\/2024\/01\/img-20240116-wa00357215731420940131772-768x1024.jpg\" alt=\"\" class=\"wp-image-23493\" srcset=\"https:\/\/contextoanalisisperiodistico.com\/wp-content\/uploads\/2024\/01\/img-20240116-wa00357215731420940131772-768x1024.jpg 768w, https:\/\/contextoanalisisperiodistico.com\/wp-content\/uploads\/2024\/01\/img-20240116-wa00357215731420940131772-225x300.jpg 225w, https:\/\/contextoanalisisperiodistico.com\/wp-content\/uploads\/2024\/01\/img-20240116-wa00357215731420940131772.jpg 780w\" sizes=\"(max-width: 768px) 100vw, 768px\" \/><\/figure>\n\n\n\n<figure class=\"wp-block-image\"><img decoding=\"async\" width=\"768\" height=\"1024\" src=\"https:\/\/contextoanalisisperiodistico.com\/wp-content\/uploads\/2024\/01\/img-20240116-wa0036280199947687308084-768x1024.jpg\" alt=\"\" class=\"wp-image-23494\" srcset=\"https:\/\/contextoanalisisperiodistico.com\/wp-content\/uploads\/2024\/01\/img-20240116-wa0036280199947687308084-768x1024.jpg 768w, https:\/\/contextoanalisisperiodistico.com\/wp-content\/uploads\/2024\/01\/img-20240116-wa0036280199947687308084-225x300.jpg 225w, https:\/\/contextoanalisisperiodistico.com\/wp-content\/uploads\/2024\/01\/img-20240116-wa0036280199947687308084-1152x1536.jpg 1152w, https:\/\/contextoanalisisperiodistico.com\/wp-content\/uploads\/2024\/01\/img-20240116-wa0036280199947687308084-1024x1365.jpg 1024w, https:\/\/contextoanalisisperiodistico.com\/wp-content\/uploads\/2024\/01\/img-20240116-wa0036280199947687308084.jpg 1200w\" sizes=\"(max-width: 768px) 100vw, 768px\" \/><\/figure>\n\n\n\n<p>Oaxaca de Ju\u00e1rez, Oax. 16 de enero de 2024.- Con el compromiso de brindar atenci\u00f3n a personas de escasos recursos econ\u00f3micos, la Unidad de Atenci\u00f3n Ciudadana de los Servicios de Salud de Oaxaca (SSO) realiz\u00f3 durante el a\u00f1o 2023, 5 mil 219 apoyos en beneficio de la poblaci\u00f3n oaxaque\u00f1a.<\/p>\n\n\n\n<p>La dependencia inform\u00f3 que estas gestiones se llevaron a cabo en los rubros de atenci\u00f3n m\u00e9dica, donaci\u00f3n de medicamentos e insumos, estudios m\u00e9dicos, aparatos de movilidad, concentradores de ox\u00edgeno, as\u00ed como traslados terrestres dentro y fuera del estado.<\/p>\n\n\n\n<p>Estas acciones se lograron gracias al compromiso de un equipo de trabajo conformado por 20 personas, entre administrativos, gestores y oficiales de transporte, quienes son el enlace con las y los usuarios de la red hospitalaria.<\/p>\n\n\n\n<p>La Unidad de Atenci\u00f3n Ciudadana garantiza el derecho a la salud y atiende de forma personalizada, eficiente y eficaz las necesidades de las y los pacientes.<\/p>\n\n\n\n<p>Para acceder a estos servicios las personas pueden acudir a las oficinas ubicadas en Calzada Porfirio D\u00edaz n\u00famero 405, colonia Reforma de la ciudad de Oaxaca, o llamar a los tel\u00e9fonos 951 51 531 70 y 951 51 574 55, de lunes a viernes en horario de oficina. <code>-0-<\/code><\/p>\n\n\n\n<p><\/p>\n","protected":false},"excerpt":{"rendered":"<p>\u2022 Durante el 2023 se gestionaron 5 mil 219 apoyos a favor de la sociedad&#8230;<\/p>\n","protected":false},"author":4,"featured_media":23492,"comment_status":"","ping_status":"open","sticky":false,"template":"","format":"standard","meta":{"footnotes":""},"categories":[9],"tags":[],"jetpack_sharing_enabled":true,"featured_image_urls":{"full":["https:\/\/contextoanalisisperiodistico.com\/wp-content\/uploads\/2024\/01\/IMG-20240116-WA0037.jpg",1200,1600,false],"thumbnail":["https:\/\/contextoanalisisperiodistico.com\/wp-content\/uploads\/2024\/01\/IMG-20240116-WA0037-150x150.jpg",150,150,true],"medium":["https:\/\/contextoanalisisperiodistico.com\/wp-content\/uploads\/2024\/01\/IMG-20240116-WA0037-225x300.jpg",225,300,true],"medium_large":["https:\/\/contextoanalisisperiodistico.com\/wp-content\/uploads\/2024\/01\/IMG-20240116-WA0037-768x1024.jpg",640,853,true],"large":["https:\/\/contextoanalisisperiodistico.com\/wp-content\/uploads\/2024\/01\/IMG-20240116-WA0037-768x1024.jpg",640,853,true],"1536x1536":["https:\/\/contextoanalisisperiodistico.com\/wp-content\/uploads\/2024\/01\/IMG-20240116-WA0037-1152x1536.jpg",1152,1536,true],"2048x2048":["https:\/\/contextoanalisisperiodistico.com\/wp-content\/uploads\/2024\/01\/IMG-20240116-WA0037.jpg",1200,1600,false],"covernews-slider-full":["https:\/\/contextoanalisisperiodistico.com\/wp-content\/uploads\/2024\/01\/IMG-20240116-WA0037-1115x715.jpg",1115,715,true],"covernews-slider-center":["https:\/\/contextoanalisisperiodistico.com\/wp-content\/uploads\/2024\/01\/IMG-20240116-WA0037-800x500.jpg",800,500,true],"covernews-featured":["https:\/\/contextoanalisisperiodistico.com\/wp-content\/uploads\/2024\/01\/IMG-20240116-WA0037-1024x1365.jpg",1024,1365,true],"covernews-medium":["https:\/\/contextoanalisisperiodistico.com\/wp-content\/uploads\/2024\/01\/IMG-20240116-WA0037-540x340.jpg",540,340,true],"covernews-medium-square":["https:\/\/contextoanalisisperiodistico.com\/wp-content\/uploads\/2024\/01\/IMG-20240116-WA0037-400x250.jpg",400,250,true]},"author_info":{"display_name":"Mario Gir\u00f3n","author_link":"https:\/\/contextoanalisisperiodistico.com\/index.php\/author\/director\/"},"category_info":"<a href=\"https:\/\/contextoanalisisperiodistico.com\/index.php\/category\/politica\/\" rel=\"category tag\">Pol\u00edtica<\/a>","tag_info":"Pol\u00edtica","comment_count":"0","jetpack_featured_media_url":"https:\/\/contextoanalisisperiodistico.com\/wp-content\/uploads\/2024\/01\/IMG-20240116-WA0037.jpg","_links":{"self":[{"href":"https:\/\/contextoanalisisperiodistico.com\/index.php\/wp-json\/wp\/v2\/posts\/23495"}],"collection":[{"href":"https:\/\/contextoanalisisperiodistico.com\/index.php\/wp-json\/wp\/v2\/posts"}],"about":[{"href":"https:\/\/contextoanalisisperiodistico.com\/index.php\/wp-json\/wp\/v2\/types\/post"}],"author":[{"embeddable":true,"href":"https:\/\/contextoanalisisperiodistico.com\/index.php\/wp-json\/wp\/v2\/users\/4"}],"replies":[{"embeddable":true,"href":"https:\/\/contextoanalisisperiodistico.com\/index.php\/wp-json\/wp\/v2\/comments?post=23495"}],"version-history":[{"count":0,"href":"https:\/\/contextoanalisisperiodistico.com\/index.php\/wp-json\/wp\/v2\/posts\/23495\/revisions"}],"wp:featuredmedia":[{"embeddable":true,"href":"https:\/\/contextoanalisisperiodistico.com\/index.php\/wp-json\/wp\/v2\/media\/23492"}],"wp:attachment":[{"href":"https:\/\/contextoanalisisperiodistico.com\/index.php\/wp-json\/wp\/v2\/media?parent=23495"}],"wp:term":[{"taxonomy":"category","embeddable":true,"href":"https:\/\/contextoanalisisperiodistico.com\/index.php\/wp-json\/wp\/v2\/categories?post=23495"},{"taxonomy":"post_tag","embeddable":true,"href":"https:\/\/contextoanalisisperiodistico.com\/index.php\/wp-json\/wp\/v2\/tags?post=23495"}],"curies":[{"name":"wp","href":"https:\/\/api.w.org\/{rel}","templated":true}]}}