{"id":23472,"date":"2024-01-15T20:18:44","date_gmt":"2024-01-16T02:18:44","guid":{"rendered":"https:\/\/contextoanalisisperiodistico.com\/index.php\/2024\/01\/15\/reciben-policias-de-oaxaca-primer-pago-de-salario-digno\/"},"modified":"2024-01-15T20:18:44","modified_gmt":"2024-01-16T02:18:44","slug":"reciben-policias-de-oaxaca-primer-pago-de-salario-digno","status":"publish","type":"post","link":"https:\/\/contextoanalisisperiodistico.com\/index.php\/2024\/01\/15\/reciben-policias-de-oaxaca-primer-pago-de-salario-digno\/","title":{"rendered":"Reciben polic\u00edas de Oaxaca primer pago de salario digno"},"content":{"rendered":"<div id=\"fb-root\"><\/div>\n\n<p>\u25cf En un acto de justicia social, el tabulador reflejar\u00e1 un saldo promedio mensual entre los 12 y 14 mil pesos; lo que representa un incremento de alrededor de 3 mil pesos a cada uno<br \/>Oaxaca de Ju\u00e1rez, Oax., 15 de enero de 2024.- Las y los polic\u00edas de todas las corporaciones estatales recibieron esta primera quincena de enero el primer pago del salario digno impulsado por el Gobernador de Oaxaca, Salom\u00f3n Jara Cruz.<\/p>\n\n\n\n<figure class=\"wp-block-image size-large\"><img fetchpriority=\"high\" decoding=\"async\" width=\"1024\" height=\"768\" src=\"https:\/\/contextoanalisisperiodistico.com\/wp-content\/uploads\/2024\/01\/img-20240115-wa00544522901931345104847-1024x768.jpg\" alt=\"\" class=\"wp-image-23471\" srcset=\"https:\/\/contextoanalisisperiodistico.com\/wp-content\/uploads\/2024\/01\/img-20240115-wa00544522901931345104847-1024x768.jpg 1024w, https:\/\/contextoanalisisperiodistico.com\/wp-content\/uploads\/2024\/01\/img-20240115-wa00544522901931345104847-300x225.jpg 300w, https:\/\/contextoanalisisperiodistico.com\/wp-content\/uploads\/2024\/01\/img-20240115-wa00544522901931345104847-768x576.jpg 768w, https:\/\/contextoanalisisperiodistico.com\/wp-content\/uploads\/2024\/01\/img-20240115-wa00544522901931345104847.jpg 1280w\" sizes=\"(max-width: 1024px) 100vw, 1024px\" \/><\/figure>\n\n\n\n<figure class=\"wp-block-image\"><img decoding=\"async\" width=\"1024\" height=\"682\" src=\"https:\/\/contextoanalisisperiodistico.com\/wp-content\/uploads\/2024\/01\/img-20240115-wa00535293611921210371132-1024x682.jpg\" alt=\"\" class=\"wp-image-23470\" srcset=\"https:\/\/contextoanalisisperiodistico.com\/wp-content\/uploads\/2024\/01\/img-20240115-wa00535293611921210371132-1024x682.jpg 1024w, https:\/\/contextoanalisisperiodistico.com\/wp-content\/uploads\/2024\/01\/img-20240115-wa00535293611921210371132-300x200.jpg 300w, https:\/\/contextoanalisisperiodistico.com\/wp-content\/uploads\/2024\/01\/img-20240115-wa00535293611921210371132-768x512.jpg 768w, https:\/\/contextoanalisisperiodistico.com\/wp-content\/uploads\/2024\/01\/img-20240115-wa00535293611921210371132-1536x1023.jpg 1536w, https:\/\/contextoanalisisperiodistico.com\/wp-content\/uploads\/2024\/01\/img-20240115-wa00535293611921210371132.jpg 1600w\" sizes=\"(max-width: 1024px) 100vw, 1024px\" \/><\/figure>\n\n\n\n<p>M\u00e1s de 11 mil elementos en funciones operativas de la Polic\u00eda Estatal, Polic\u00eda Vial Estatal, Custodios Penitenciarios, Heroico Cuerpo de Bomberos de Oaxaca (HCBO) y Polic\u00eda Auxiliar, Bancaria, Industrial y Comercial (PABIC), as\u00ed como de la Agencia Estatal de Investigaciones (AEI), fueron beneficiados en este primer paso hacia la dignificaci\u00f3n de la labor de las y los uniformados.<\/p>\n\n\n\n<p>La Secretar\u00eda de Finanzas dio a conocer que, en un acto de justicia social a las corporaciones policiales e instituciones de procuraci\u00f3n de justicia, el tabulador reflejar\u00e1 un saldo promedio mensual entre los 12 y 14 mil pesos de acuerdo con cada puesto y nivel en esas instituciones; lo que representa un incremento de alrededor de 3 mil pesos a cada integrante de las fuerzas de seguridad estatales.<\/p>\n\n\n\n<p>Dicha diseminaci\u00f3n hasta el momento ha sido cubierta en 90 por ciento del total, toda vez que el 10 por ciento restante a\u00fan se encuentra en regularizaci\u00f3n administrativa, sin embargo, una vez superada dicha etapa, el aumento ser\u00e1 retroactivo.<\/p>\n\n\n\n<p>Con la aprobaci\u00f3n de este incremento directo al salario de las y los polic\u00edas, la Primavera Oaxaque\u00f1a reivindica los derechos de quienes diariamente protegen y sirven a las familias oaxaque\u00f1as sin distingos de ning\u00fan tipo.<\/p>\n\n\n\n<p>En lo correspondiente a la Secretar\u00eda de Seguridad y Protecci\u00f3n Ciudadana (SSPC), estas mejoras incluyen a custodios penitenciarios Nivel 2 y Nivel 3; inspectores, subinspectores, oficiales, suboficiales y polic\u00edas 1\u00ba, 2\u00ba, 3\u00ba, B y A de la Polic\u00eda Estatal; inspectores, subinspectores, oficiales, suboficiales, Bomberos 1\u00ba, 2\u00ba, 3\u00ba, B y A del HCBO; inspectores, subinspectores, oficiales, suboficiales, polic\u00edas 1\u00ba, 2\u00ba, 3\u00ba y A de la PABIC; al igual que Polic\u00edas 1\u00ba, 2\u00ba, 3\u00ba, B y A de la Polic\u00eda Vial Estatal.<\/p>\n\n\n\n<p>En este sentido, el Gobierno que encabeza Salom\u00f3n Jara Cruz, mantiene firme su premisa y ratifica que \u201cNunca m\u00e1s el abandono por parte de un gobierno a nuestros polic\u00edas\u201d; dando respuesta a su compromiso con una de las demandas m\u00e1s sentidas de las y los integrantes de las corporaciones estatales.<\/p>\n\n\n\n<p>-0-<\/p>\n","protected":false},"excerpt":{"rendered":"<p>\u25cf En un acto de justicia social, el tabulador reflejar\u00e1 un saldo promedio mensual entre&#8230;<\/p>\n","protected":false},"author":4,"featured_media":23469,"comment_status":"","ping_status":"open","sticky":false,"template":"","format":"standard","meta":{"footnotes":""},"categories":[9],"tags":[],"jetpack_sharing_enabled":true,"featured_image_urls":{"full":["https:\/\/contextoanalisisperiodistico.com\/wp-content\/uploads\/2024\/01\/IMG-20240115-WA0052.jpg",1024,769,false],"thumbnail":["https:\/\/contextoanalisisperiodistico.com\/wp-content\/uploads\/2024\/01\/IMG-20240115-WA0052-150x150.jpg",150,150,true],"medium":["https:\/\/contextoanalisisperiodistico.com\/wp-content\/uploads\/2024\/01\/IMG-20240115-WA0052-300x225.jpg",300,225,true],"medium_large":["https:\/\/contextoanalisisperiodistico.com\/wp-content\/uploads\/2024\/01\/IMG-20240115-WA0052-768x577.jpg",640,481,true],"large":["https:\/\/contextoanalisisperiodistico.com\/wp-content\/uploads\/2024\/01\/IMG-20240115-WA0052.jpg",640,481,false],"1536x1536":["https:\/\/contextoanalisisperiodistico.com\/wp-content\/uploads\/2024\/01\/IMG-20240115-WA0052.jpg",1024,769,false],"2048x2048":["https:\/\/contextoanalisisperiodistico.com\/wp-content\/uploads\/2024\/01\/IMG-20240115-WA0052.jpg",1024,769,false],"covernews-slider-full":["https:\/\/contextoanalisisperiodistico.com\/wp-content\/uploads\/2024\/01\/IMG-20240115-WA0052-1024x715.jpg",1024,715,true],"covernews-slider-center":["https:\/\/contextoanalisisperiodistico.com\/wp-content\/uploads\/2024\/01\/IMG-20240115-WA0052-800x500.jpg",800,500,true],"covernews-featured":["https:\/\/contextoanalisisperiodistico.com\/wp-content\/uploads\/2024\/01\/IMG-20240115-WA0052.jpg",1024,769,false],"covernews-medium":["https:\/\/contextoanalisisperiodistico.com\/wp-content\/uploads\/2024\/01\/IMG-20240115-WA0052-540x340.jpg",540,340,true],"covernews-medium-square":["https:\/\/contextoanalisisperiodistico.com\/wp-content\/uploads\/2024\/01\/IMG-20240115-WA0052-400x250.jpg",400,250,true]},"author_info":{"display_name":"Mario Gir\u00f3n","author_link":"https:\/\/contextoanalisisperiodistico.com\/index.php\/author\/director\/"},"category_info":"<a href=\"https:\/\/contextoanalisisperiodistico.com\/index.php\/category\/politica\/\" rel=\"category tag\">Pol\u00edtica<\/a>","tag_info":"Pol\u00edtica","comment_count":"0","jetpack_featured_media_url":"https:\/\/contextoanalisisperiodistico.com\/wp-content\/uploads\/2024\/01\/IMG-20240115-WA0052.jpg","_links":{"self":[{"href":"https:\/\/contextoanalisisperiodistico.com\/index.php\/wp-json\/wp\/v2\/posts\/23472"}],"collection":[{"href":"https:\/\/contextoanalisisperiodistico.com\/index.php\/wp-json\/wp\/v2\/posts"}],"about":[{"href":"https:\/\/contextoanalisisperiodistico.com\/index.php\/wp-json\/wp\/v2\/types\/post"}],"author":[{"embeddable":true,"href":"https:\/\/contextoanalisisperiodistico.com\/index.php\/wp-json\/wp\/v2\/users\/4"}],"replies":[{"embeddable":true,"href":"https:\/\/contextoanalisisperiodistico.com\/index.php\/wp-json\/wp\/v2\/comments?post=23472"}],"version-history":[{"count":0,"href":"https:\/\/contextoanalisisperiodistico.com\/index.php\/wp-json\/wp\/v2\/posts\/23472\/revisions"}],"wp:featuredmedia":[{"embeddable":true,"href":"https:\/\/contextoanalisisperiodistico.com\/index.php\/wp-json\/wp\/v2\/media\/23469"}],"wp:attachment":[{"href":"https:\/\/contextoanalisisperiodistico.com\/index.php\/wp-json\/wp\/v2\/media?parent=23472"}],"wp:term":[{"taxonomy":"category","embeddable":true,"href":"https:\/\/contextoanalisisperiodistico.com\/index.php\/wp-json\/wp\/v2\/categories?post=23472"},{"taxonomy":"post_tag","embeddable":true,"href":"https:\/\/contextoanalisisperiodistico.com\/index.php\/wp-json\/wp\/v2\/tags?post=23472"}],"curies":[{"name":"wp","href":"https:\/\/api.w.org\/{rel}","templated":true}]}}