{"id":23466,"date":"2024-01-15T19:11:29","date_gmt":"2024-01-16T01:11:29","guid":{"rendered":"https:\/\/contextoanalisisperiodistico.com\/index.php\/2024\/01\/15\/impulsa-neri-educacion-de-calidad-con-infraestructura-en-escuelas\/"},"modified":"2024-01-15T19:11:29","modified_gmt":"2024-01-16T01:11:29","slug":"impulsa-neri-educacion-de-calidad-con-infraestructura-en-escuelas","status":"publish","type":"post","link":"https:\/\/contextoanalisisperiodistico.com\/index.php\/2024\/01\/15\/impulsa-neri-educacion-de-calidad-con-infraestructura-en-escuelas\/","title":{"rendered":"Impulsa Neri educaci\u00f3n de calidad con infraestructura en escuelas"},"content":{"rendered":"<div id=\"fb-root\"><\/div>\n\n<p>\u2022 El proyecto beneficiar\u00e1 a m\u00e1s de 300 ni\u00f1as y ni\u00f1os.<\/p>\n\n\n\n<p>Oaxaca de Ju\u00e1rez, Oax., a 15 de enero de 2024. El Ayuntamiento capitalino reafirma su compromiso inquebrantable con la educaci\u00f3n al &nbsp;dotar a las escuelas de la capital con servicios esenciales. Francisco Mart\u00ednez Neri, presidente municipal de Oaxaca de Ju\u00e1rez, supervis\u00f3 la construcci\u00f3n del m\u00f3dulo de servicios sanitarios en la Escuela Primaria \u00abTierra y Libertad\u00bb, perteneciente a la agencia municipal de Donaj\u00ed.<\/p>\n\n\n\n<p>Acompa\u00f1ado por el Agente Municipal de Donaj\u00ed, Gerardo Anselmo Garz\u00f3n Mat\u00edas, Mart\u00ednez Neri enfatiz\u00f3 la importancia de brindar servicios sanitarios adecuados para las ni\u00f1as, ni\u00f1os y la comunidad docente.<\/p>\n\n\n\n<p>En su intervenci\u00f3n, salud\u00f3 y agradeci\u00f3 la participaci\u00f3n activa de padres y madres de familia as\u00ed como de maestros, destacando el papel fundamental de los servicios educativos como pilares para el progreso de una Ciudad Educadora. \u00abUstedes, ni\u00f1as y ni\u00f1os, son el objetivo del trabajo que hoy venimos a supervisar\u00bb, acot\u00f3.<\/p>\n\n\n\n<p>En este sentido, Rebeca Moral Tenco, directora de la instituci\u00f3n, extendi\u00f3 su agradecimiento al mandatario municipal por el proyecto que beneficiar\u00e1 a aproximadamente 316 ni\u00f1os, abordando una necesidad cr\u00edtica evidenciada por las filas que los estudiantes hacen para acceder a los sanitarios actuales.<\/p>\n\n\n\n<p>Por su parte, la Secretaria de Obras P\u00fablicas y Desarrollo Urbano, Denisse Arandia Valencia, resalt\u00f3 la trascendencia del proyecto en t\u00e9rminos de desarrollo sostenible. \u00abLa fecha estimada de finalizaci\u00f3n en marzo refleja el compromiso del municipio con la infancia y el bienestar de la comunidad educativa, con una visi\u00f3n integral que va m\u00e1s all\u00e1 de la infraestructura\u00bb, puntualiz\u00f3.<\/p>\n\n\n\n<p>Este proyecto, alineado con los Objetivos de Desarrollo Sostenible, marca un paso significativo hacia una educaci\u00f3n de calidad y accesible para todos, demostrando el firme compromiso del Ayuntamiento de Oaxaca de Ju\u00e1rez en construir una Ciudad Educadora para las generaciones venideras.<\/p>\n\n\n\n\n\n<figure class=\"wp-block-image size-large\"><img fetchpriority=\"high\" decoding=\"async\" width=\"1024\" height=\"683\" src=\"https:\/\/contextoanalisisperiodistico.com\/wp-content\/uploads\/2024\/01\/boletC3ADn15-01-2428329228876851621212733-1024x683.jpg\" alt=\"\" class=\"wp-image-23465\" srcset=\"https:\/\/contextoanalisisperiodistico.com\/wp-content\/uploads\/2024\/01\/boletC3ADn15-01-2428329228876851621212733-1024x683.jpg 1024w, https:\/\/contextoanalisisperiodistico.com\/wp-content\/uploads\/2024\/01\/boletC3ADn15-01-2428329228876851621212733-300x200.jpg 300w, https:\/\/contextoanalisisperiodistico.com\/wp-content\/uploads\/2024\/01\/boletC3ADn15-01-2428329228876851621212733-768x512.jpg 768w, https:\/\/contextoanalisisperiodistico.com\/wp-content\/uploads\/2024\/01\/boletC3ADn15-01-2428329228876851621212733-1536x1024.jpg 1536w, https:\/\/contextoanalisisperiodistico.com\/wp-content\/uploads\/2024\/01\/boletC3ADn15-01-2428329228876851621212733.jpg 1999w\" sizes=\"(max-width: 1024px) 100vw, 1024px\" \/><\/figure>\n\n\n\n<figure class=\"wp-block-image\"><img decoding=\"async\" width=\"1024\" height=\"683\" src=\"https:\/\/contextoanalisisperiodistico.com\/wp-content\/uploads\/2024\/01\/boletC3ADn15-01-24284298637937006236702721-1024x683.jpg\" alt=\"\" class=\"wp-image-23463\" srcset=\"https:\/\/contextoanalisisperiodistico.com\/wp-content\/uploads\/2024\/01\/boletC3ADn15-01-24284298637937006236702721-1024x683.jpg 1024w, https:\/\/contextoanalisisperiodistico.com\/wp-content\/uploads\/2024\/01\/boletC3ADn15-01-24284298637937006236702721-300x200.jpg 300w, https:\/\/contextoanalisisperiodistico.com\/wp-content\/uploads\/2024\/01\/boletC3ADn15-01-24284298637937006236702721-768x512.jpg 768w, https:\/\/contextoanalisisperiodistico.com\/wp-content\/uploads\/2024\/01\/boletC3ADn15-01-24284298637937006236702721-1536x1024.jpg 1536w, https:\/\/contextoanalisisperiodistico.com\/wp-content\/uploads\/2024\/01\/boletC3ADn15-01-24284298637937006236702721.jpg 1999w\" sizes=\"(max-width: 1024px) 100vw, 1024px\" \/><\/figure>\n\n\n\n<figure class=\"wp-block-image\"><img decoding=\"async\" width=\"1024\" height=\"683\" src=\"https:\/\/contextoanalisisperiodistico.com\/wp-content\/uploads\/2024\/01\/boletC3ADn15-01-24282293357160036769124718-1024x683.jpg\" alt=\"\" class=\"wp-image-23464\" srcset=\"https:\/\/contextoanalisisperiodistico.com\/wp-content\/uploads\/2024\/01\/boletC3ADn15-01-24282293357160036769124718-1024x683.jpg 1024w, https:\/\/contextoanalisisperiodistico.com\/wp-content\/uploads\/2024\/01\/boletC3ADn15-01-24282293357160036769124718-300x200.jpg 300w, https:\/\/contextoanalisisperiodistico.com\/wp-content\/uploads\/2024\/01\/boletC3ADn15-01-24282293357160036769124718-768x512.jpg 768w, https:\/\/contextoanalisisperiodistico.com\/wp-content\/uploads\/2024\/01\/boletC3ADn15-01-24282293357160036769124718-1536x1024.jpg 1536w, https:\/\/contextoanalisisperiodistico.com\/wp-content\/uploads\/2024\/01\/boletC3ADn15-01-24282293357160036769124718.jpg 1999w\" sizes=\"(max-width: 1024px) 100vw, 1024px\" \/><\/figure>\n\n\n\n<figure class=\"wp-block-image\"><img loading=\"lazy\" decoding=\"async\" width=\"1024\" height=\"683\" src=\"https:\/\/contextoanalisisperiodistico.com\/wp-content\/uploads\/2024\/01\/boletC3ADn15-01-24285292444110720264023624-1024x683.jpg\" alt=\"\" class=\"wp-image-23461\" srcset=\"https:\/\/contextoanalisisperiodistico.com\/wp-content\/uploads\/2024\/01\/boletC3ADn15-01-24285292444110720264023624-1024x683.jpg 1024w, https:\/\/contextoanalisisperiodistico.com\/wp-content\/uploads\/2024\/01\/boletC3ADn15-01-24285292444110720264023624-300x200.jpg 300w, https:\/\/contextoanalisisperiodistico.com\/wp-content\/uploads\/2024\/01\/boletC3ADn15-01-24285292444110720264023624-768x512.jpg 768w, https:\/\/contextoanalisisperiodistico.com\/wp-content\/uploads\/2024\/01\/boletC3ADn15-01-24285292444110720264023624-1536x1024.jpg 1536w, https:\/\/contextoanalisisperiodistico.com\/wp-content\/uploads\/2024\/01\/boletC3ADn15-01-24285292444110720264023624.jpg 1999w\" sizes=\"(max-width: 1024px) 100vw, 1024px\" \/><\/figure>\n","protected":false},"excerpt":{"rendered":"<p>\u2022 El proyecto beneficiar\u00e1 a m\u00e1s de 300 ni\u00f1as y ni\u00f1os. Oaxaca de Ju\u00e1rez, Oax.,&#8230;<\/p>\n","protected":false},"author":4,"featured_media":23460,"comment_status":"","ping_status":"open","sticky":false,"template":"","format":"standard","meta":{"footnotes":""},"categories":[9],"tags":[],"jetpack_sharing_enabled":true,"featured_image_urls":{"full":["https:\/\/contextoanalisisperiodistico.com\/wp-content\/uploads\/2024\/01\/BoletC3ADn15-01-2428129-scaled.jpg",2560,1707,false],"thumbnail":["https:\/\/contextoanalisisperiodistico.com\/wp-content\/uploads\/2024\/01\/BoletC3ADn15-01-2428129-150x150.jpg",150,150,true],"medium":["https:\/\/contextoanalisisperiodistico.com\/wp-content\/uploads\/2024\/01\/BoletC3ADn15-01-2428129-300x200.jpg",300,200,true],"medium_large":["https:\/\/contextoanalisisperiodistico.com\/wp-content\/uploads\/2024\/01\/BoletC3ADn15-01-2428129-768x512.jpg",640,427,true],"large":["https:\/\/contextoanalisisperiodistico.com\/wp-content\/uploads\/2024\/01\/BoletC3ADn15-01-2428129-1024x683.jpg",640,427,true],"1536x1536":["https:\/\/contextoanalisisperiodistico.com\/wp-content\/uploads\/2024\/01\/BoletC3ADn15-01-2428129-1536x1024.jpg",1536,1024,true],"2048x2048":["https:\/\/contextoanalisisperiodistico.com\/wp-content\/uploads\/2024\/01\/BoletC3ADn15-01-2428129-2048x1365.jpg",2048,1365,true],"covernews-slider-full":["https:\/\/contextoanalisisperiodistico.com\/wp-content\/uploads\/2024\/01\/BoletC3ADn15-01-2428129-1115x715.jpg",1115,715,true],"covernews-slider-center":["https:\/\/contextoanalisisperiodistico.com\/wp-content\/uploads\/2024\/01\/BoletC3ADn15-01-2428129-800x500.jpg",800,500,true],"covernews-featured":["https:\/\/contextoanalisisperiodistico.com\/wp-content\/uploads\/2024\/01\/BoletC3ADn15-01-2428129-1024x683.jpg",1024,683,true],"covernews-medium":["https:\/\/contextoanalisisperiodistico.com\/wp-content\/uploads\/2024\/01\/BoletC3ADn15-01-2428129-540x340.jpg",540,340,true],"covernews-medium-square":["https:\/\/contextoanalisisperiodistico.com\/wp-content\/uploads\/2024\/01\/BoletC3ADn15-01-2428129-400x250.jpg",400,250,true]},"author_info":{"display_name":"Mario Gir\u00f3n","author_link":"https:\/\/contextoanalisisperiodistico.com\/index.php\/author\/director\/"},"category_info":"<a href=\"https:\/\/contextoanalisisperiodistico.com\/index.php\/category\/politica\/\" rel=\"category tag\">Pol\u00edtica<\/a>","tag_info":"Pol\u00edtica","comment_count":"0","jetpack_featured_media_url":"https:\/\/contextoanalisisperiodistico.com\/wp-content\/uploads\/2024\/01\/BoletC3ADn15-01-2428129-scaled.jpg","_links":{"self":[{"href":"https:\/\/contextoanalisisperiodistico.com\/index.php\/wp-json\/wp\/v2\/posts\/23466"}],"collection":[{"href":"https:\/\/contextoanalisisperiodistico.com\/index.php\/wp-json\/wp\/v2\/posts"}],"about":[{"href":"https:\/\/contextoanalisisperiodistico.com\/index.php\/wp-json\/wp\/v2\/types\/post"}],"author":[{"embeddable":true,"href":"https:\/\/contextoanalisisperiodistico.com\/index.php\/wp-json\/wp\/v2\/users\/4"}],"replies":[{"embeddable":true,"href":"https:\/\/contextoanalisisperiodistico.com\/index.php\/wp-json\/wp\/v2\/comments?post=23466"}],"version-history":[{"count":0,"href":"https:\/\/contextoanalisisperiodistico.com\/index.php\/wp-json\/wp\/v2\/posts\/23466\/revisions"}],"wp:featuredmedia":[{"embeddable":true,"href":"https:\/\/contextoanalisisperiodistico.com\/index.php\/wp-json\/wp\/v2\/media\/23460"}],"wp:attachment":[{"href":"https:\/\/contextoanalisisperiodistico.com\/index.php\/wp-json\/wp\/v2\/media?parent=23466"}],"wp:term":[{"taxonomy":"category","embeddable":true,"href":"https:\/\/contextoanalisisperiodistico.com\/index.php\/wp-json\/wp\/v2\/categories?post=23466"},{"taxonomy":"post_tag","embeddable":true,"href":"https:\/\/contextoanalisisperiodistico.com\/index.php\/wp-json\/wp\/v2\/tags?post=23466"}],"curies":[{"name":"wp","href":"https:\/\/api.w.org\/{rel}","templated":true}]}}