{"id":23436,"date":"2024-01-15T13:54:15","date_gmt":"2024-01-15T19:54:15","guid":{"rendered":"https:\/\/contextoanalisisperiodistico.com\/index.php\/2024\/01\/15\/anuncia-gobernador-salomon-jara-renuncias-en-su-gabinete\/"},"modified":"2024-01-15T13:54:15","modified_gmt":"2024-01-15T19:54:15","slug":"anuncia-gobernador-salomon-jara-renuncias-en-su-gabinete","status":"publish","type":"post","link":"https:\/\/contextoanalisisperiodistico.com\/index.php\/2024\/01\/15\/anuncia-gobernador-salomon-jara-renuncias-en-su-gabinete\/","title":{"rendered":"<em>Anuncia Gobernador Salom\u00f3n Jara renuncias en<\/em> <em>su gabinete<\/em>"},"content":{"rendered":"<div id=\"fb-root\"><\/div>\n\n<p>\u2022 En conferencia de prensa se\u00f1al\u00f3 que en breve anunciar\u00e1 a las y los nuevos funcionarios que seguir\u00e1n trabajando por Oaxaca<\/p>\n\n\n\n<p>Oaxaca de Ju\u00e1rez, Oax., 15 de enero de 2024.- En conferencia de prensa, el Gobernador Salom\u00f3n Jara Cruz dio a conocer las renuncias de siete integrantes de su gabinete legal y ampliado.<\/p>\n\n\n\n<p>Las y los funcionarios que presentaron la renuncia a sus cargos son: la directora del Registro Civil, Dulce Bel\u00e9n Uribe Mendoza; el subsecretario de Regulaci\u00f3n de Transporte de la Secretar\u00eda de Movilidad (Semovi), Pedro Marcelino Silva Salazar; la secretaria particular del Gobernador, Karla Clarisa Bornios y la encargada de despacho de la Secretar\u00eda de Bienestar, Tequio e Inclusi\u00f3n (Sebienti), M\u00f3nica Bel\u00e9n L\u00f3pez Javier.<\/p>\n\n\n\n<p>Tambi\u00e9n, presentaron sus bajas la subsecretaria de Planeaci\u00f3n Estrat\u00e9gica de la Secretar\u00eda de las Culturas y Artes de Oaxaca, Valeria Sumano; la delegada del Sistema para el Desarrollo Integral de la Familia (DIF) Oaxaca, Nubia Espino; y el delegado del Instituto de Capacitaci\u00f3n y Productividad para el Trabajo del Estado de Oaxaca (Icapet), Oswaldo Chi\u00f1as.<\/p>\n\n\n\n<p>De esta manera, el Mandatario estatal agradeci\u00f3 y reconoci\u00f3 el acompa\u00f1amiento que las y los exfuncionarios brindaron durante el tiempo que asumieron sus cargos en beneficio de la poblaci\u00f3n oaxaque\u00f1a.<\/p>\n\n\n\n<p>Asimismo, indic\u00f3 que en breve anunciar\u00e1 a quienes ocupar\u00e1n estos puestos para seguir trabajando por el desarrollo y bienestar de Oaxaca.<\/p>\n\n\n\n<p>-0-<\/p>\n\n\n\n<figure class=\"wp-block-image size-large\"><img fetchpriority=\"high\" decoding=\"async\" width=\"1024\" height=\"683\" src=\"https:\/\/contextoanalisisperiodistico.com\/wp-content\/uploads\/2024\/01\/img-20240115-wa00149133345820616577854-1024x683.jpg\" alt=\"\" class=\"wp-image-23435\" srcset=\"https:\/\/contextoanalisisperiodistico.com\/wp-content\/uploads\/2024\/01\/img-20240115-wa00149133345820616577854-1024x683.jpg 1024w, https:\/\/contextoanalisisperiodistico.com\/wp-content\/uploads\/2024\/01\/img-20240115-wa00149133345820616577854-300x200.jpg 300w, https:\/\/contextoanalisisperiodistico.com\/wp-content\/uploads\/2024\/01\/img-20240115-wa00149133345820616577854-768x512.jpg 768w, https:\/\/contextoanalisisperiodistico.com\/wp-content\/uploads\/2024\/01\/img-20240115-wa00149133345820616577854.jpg 1200w\" sizes=\"(max-width: 1024px) 100vw, 1024px\" \/><\/figure>\n","protected":false},"excerpt":{"rendered":"<p>\u2022 En conferencia de prensa se\u00f1al\u00f3 que en breve anunciar\u00e1 a las y los nuevos&#8230;<\/p>\n","protected":false},"author":4,"featured_media":23434,"comment_status":"","ping_status":"open","sticky":false,"template":"","format":"standard","meta":{"footnotes":""},"categories":[9],"tags":[],"jetpack_sharing_enabled":true,"featured_image_urls":{"full":["https:\/\/contextoanalisisperiodistico.com\/wp-content\/uploads\/2024\/01\/IMG-20240115-WA0013.jpg",1200,799,false],"thumbnail":["https:\/\/contextoanalisisperiodistico.com\/wp-content\/uploads\/2024\/01\/IMG-20240115-WA0013-150x150.jpg",150,150,true],"medium":["https:\/\/contextoanalisisperiodistico.com\/wp-content\/uploads\/2024\/01\/IMG-20240115-WA0013-300x200.jpg",300,200,true],"medium_large":["https:\/\/contextoanalisisperiodistico.com\/wp-content\/uploads\/2024\/01\/IMG-20240115-WA0013-768x511.jpg",640,426,true],"large":["https:\/\/contextoanalisisperiodistico.com\/wp-content\/uploads\/2024\/01\/IMG-20240115-WA0013-1024x682.jpg",640,426,true],"1536x1536":["https:\/\/contextoanalisisperiodistico.com\/wp-content\/uploads\/2024\/01\/IMG-20240115-WA0013.jpg",1200,799,false],"2048x2048":["https:\/\/contextoanalisisperiodistico.com\/wp-content\/uploads\/2024\/01\/IMG-20240115-WA0013.jpg",1200,799,false],"covernews-slider-full":["https:\/\/contextoanalisisperiodistico.com\/wp-content\/uploads\/2024\/01\/IMG-20240115-WA0013-1115x715.jpg",1115,715,true],"covernews-slider-center":["https:\/\/contextoanalisisperiodistico.com\/wp-content\/uploads\/2024\/01\/IMG-20240115-WA0013-800x500.jpg",800,500,true],"covernews-featured":["https:\/\/contextoanalisisperiodistico.com\/wp-content\/uploads\/2024\/01\/IMG-20240115-WA0013-1024x682.jpg",1024,682,true],"covernews-medium":["https:\/\/contextoanalisisperiodistico.com\/wp-content\/uploads\/2024\/01\/IMG-20240115-WA0013-540x340.jpg",540,340,true],"covernews-medium-square":["https:\/\/contextoanalisisperiodistico.com\/wp-content\/uploads\/2024\/01\/IMG-20240115-WA0013-400x250.jpg",400,250,true]},"author_info":{"display_name":"Mario Gir\u00f3n","author_link":"https:\/\/contextoanalisisperiodistico.com\/index.php\/author\/director\/"},"category_info":"<a href=\"https:\/\/contextoanalisisperiodistico.com\/index.php\/category\/politica\/\" rel=\"category tag\">Pol\u00edtica<\/a>","tag_info":"Pol\u00edtica","comment_count":"0","jetpack_featured_media_url":"https:\/\/contextoanalisisperiodistico.com\/wp-content\/uploads\/2024\/01\/IMG-20240115-WA0013.jpg","_links":{"self":[{"href":"https:\/\/contextoanalisisperiodistico.com\/index.php\/wp-json\/wp\/v2\/posts\/23436"}],"collection":[{"href":"https:\/\/contextoanalisisperiodistico.com\/index.php\/wp-json\/wp\/v2\/posts"}],"about":[{"href":"https:\/\/contextoanalisisperiodistico.com\/index.php\/wp-json\/wp\/v2\/types\/post"}],"author":[{"embeddable":true,"href":"https:\/\/contextoanalisisperiodistico.com\/index.php\/wp-json\/wp\/v2\/users\/4"}],"replies":[{"embeddable":true,"href":"https:\/\/contextoanalisisperiodistico.com\/index.php\/wp-json\/wp\/v2\/comments?post=23436"}],"version-history":[{"count":0,"href":"https:\/\/contextoanalisisperiodistico.com\/index.php\/wp-json\/wp\/v2\/posts\/23436\/revisions"}],"wp:featuredmedia":[{"embeddable":true,"href":"https:\/\/contextoanalisisperiodistico.com\/index.php\/wp-json\/wp\/v2\/media\/23434"}],"wp:attachment":[{"href":"https:\/\/contextoanalisisperiodistico.com\/index.php\/wp-json\/wp\/v2\/media?parent=23436"}],"wp:term":[{"taxonomy":"category","embeddable":true,"href":"https:\/\/contextoanalisisperiodistico.com\/index.php\/wp-json\/wp\/v2\/categories?post=23436"},{"taxonomy":"post_tag","embeddable":true,"href":"https:\/\/contextoanalisisperiodistico.com\/index.php\/wp-json\/wp\/v2\/tags?post=23436"}],"curies":[{"name":"wp","href":"https:\/\/api.w.org\/{rel}","templated":true}]}}