{"id":23347,"date":"2024-01-12T19:36:48","date_gmt":"2024-01-13T01:36:48","guid":{"rendered":"https:\/\/contextoanalisisperiodistico.com\/index.php\/2024\/01\/12\/coordina-sego-trabajos-para-garantizar-proceso-electoral-en-paz\/"},"modified":"2024-01-12T19:36:48","modified_gmt":"2024-01-13T01:36:48","slug":"coordina-sego-trabajos-para-garantizar-proceso-electoral-en-paz","status":"publish","type":"post","link":"https:\/\/contextoanalisisperiodistico.com\/index.php\/2024\/01\/12\/coordina-sego-trabajos-para-garantizar-proceso-electoral-en-paz\/","title":{"rendered":"Coordina Sego trabajos para garantizar proceso electoral en paz"},"content":{"rendered":"<div id=\"fb-root\"><\/div>\n\n<p>\u2022 Se han entregado 559 acreditaciones a funcionarios municipales, 224 son mujeres y 335 hombres<br \/>\u2022 En las elecciones de junio pr\u00f3ximo, por primera vez Oaxaca elegir\u00e1 a un diputado local migrante o binacional de representaci\u00f3n proporcional<\/p>\n\n\n\n<p>Oaxaca de Ju\u00e1rez, Oax. 12 de enero de 2024.- La Secretar\u00eda de Gobierno en coordinaci\u00f3n con las instituciones que conforman la Mesa Operativa de Seguimiento Electoral (MOSE) celebraron su octava reuni\u00f3n ordinaria, en la que se inform\u00f3 del avance en la acreditaci\u00f3n municipal, y tambi\u00e9n se abordaron los nuevos mecanismos de participaci\u00f3n ciudadana para la jornada electoral de junio pr\u00f3ximo.<\/p>\n\n\n\n<p>Al presidir la reuni\u00f3n, la encargada del Despacho de la Subsecretar\u00eda de Fortalecimiento Municipal, Arianna Selene Mart\u00ednez Cruz, se\u00f1al\u00f3 que se acreditaron a 53 municipios, por lo que en total se entregaron 559 acreditaciones entre presidencias municipales, sindicaturas, titulares de secretar\u00edas y tesorer\u00edas, de las cuales, 224 son mujeres y 335 hombres.<\/p>\n\n\n\n<p>En otro sentido, se inform\u00f3 que dentro del actual proceso electoral se cuenta con los nuevos mecanismos de participaci\u00f3n a implementar, por lo que, en el caso de las personas en prisi\u00f3n preventiva, el Instituto Estatal Electoral y de Participaci\u00f3n Ciudadana (IEEPCO) inform\u00f3 que ha recibido 346 intenciones de siete centros penitenciarios.<\/p>\n\n\n\n<p>Sobre este nuevo mecanismo, se dio a conocer que se est\u00e1 en espera de las resoluciones de los \u00f3rganos jurisdiccionales sobre su implementaci\u00f3n para elecciones federales o locales. Vale la pena se\u00f1alar que en Oaxaca se tienen contempladas a mil 36 personas privadas de su libertad.<\/p>\n\n\n\n<p>En el marco de esta reuni\u00f3n de la MOSE, se inform\u00f3 que por primera vez Oaxaca elegir\u00e1 a un diputado local migrante o binacional de representaci\u00f3n proporcional, se explic\u00f3 que el ejercicio del voto ser\u00e1 de manera presencial, electr\u00f3nica y v\u00eda postal para las personas migrantes oaxaque\u00f1as.<\/p>\n\n\n\n<p>De igual forma, en esta elecci\u00f3n se implementar\u00e1 por primera vez en el estado el ejercicio del voto anticipado para las personas con alguna discapacidad o limitaci\u00f3n f\u00edsica, que no puedan acudir a la casilla el d\u00eda de la Jornada Electoral del 2 de junio y lo hagan desde su domicilio.<\/p>\n\n\n\n<p>En la entidad se tiene un corte de 150 personas registradas en el padr\u00f3n, al ser este un proceso realizado por el Instituto Nacional Electoral (INE), el total de los municipios y de personas se conocer\u00e1 hasta el corte final de la Lista Nominal de Electores.<\/p>\n\n\n\n<p>En el marco de dicha reuni\u00f3n se dio a conocer que el INE y el IEEPCO se coordinan para revisar los modelos de operaci\u00f3n y en su caso, aplicaci\u00f3n de estos nuevos m\u00e9todos que por primera vez se implementar\u00e1n en Oaxaca.<\/p>\n\n\n\n<p>Finalmente se inform\u00f3 que de los 570 municipios que existen en la entidad, al corte del 11 de enero se han identificado a 25 considerados de atenci\u00f3n prioritaria, los cuales est\u00e1n focalizados en cinco regiones.<\/p>\n\n\n\n<p>-0-<\/p>\n\n\n\n<figure class=\"wp-block-image size-large\"><img fetchpriority=\"high\" decoding=\"async\" width=\"1024\" height=\"682\" src=\"https:\/\/contextoanalisisperiodistico.com\/wp-content\/uploads\/2024\/01\/img-20240112-wa00627998875664718476491-1024x682.jpg\" alt=\"\" class=\"wp-image-23346\" srcset=\"https:\/\/contextoanalisisperiodistico.com\/wp-content\/uploads\/2024\/01\/img-20240112-wa00627998875664718476491-1024x682.jpg 1024w, https:\/\/contextoanalisisperiodistico.com\/wp-content\/uploads\/2024\/01\/img-20240112-wa00627998875664718476491-300x200.jpg 300w, https:\/\/contextoanalisisperiodistico.com\/wp-content\/uploads\/2024\/01\/img-20240112-wa00627998875664718476491-768x512.jpg 768w, https:\/\/contextoanalisisperiodistico.com\/wp-content\/uploads\/2024\/01\/img-20240112-wa00627998875664718476491-1536x1023.jpg 1536w, https:\/\/contextoanalisisperiodistico.com\/wp-content\/uploads\/2024\/01\/img-20240112-wa00627998875664718476491.jpg 1600w\" sizes=\"(max-width: 1024px) 100vw, 1024px\" \/><\/figure>\n","protected":false},"excerpt":{"rendered":"<p>\u2022 Se han entregado 559 acreditaciones a funcionarios municipales, 224 son mujeres y 335 hombres\u2022&#8230;<\/p>\n","protected":false},"author":4,"featured_media":23345,"comment_status":"","ping_status":"open","sticky":false,"template":"","format":"standard","meta":{"footnotes":""},"categories":[9],"tags":[],"jetpack_sharing_enabled":true,"featured_image_urls":{"full":["https:\/\/contextoanalisisperiodistico.com\/wp-content\/uploads\/2024\/01\/IMG-20240112-WA0061.jpg",1600,1066,false],"thumbnail":["https:\/\/contextoanalisisperiodistico.com\/wp-content\/uploads\/2024\/01\/IMG-20240112-WA0061-150x150.jpg",150,150,true],"medium":["https:\/\/contextoanalisisperiodistico.com\/wp-content\/uploads\/2024\/01\/IMG-20240112-WA0061-300x200.jpg",300,200,true],"medium_large":["https:\/\/contextoanalisisperiodistico.com\/wp-content\/uploads\/2024\/01\/IMG-20240112-WA0061-768x512.jpg",640,427,true],"large":["https:\/\/contextoanalisisperiodistico.com\/wp-content\/uploads\/2024\/01\/IMG-20240112-WA0061-1024x682.jpg",640,426,true],"1536x1536":["https:\/\/contextoanalisisperiodistico.com\/wp-content\/uploads\/2024\/01\/IMG-20240112-WA0061-1536x1023.jpg",1536,1023,true],"2048x2048":["https:\/\/contextoanalisisperiodistico.com\/wp-content\/uploads\/2024\/01\/IMG-20240112-WA0061.jpg",1600,1066,false],"covernews-slider-full":["https:\/\/contextoanalisisperiodistico.com\/wp-content\/uploads\/2024\/01\/IMG-20240112-WA0061-1115x715.jpg",1115,715,true],"covernews-slider-center":["https:\/\/contextoanalisisperiodistico.com\/wp-content\/uploads\/2024\/01\/IMG-20240112-WA0061-800x500.jpg",800,500,true],"covernews-featured":["https:\/\/contextoanalisisperiodistico.com\/wp-content\/uploads\/2024\/01\/IMG-20240112-WA0061-1024x682.jpg",1024,682,true],"covernews-medium":["https:\/\/contextoanalisisperiodistico.com\/wp-content\/uploads\/2024\/01\/IMG-20240112-WA0061-540x340.jpg",540,340,true],"covernews-medium-square":["https:\/\/contextoanalisisperiodistico.com\/wp-content\/uploads\/2024\/01\/IMG-20240112-WA0061-400x250.jpg",400,250,true]},"author_info":{"display_name":"Mario Gir\u00f3n","author_link":"https:\/\/contextoanalisisperiodistico.com\/index.php\/author\/director\/"},"category_info":"<a href=\"https:\/\/contextoanalisisperiodistico.com\/index.php\/category\/politica\/\" rel=\"category tag\">Pol\u00edtica<\/a>","tag_info":"Pol\u00edtica","comment_count":"0","jetpack_featured_media_url":"https:\/\/contextoanalisisperiodistico.com\/wp-content\/uploads\/2024\/01\/IMG-20240112-WA0061.jpg","_links":{"self":[{"href":"https:\/\/contextoanalisisperiodistico.com\/index.php\/wp-json\/wp\/v2\/posts\/23347"}],"collection":[{"href":"https:\/\/contextoanalisisperiodistico.com\/index.php\/wp-json\/wp\/v2\/posts"}],"about":[{"href":"https:\/\/contextoanalisisperiodistico.com\/index.php\/wp-json\/wp\/v2\/types\/post"}],"author":[{"embeddable":true,"href":"https:\/\/contextoanalisisperiodistico.com\/index.php\/wp-json\/wp\/v2\/users\/4"}],"replies":[{"embeddable":true,"href":"https:\/\/contextoanalisisperiodistico.com\/index.php\/wp-json\/wp\/v2\/comments?post=23347"}],"version-history":[{"count":0,"href":"https:\/\/contextoanalisisperiodistico.com\/index.php\/wp-json\/wp\/v2\/posts\/23347\/revisions"}],"wp:featuredmedia":[{"embeddable":true,"href":"https:\/\/contextoanalisisperiodistico.com\/index.php\/wp-json\/wp\/v2\/media\/23345"}],"wp:attachment":[{"href":"https:\/\/contextoanalisisperiodistico.com\/index.php\/wp-json\/wp\/v2\/media?parent=23347"}],"wp:term":[{"taxonomy":"category","embeddable":true,"href":"https:\/\/contextoanalisisperiodistico.com\/index.php\/wp-json\/wp\/v2\/categories?post=23347"},{"taxonomy":"post_tag","embeddable":true,"href":"https:\/\/contextoanalisisperiodistico.com\/index.php\/wp-json\/wp\/v2\/tags?post=23347"}],"curies":[{"name":"wp","href":"https:\/\/api.w.org\/{rel}","templated":true}]}}