{"id":23344,"date":"2024-01-12T19:06:47","date_gmt":"2024-01-13T01:06:47","guid":{"rendered":"https:\/\/contextoanalisisperiodistico.com\/index.php\/2024\/01\/12\/recibe-santa-maria-nativitas-la-primavera-oaxaquena\/"},"modified":"2024-01-12T19:06:47","modified_gmt":"2024-01-13T01:06:47","slug":"recibe-santa-maria-nativitas-la-primavera-oaxaquena","status":"publish","type":"post","link":"https:\/\/contextoanalisisperiodistico.com\/index.php\/2024\/01\/12\/recibe-santa-maria-nativitas-la-primavera-oaxaquena\/","title":{"rendered":"<em>Recibe Santa Mar\u00eda Nativitas la Primavera Oaxaque\u00f1a<\/em>"},"content":{"rendered":"<div id=\"fb-root\"><\/div>\n\n<p>\u2022 La comunidad fue beneficiada con m\u00e1s de 10 millones de pesos como parte de la estrategia Trabajo que Transforma tu Municipio<\/p>\n\n\n\n<figure class=\"wp-block-image size-large\"><img fetchpriority=\"high\" decoding=\"async\" width=\"1024\" height=\"664\" src=\"https:\/\/contextoanalisisperiodistico.com\/wp-content\/uploads\/2024\/01\/img-20240112-wa00594462943615743070964-1024x664.jpg\" alt=\"\" class=\"wp-image-23342\" srcset=\"https:\/\/contextoanalisisperiodistico.com\/wp-content\/uploads\/2024\/01\/img-20240112-wa00594462943615743070964-1024x664.jpg 1024w, https:\/\/contextoanalisisperiodistico.com\/wp-content\/uploads\/2024\/01\/img-20240112-wa00594462943615743070964-300x195.jpg 300w, https:\/\/contextoanalisisperiodistico.com\/wp-content\/uploads\/2024\/01\/img-20240112-wa00594462943615743070964-768x498.jpg 768w, https:\/\/contextoanalisisperiodistico.com\/wp-content\/uploads\/2024\/01\/img-20240112-wa00594462943615743070964-1536x996.jpg 1536w, https:\/\/contextoanalisisperiodistico.com\/wp-content\/uploads\/2024\/01\/img-20240112-wa00594462943615743070964.jpg 1600w\" sizes=\"(max-width: 1024px) 100vw, 1024px\" \/><\/figure>\n\n\n\n<figure class=\"wp-block-image\"><img decoding=\"async\" width=\"1024\" height=\"682\" src=\"https:\/\/contextoanalisisperiodistico.com\/wp-content\/uploads\/2024\/01\/img-20240112-wa00546018079316608402064-1024x682.jpg\" alt=\"\" class=\"wp-image-23341\" srcset=\"https:\/\/contextoanalisisperiodistico.com\/wp-content\/uploads\/2024\/01\/img-20240112-wa00546018079316608402064-1024x682.jpg 1024w, https:\/\/contextoanalisisperiodistico.com\/wp-content\/uploads\/2024\/01\/img-20240112-wa00546018079316608402064-300x200.jpg 300w, https:\/\/contextoanalisisperiodistico.com\/wp-content\/uploads\/2024\/01\/img-20240112-wa00546018079316608402064-768x512.jpg 768w, https:\/\/contextoanalisisperiodistico.com\/wp-content\/uploads\/2024\/01\/img-20240112-wa00546018079316608402064-1536x1023.jpg 1536w, https:\/\/contextoanalisisperiodistico.com\/wp-content\/uploads\/2024\/01\/img-20240112-wa00546018079316608402064.jpg 1600w\" sizes=\"(max-width: 1024px) 100vw, 1024px\" \/><\/figure>\n\n\n\n<figure class=\"wp-block-image\"><img decoding=\"async\" width=\"1004\" height=\"1024\" src=\"https:\/\/contextoanalisisperiodistico.com\/wp-content\/uploads\/2024\/01\/img-20240112-wa00603869961523061207348-1004x1024.jpg\" alt=\"\" class=\"wp-image-23339\" srcset=\"https:\/\/contextoanalisisperiodistico.com\/wp-content\/uploads\/2024\/01\/img-20240112-wa00603869961523061207348-1004x1024.jpg 1004w, https:\/\/contextoanalisisperiodistico.com\/wp-content\/uploads\/2024\/01\/img-20240112-wa00603869961523061207348-294x300.jpg 294w, https:\/\/contextoanalisisperiodistico.com\/wp-content\/uploads\/2024\/01\/img-20240112-wa00603869961523061207348-768x783.jpg 768w, https:\/\/contextoanalisisperiodistico.com\/wp-content\/uploads\/2024\/01\/img-20240112-wa00603869961523061207348-1506x1536.jpg 1506w, https:\/\/contextoanalisisperiodistico.com\/wp-content\/uploads\/2024\/01\/img-20240112-wa00603869961523061207348-1024x1044.jpg 1024w, https:\/\/contextoanalisisperiodistico.com\/wp-content\/uploads\/2024\/01\/img-20240112-wa00603869961523061207348.jpg 1569w\" sizes=\"(max-width: 1004px) 100vw, 1004px\" \/><\/figure>\n\n\n\n<figure class=\"wp-block-image\"><img loading=\"lazy\" decoding=\"async\" width=\"1024\" height=\"682\" src=\"https:\/\/contextoanalisisperiodistico.com\/wp-content\/uploads\/2024\/01\/img-20240112-wa00557372322075657828355-1024x682.jpg\" alt=\"\" class=\"wp-image-23338\" srcset=\"https:\/\/contextoanalisisperiodistico.com\/wp-content\/uploads\/2024\/01\/img-20240112-wa00557372322075657828355-1024x682.jpg 1024w, https:\/\/contextoanalisisperiodistico.com\/wp-content\/uploads\/2024\/01\/img-20240112-wa00557372322075657828355-300x200.jpg 300w, https:\/\/contextoanalisisperiodistico.com\/wp-content\/uploads\/2024\/01\/img-20240112-wa00557372322075657828355-768x512.jpg 768w, https:\/\/contextoanalisisperiodistico.com\/wp-content\/uploads\/2024\/01\/img-20240112-wa00557372322075657828355-1536x1023.jpg 1536w, https:\/\/contextoanalisisperiodistico.com\/wp-content\/uploads\/2024\/01\/img-20240112-wa00557372322075657828355.jpg 1600w\" sizes=\"(max-width: 1024px) 100vw, 1024px\" \/><\/figure>\n\n\n\n<figure class=\"wp-block-image\"><img loading=\"lazy\" decoding=\"async\" width=\"1024\" height=\"682\" src=\"https:\/\/contextoanalisisperiodistico.com\/wp-content\/uploads\/2024\/01\/img-20240112-wa00588656213159133448746-1024x682.jpg\" alt=\"\" class=\"wp-image-23340\" srcset=\"https:\/\/contextoanalisisperiodistico.com\/wp-content\/uploads\/2024\/01\/img-20240112-wa00588656213159133448746-1024x682.jpg 1024w, https:\/\/contextoanalisisperiodistico.com\/wp-content\/uploads\/2024\/01\/img-20240112-wa00588656213159133448746-300x200.jpg 300w, https:\/\/contextoanalisisperiodistico.com\/wp-content\/uploads\/2024\/01\/img-20240112-wa00588656213159133448746-768x512.jpg 768w, https:\/\/contextoanalisisperiodistico.com\/wp-content\/uploads\/2024\/01\/img-20240112-wa00588656213159133448746-1536x1023.jpg 1536w, https:\/\/contextoanalisisperiodistico.com\/wp-content\/uploads\/2024\/01\/img-20240112-wa00588656213159133448746.jpg 1600w\" sizes=\"(max-width: 1024px) 100vw, 1024px\" \/><\/figure>\n\n\n\n<figure class=\"wp-block-image\"><img loading=\"lazy\" decoding=\"async\" width=\"1024\" height=\"682\" src=\"https:\/\/contextoanalisisperiodistico.com\/wp-content\/uploads\/2024\/01\/img-20240112-wa00566904595813512467391-1024x682.jpg\" alt=\"\" class=\"wp-image-23343\" srcset=\"https:\/\/contextoanalisisperiodistico.com\/wp-content\/uploads\/2024\/01\/img-20240112-wa00566904595813512467391-1024x682.jpg 1024w, https:\/\/contextoanalisisperiodistico.com\/wp-content\/uploads\/2024\/01\/img-20240112-wa00566904595813512467391-300x200.jpg 300w, https:\/\/contextoanalisisperiodistico.com\/wp-content\/uploads\/2024\/01\/img-20240112-wa00566904595813512467391-768x512.jpg 768w, https:\/\/contextoanalisisperiodistico.com\/wp-content\/uploads\/2024\/01\/img-20240112-wa00566904595813512467391-1536x1023.jpg 1536w, https:\/\/contextoanalisisperiodistico.com\/wp-content\/uploads\/2024\/01\/img-20240112-wa00566904595813512467391.jpg 1600w\" sizes=\"(max-width: 1024px) 100vw, 1024px\" \/><\/figure>\n\n\n\n<p>Santa Mar\u00eda Nativitas, Oax. 12 de enero de 2024.- Ante habitantes de Santa Mar\u00eda Nativitas, municipio de la regi\u00f3n Mixteca, el Gobernador Salom\u00f3n Jara Cruz anunci\u00f3 una inversi\u00f3n de 10 millones 283 mil 482 pesos y destac\u00f3 que es deber del gobierno ayudar al pueblo, \u201cpor eso estamos aqu\u00ed present\u00e1ndoles este nuevo modelo de trabajo que atiende sus necesidades\u201d.<\/p>\n\n\n\n<p>En este pueblo chocholteco, el Mandatario estatal expuso que desde el inicio de su administraci\u00f3n ha visitado los municipios, para conocer sus carencias y necesidades, y trabajar de la mano para erradicar la pobreza y marginaci\u00f3n.<\/p>\n\n\n\n<p>De esta manera, para contribuir al desarrollo de esta localidad, a trav\u00e9s de la estrategia Trabajo que Transforma tu Municipio, se invertir\u00e1n 5 millones de pesos para la construcci\u00f3n de un puente a trav\u00e9s de Caminos Bienestar (Cabien).<\/p>\n\n\n\n<p>Mediante el Instituto Oaxaque\u00f1o Constructor de Infraestructura Educativa (Iocied) se construir\u00e1 un m\u00f3dulo de sanitarios en la escuela telesecundaria de San Jos\u00e9 Monteverde y un techado en la telesecundaria de San Pedro Buena Vista.<\/p>\n\n\n\n<p>Tambi\u00e9n, se autoriz\u00f3 1 mill\u00f3n de pesos para la pavimentaci\u00f3n de 200 metros lineales del acceso a una telesecundaria, proyecto que estar\u00e1 a cargo de la Secretar\u00eda de Infraestructura y Comunicaciones (Sinfra).<\/p>\n\n\n\n<p>En apoyo a las instituciones educativas, a trav\u00e9s del Instituto Estatal de Educaci\u00f3n P\u00fablica de Oaxaca (IEEPO) se entregar\u00e1n anaqueles, computadoras, pantallas, impresoras, libreros, entre otros insumos a diversas escuelas, por una inversi\u00f3n de 150 mil pesos.<\/p>\n\n\n\n<p>Para el abastecimiento de medicamentos en la unidad de salud de la localidad se autoriz\u00f3 un presupuesto de 700 mil pesos a trav\u00e9s de los Servicios de Salud de Oaxaca (SSO).<\/p>\n\n\n\n<p>La Secretar\u00eda de Finanzas (Sefin) inform\u00f3 que el municipio fue beneficiado con 24 mil 482 pesos correspondiente al Fondo Compensatorio del Gobierno Federal.<\/p>\n\n\n\n<p>Para conservar la cultura y tradiciones de esta localidad, la Secretar\u00eda de Interculturalidad, Pueblos y Comunidades Ind\u00edgenas y Afromexicanas (SIPCIA) apoyar\u00e1 con becas a que ni\u00f1as y ni\u00f1os que aprendan a interpretar la m\u00fasica de su regi\u00f3n.<br \/>-0-<\/p>\n","protected":false},"excerpt":{"rendered":"<p>\u2022 La comunidad fue beneficiada con m\u00e1s de 10 millones de pesos como parte de&#8230;<\/p>\n","protected":false},"author":4,"featured_media":23337,"comment_status":"","ping_status":"open","sticky":false,"template":"","format":"standard","meta":{"footnotes":""},"categories":[9],"tags":[],"jetpack_sharing_enabled":true,"featured_image_urls":{"full":["https:\/\/contextoanalisisperiodistico.com\/wp-content\/uploads\/2024\/01\/IMG-20240112-WA0057.jpg",1600,1066,false],"thumbnail":["https:\/\/contextoanalisisperiodistico.com\/wp-content\/uploads\/2024\/01\/IMG-20240112-WA0057-150x150.jpg",150,150,true],"medium":["https:\/\/contextoanalisisperiodistico.com\/wp-content\/uploads\/2024\/01\/IMG-20240112-WA0057-300x200.jpg",300,200,true],"medium_large":["https:\/\/contextoanalisisperiodistico.com\/wp-content\/uploads\/2024\/01\/IMG-20240112-WA0057-768x512.jpg",640,427,true],"large":["https:\/\/contextoanalisisperiodistico.com\/wp-content\/uploads\/2024\/01\/IMG-20240112-WA0057-1024x682.jpg",640,426,true],"1536x1536":["https:\/\/contextoanalisisperiodistico.com\/wp-content\/uploads\/2024\/01\/IMG-20240112-WA0057-1536x1023.jpg",1536,1023,true],"2048x2048":["https:\/\/contextoanalisisperiodistico.com\/wp-content\/uploads\/2024\/01\/IMG-20240112-WA0057.jpg",1600,1066,false],"covernews-slider-full":["https:\/\/contextoanalisisperiodistico.com\/wp-content\/uploads\/2024\/01\/IMG-20240112-WA0057-1115x715.jpg",1115,715,true],"covernews-slider-center":["https:\/\/contextoanalisisperiodistico.com\/wp-content\/uploads\/2024\/01\/IMG-20240112-WA0057-800x500.jpg",800,500,true],"covernews-featured":["https:\/\/contextoanalisisperiodistico.com\/wp-content\/uploads\/2024\/01\/IMG-20240112-WA0057-1024x682.jpg",1024,682,true],"covernews-medium":["https:\/\/contextoanalisisperiodistico.com\/wp-content\/uploads\/2024\/01\/IMG-20240112-WA0057-540x340.jpg",540,340,true],"covernews-medium-square":["https:\/\/contextoanalisisperiodistico.com\/wp-content\/uploads\/2024\/01\/IMG-20240112-WA0057-400x250.jpg",400,250,true]},"author_info":{"display_name":"Mario Gir\u00f3n","author_link":"https:\/\/contextoanalisisperiodistico.com\/index.php\/author\/director\/"},"category_info":"<a href=\"https:\/\/contextoanalisisperiodistico.com\/index.php\/category\/politica\/\" rel=\"category tag\">Pol\u00edtica<\/a>","tag_info":"Pol\u00edtica","comment_count":"0","jetpack_featured_media_url":"https:\/\/contextoanalisisperiodistico.com\/wp-content\/uploads\/2024\/01\/IMG-20240112-WA0057.jpg","_links":{"self":[{"href":"https:\/\/contextoanalisisperiodistico.com\/index.php\/wp-json\/wp\/v2\/posts\/23344"}],"collection":[{"href":"https:\/\/contextoanalisisperiodistico.com\/index.php\/wp-json\/wp\/v2\/posts"}],"about":[{"href":"https:\/\/contextoanalisisperiodistico.com\/index.php\/wp-json\/wp\/v2\/types\/post"}],"author":[{"embeddable":true,"href":"https:\/\/contextoanalisisperiodistico.com\/index.php\/wp-json\/wp\/v2\/users\/4"}],"replies":[{"embeddable":true,"href":"https:\/\/contextoanalisisperiodistico.com\/index.php\/wp-json\/wp\/v2\/comments?post=23344"}],"version-history":[{"count":0,"href":"https:\/\/contextoanalisisperiodistico.com\/index.php\/wp-json\/wp\/v2\/posts\/23344\/revisions"}],"wp:featuredmedia":[{"embeddable":true,"href":"https:\/\/contextoanalisisperiodistico.com\/index.php\/wp-json\/wp\/v2\/media\/23337"}],"wp:attachment":[{"href":"https:\/\/contextoanalisisperiodistico.com\/index.php\/wp-json\/wp\/v2\/media?parent=23344"}],"wp:term":[{"taxonomy":"category","embeddable":true,"href":"https:\/\/contextoanalisisperiodistico.com\/index.php\/wp-json\/wp\/v2\/categories?post=23344"},{"taxonomy":"post_tag","embeddable":true,"href":"https:\/\/contextoanalisisperiodistico.com\/index.php\/wp-json\/wp\/v2\/tags?post=23344"}],"curies":[{"name":"wp","href":"https:\/\/api.w.org\/{rel}","templated":true}]}}