{"id":23324,"date":"2024-01-12T18:39:36","date_gmt":"2024-01-13T00:39:36","guid":{"rendered":"https:\/\/contextoanalisisperiodistico.com\/?p=23324"},"modified":"2024-01-12T18:40:07","modified_gmt":"2024-01-13T00:40:07","slug":"neri-significa-palabra-de-compromiso-cumplido-reconocen-colonos-de-la-10-de-abril","status":"publish","type":"post","link":"https:\/\/contextoanalisisperiodistico.com\/index.php\/2024\/01\/12\/neri-significa-palabra-de-compromiso-cumplido-reconocen-colonos-de-la-10-de-abril\/","title":{"rendered":"Neri significa palabra de compromiso cumplido, reconocen colonos de la 10 de Abril"},"content":{"rendered":"<div id=\"fb-root\"><\/div>\n\n<p>.Tienen presente que el presidente municipal Francisco Mart\u00ednez Neri los visit\u00f3, comprob\u00f3 el problema derivado de la falta de un muro de contenci\u00f4n hoy por resolverse <\/p>\n\n\n\n<p>.La construcci\u00f3n beneficiar\u00e1 directamente a m\u00e1s de 700 personas.<\/p>\n\n\n\n<p>Oaxaca de Ju\u00e1rez, Oax., a 12 de enero de 2024. Con un recibimiento lleno de entusiasmo, las vecinas y vecinos de la colonia 10 de Abril, perteneciente a la Agencia Municipal de Santa Rosa Panzacola, dieron la bienvenida a Francisco Mart\u00ednez Neri, Presidente Municipal de Oaxaca de Ju\u00e1rez, durante el banderazo de inicio de la construcci\u00f3n del muro de contenci\u00f3n en la calle Emiliano Zapata, proyecto que beneficiar\u00e1 a m\u00e1s de 700 personas.<\/p>\n\n\n\n<p>Las y los colonos expresaron su gratitud, resaltando que esta obra significa el inicio de la transformaci\u00f3n del lugar, ya que no se realizaba ninguna obra en esta demarcaci\u00f3n desde hace m\u00e1s de 30 a\u00f1os.<\/p>\n\n\n\n<p>En su intervenci\u00f3n, el Presidente Municipal destac\u00f3 la importancia de trabajar en comuni\u00f3n con la ciiudadan\u00eda y cumplir las promesas hechas. \u00abHoy iniciamos una obra que sabemos, es el principio de un cambio radical para la vida de quienes aqu\u00ed habitan\u00bb afirm\u00f3 Mart\u00ednez Neri.<\/p>\n\n\n\n<p>En este sentido, las vecinas, Luisa Garc\u00eda, y Elizabeth Hern\u00e1ndez G\u00f3mez, agradecieron el apoyo del Primer Concejal de la Ciudad para concretar esta obra que hab\u00eda sido una solicitud pendiente durante d\u00e9cadas.<\/p>\n\n\n\n<p>Por su parte, la Secretaria de Obras P\u00fablicas y Desarrollo Urbano, Denisse Arandia Valencia, inform\u00f3 sobre los detalles t\u00e9cnicos de la obra, que consistir\u00e1 en la construcci\u00f3n de un muro de contenci\u00f3n de 40 metros lineales con 256 metros c\u00fabicos, beneficiando directamente a m\u00e1s de 700 personas. La inversi\u00f3n asciende a m\u00e1s de 2 millones de pesos.<\/p>\n\n\n\n<p>Con este proyecto, el Presidente Municipal reafirma su compromiso de trabajar en las zonas m\u00e1s necesitadas, mejorando la calidad de vida de la poblaci\u00f3n y generando un impacto positivo en la infraestructura urbana. La construcci\u00f3n del muro de contenci\u00f3n es solo el inicio de las acciones que se llevar\u00e1n a cabo en esa zona para fortalecer el bienestar de las y los habitantes de la colonia 10 de Abril.<\/p>\n\n\n\n<figure class=\"wp-block-image size-large\"><img fetchpriority=\"high\" decoding=\"async\" width=\"1024\" height=\"684\" src=\"https:\/\/contextoanalisisperiodistico.com\/wp-content\/uploads\/2024\/01\/boletC3ADn12-01-24282293169130798224675874-1024x684.jpg\" alt=\"\" class=\"wp-image-23326\" srcset=\"https:\/\/contextoanalisisperiodistico.com\/wp-content\/uploads\/2024\/01\/boletC3ADn12-01-24282293169130798224675874-1024x684.jpg 1024w, https:\/\/contextoanalisisperiodistico.com\/wp-content\/uploads\/2024\/01\/boletC3ADn12-01-24282293169130798224675874-300x200.jpg 300w, https:\/\/contextoanalisisperiodistico.com\/wp-content\/uploads\/2024\/01\/boletC3ADn12-01-24282293169130798224675874-768x513.jpg 768w, https:\/\/contextoanalisisperiodistico.com\/wp-content\/uploads\/2024\/01\/boletC3ADn12-01-24282293169130798224675874-1536x1026.jpg 1536w, https:\/\/contextoanalisisperiodistico.com\/wp-content\/uploads\/2024\/01\/boletC3ADn12-01-24282293169130798224675874.jpg 1600w\" sizes=\"(max-width: 1024px) 100vw, 1024px\" \/><\/figure>\n\n\n\n<figure class=\"wp-block-image\"><img decoding=\"async\" width=\"1024\" height=\"684\" src=\"https:\/\/contextoanalisisperiodistico.com\/wp-content\/uploads\/2024\/01\/boletC3ADn12-01-24284294343540367716367337-1024x684.jpg\" alt=\"\" class=\"wp-image-23327\" srcset=\"https:\/\/contextoanalisisperiodistico.com\/wp-content\/uploads\/2024\/01\/boletC3ADn12-01-24284294343540367716367337-1024x684.jpg 1024w, https:\/\/contextoanalisisperiodistico.com\/wp-content\/uploads\/2024\/01\/boletC3ADn12-01-24284294343540367716367337-300x200.jpg 300w, https:\/\/contextoanalisisperiodistico.com\/wp-content\/uploads\/2024\/01\/boletC3ADn12-01-24284294343540367716367337-768x513.jpg 768w, https:\/\/contextoanalisisperiodistico.com\/wp-content\/uploads\/2024\/01\/boletC3ADn12-01-24284294343540367716367337-1536x1027.jpg 1536w, https:\/\/contextoanalisisperiodistico.com\/wp-content\/uploads\/2024\/01\/boletC3ADn12-01-24284294343540367716367337.jpg 1616w\" sizes=\"(max-width: 1024px) 100vw, 1024px\" \/><\/figure>\n\n\n\n<figure class=\"wp-block-image\"><img decoding=\"async\" width=\"1024\" height=\"684\" src=\"https:\/\/contextoanalisisperiodistico.com\/wp-content\/uploads\/2024\/01\/boletC3ADn12-01-24281295343274288675102219-1024x684.jpg\" alt=\"\" class=\"wp-image-23328\" srcset=\"https:\/\/contextoanalisisperiodistico.com\/wp-content\/uploads\/2024\/01\/boletC3ADn12-01-24281295343274288675102219-1024x684.jpg 1024w, https:\/\/contextoanalisisperiodistico.com\/wp-content\/uploads\/2024\/01\/boletC3ADn12-01-24281295343274288675102219-300x200.jpg 300w, https:\/\/contextoanalisisperiodistico.com\/wp-content\/uploads\/2024\/01\/boletC3ADn12-01-24281295343274288675102219-768x513.jpg 768w, https:\/\/contextoanalisisperiodistico.com\/wp-content\/uploads\/2024\/01\/boletC3ADn12-01-24281295343274288675102219-1536x1027.jpg 1536w, https:\/\/contextoanalisisperiodistico.com\/wp-content\/uploads\/2024\/01\/boletC3ADn12-01-24281295343274288675102219.jpg 1616w\" sizes=\"(max-width: 1024px) 100vw, 1024px\" \/><\/figure>\n","protected":false},"excerpt":{"rendered":"<p>.Tienen presente que el presidente municipal Francisco Mart\u00ednez Neri los visit\u00f3, comprob\u00f3 el problema derivado&#8230;<\/p>\n","protected":false},"author":4,"featured_media":23325,"comment_status":"closed","ping_status":"open","sticky":false,"template":"","format":"standard","meta":{"footnotes":""},"categories":[9],"tags":[],"jetpack_sharing_enabled":true,"featured_image_urls":{"full":["https:\/\/contextoanalisisperiodistico.com\/wp-content\/uploads\/2024\/01\/BoletC3ADn12-01-2428329.jpg",1616,1080,false],"thumbnail":["https:\/\/contextoanalisisperiodistico.com\/wp-content\/uploads\/2024\/01\/BoletC3ADn12-01-2428329-150x150.jpg",150,150,true],"medium":["https:\/\/contextoanalisisperiodistico.com\/wp-content\/uploads\/2024\/01\/BoletC3ADn12-01-2428329-300x200.jpg",300,200,true],"medium_large":["https:\/\/contextoanalisisperiodistico.com\/wp-content\/uploads\/2024\/01\/BoletC3ADn12-01-2428329-768x513.jpg",640,428,true],"large":["https:\/\/contextoanalisisperiodistico.com\/wp-content\/uploads\/2024\/01\/BoletC3ADn12-01-2428329-1024x684.jpg",640,428,true],"1536x1536":["https:\/\/contextoanalisisperiodistico.com\/wp-content\/uploads\/2024\/01\/BoletC3ADn12-01-2428329-1536x1027.jpg",1536,1027,true],"2048x2048":["https:\/\/contextoanalisisperiodistico.com\/wp-content\/uploads\/2024\/01\/BoletC3ADn12-01-2428329.jpg",1616,1080,false],"covernews-slider-full":["https:\/\/contextoanalisisperiodistico.com\/wp-content\/uploads\/2024\/01\/BoletC3ADn12-01-2428329-1115x715.jpg",1115,715,true],"covernews-slider-center":["https:\/\/contextoanalisisperiodistico.com\/wp-content\/uploads\/2024\/01\/BoletC3ADn12-01-2428329-800x500.jpg",800,500,true],"covernews-featured":["https:\/\/contextoanalisisperiodistico.com\/wp-content\/uploads\/2024\/01\/BoletC3ADn12-01-2428329-1024x684.jpg",1024,684,true],"covernews-medium":["https:\/\/contextoanalisisperiodistico.com\/wp-content\/uploads\/2024\/01\/BoletC3ADn12-01-2428329-540x340.jpg",540,340,true],"covernews-medium-square":["https:\/\/contextoanalisisperiodistico.com\/wp-content\/uploads\/2024\/01\/BoletC3ADn12-01-2428329-400x250.jpg",400,250,true]},"author_info":{"display_name":"Mario Gir\u00f3n","author_link":"https:\/\/contextoanalisisperiodistico.com\/index.php\/author\/director\/"},"category_info":"<a href=\"https:\/\/contextoanalisisperiodistico.com\/index.php\/category\/politica\/\" rel=\"category tag\">Pol\u00edtica<\/a>","tag_info":"Pol\u00edtica","comment_count":"0","jetpack_featured_media_url":"https:\/\/contextoanalisisperiodistico.com\/wp-content\/uploads\/2024\/01\/BoletC3ADn12-01-2428329.jpg","_links":{"self":[{"href":"https:\/\/contextoanalisisperiodistico.com\/index.php\/wp-json\/wp\/v2\/posts\/23324"}],"collection":[{"href":"https:\/\/contextoanalisisperiodistico.com\/index.php\/wp-json\/wp\/v2\/posts"}],"about":[{"href":"https:\/\/contextoanalisisperiodistico.com\/index.php\/wp-json\/wp\/v2\/types\/post"}],"author":[{"embeddable":true,"href":"https:\/\/contextoanalisisperiodistico.com\/index.php\/wp-json\/wp\/v2\/users\/4"}],"replies":[{"embeddable":true,"href":"https:\/\/contextoanalisisperiodistico.com\/index.php\/wp-json\/wp\/v2\/comments?post=23324"}],"version-history":[{"count":1,"href":"https:\/\/contextoanalisisperiodistico.com\/index.php\/wp-json\/wp\/v2\/posts\/23324\/revisions"}],"predecessor-version":[{"id":23329,"href":"https:\/\/contextoanalisisperiodistico.com\/index.php\/wp-json\/wp\/v2\/posts\/23324\/revisions\/23329"}],"wp:featuredmedia":[{"embeddable":true,"href":"https:\/\/contextoanalisisperiodistico.com\/index.php\/wp-json\/wp\/v2\/media\/23325"}],"wp:attachment":[{"href":"https:\/\/contextoanalisisperiodistico.com\/index.php\/wp-json\/wp\/v2\/media?parent=23324"}],"wp:term":[{"taxonomy":"category","embeddable":true,"href":"https:\/\/contextoanalisisperiodistico.com\/index.php\/wp-json\/wp\/v2\/categories?post=23324"},{"taxonomy":"post_tag","embeddable":true,"href":"https:\/\/contextoanalisisperiodistico.com\/index.php\/wp-json\/wp\/v2\/tags?post=23324"}],"curies":[{"name":"wp","href":"https:\/\/api.w.org\/{rel}","templated":true}]}}