{"id":23315,"date":"2024-01-12T17:26:40","date_gmt":"2024-01-12T23:26:40","guid":{"rendered":"https:\/\/contextoanalisisperiodistico.com\/index.php\/2024\/01\/12\/tepelmeme-florecera-con-obras-y-servicios-salomon-jara-cruz\/"},"modified":"2024-01-12T17:26:40","modified_gmt":"2024-01-12T23:26:40","slug":"tepelmeme-florecera-con-obras-y-servicios-salomon-jara-cruz","status":"publish","type":"post","link":"https:\/\/contextoanalisisperiodistico.com\/index.php\/2024\/01\/12\/tepelmeme-florecera-con-obras-y-servicios-salomon-jara-cruz\/","title":{"rendered":"<em>Tepelmeme florecer\u00e1 con obras y servicios: Salom\u00f3n Jara Cruz<\/em>"},"content":{"rendered":"<div id=\"fb-root\"><\/div>\n\n<p>\u2022 En este municipio de la Mixteca se destinaron cerca de 13 millones de pesos para proyectos y obras en beneficio de la poblaci\u00f3n<\/p>\n\n\n\n<figure class=\"wp-block-image size-large\"><img fetchpriority=\"high\" decoding=\"async\" width=\"1024\" height=\"682\" src=\"https:\/\/contextoanalisisperiodistico.com\/wp-content\/uploads\/2024\/01\/img-20240112-wa00286336169409275807478-1024x682.jpg\" alt=\"\" class=\"wp-image-23314\" srcset=\"https:\/\/contextoanalisisperiodistico.com\/wp-content\/uploads\/2024\/01\/img-20240112-wa00286336169409275807478-1024x682.jpg 1024w, https:\/\/contextoanalisisperiodistico.com\/wp-content\/uploads\/2024\/01\/img-20240112-wa00286336169409275807478-300x200.jpg 300w, https:\/\/contextoanalisisperiodistico.com\/wp-content\/uploads\/2024\/01\/img-20240112-wa00286336169409275807478-768x512.jpg 768w, https:\/\/contextoanalisisperiodistico.com\/wp-content\/uploads\/2024\/01\/img-20240112-wa00286336169409275807478-1536x1023.jpg 1536w, https:\/\/contextoanalisisperiodistico.com\/wp-content\/uploads\/2024\/01\/img-20240112-wa00286336169409275807478.jpg 1600w\" sizes=\"(max-width: 1024px) 100vw, 1024px\" \/><\/figure>\n\n\n\n<figure class=\"wp-block-image\"><img decoding=\"async\" width=\"1024\" height=\"682\" src=\"https:\/\/contextoanalisisperiodistico.com\/wp-content\/uploads\/2024\/01\/img-20240112-wa00317581893798641884667-1024x682.jpg\" alt=\"\" class=\"wp-image-23312\" srcset=\"https:\/\/contextoanalisisperiodistico.com\/wp-content\/uploads\/2024\/01\/img-20240112-wa00317581893798641884667-1024x682.jpg 1024w, https:\/\/contextoanalisisperiodistico.com\/wp-content\/uploads\/2024\/01\/img-20240112-wa00317581893798641884667-300x200.jpg 300w, https:\/\/contextoanalisisperiodistico.com\/wp-content\/uploads\/2024\/01\/img-20240112-wa00317581893798641884667-768x512.jpg 768w, https:\/\/contextoanalisisperiodistico.com\/wp-content\/uploads\/2024\/01\/img-20240112-wa00317581893798641884667-1536x1023.jpg 1536w, https:\/\/contextoanalisisperiodistico.com\/wp-content\/uploads\/2024\/01\/img-20240112-wa00317581893798641884667.jpg 1600w\" sizes=\"(max-width: 1024px) 100vw, 1024px\" \/><\/figure>\n\n\n\n<figure class=\"wp-block-image\"><img decoding=\"async\" width=\"300\" height=\"200\" src=\"https:\/\/contextoanalisisperiodistico.com\/wp-content\/uploads\/2024\/01\/img-20240112-wa00323011901074105203408-300x200.jpg\" alt=\"\" class=\"wp-image-23310\" srcset=\"https:\/\/contextoanalisisperiodistico.com\/wp-content\/uploads\/2024\/01\/img-20240112-wa00323011901074105203408-300x200.jpg 300w, https:\/\/contextoanalisisperiodistico.com\/wp-content\/uploads\/2024\/01\/img-20240112-wa00323011901074105203408-768x512.jpg 768w, https:\/\/contextoanalisisperiodistico.com\/wp-content\/uploads\/2024\/01\/img-20240112-wa00323011901074105203408.jpg 1024w\" sizes=\"(max-width: 300px) 100vw, 300px\" \/><\/figure>\n\n\n\n<figure class=\"wp-block-image\"><img loading=\"lazy\" decoding=\"async\" width=\"300\" height=\"200\" src=\"https:\/\/contextoanalisisperiodistico.com\/wp-content\/uploads\/2024\/01\/img-20240112-wa00276764886197855312190-300x200.jpg\" alt=\"\" class=\"wp-image-23313\" srcset=\"https:\/\/contextoanalisisperiodistico.com\/wp-content\/uploads\/2024\/01\/img-20240112-wa00276764886197855312190-300x200.jpg 300w, https:\/\/contextoanalisisperiodistico.com\/wp-content\/uploads\/2024\/01\/img-20240112-wa00276764886197855312190-768x512.jpg 768w, https:\/\/contextoanalisisperiodistico.com\/wp-content\/uploads\/2024\/01\/img-20240112-wa00276764886197855312190.jpg 990w\" sizes=\"(max-width: 300px) 100vw, 300px\" \/><\/figure>\n\n\n\n<figure class=\"wp-block-image\"><img loading=\"lazy\" decoding=\"async\" width=\"1024\" height=\"682\" src=\"https:\/\/contextoanalisisperiodistico.com\/wp-content\/uploads\/2024\/01\/img-20240112-wa00341122436984089687332-1024x682.jpg\" alt=\"\" class=\"wp-image-23311\" srcset=\"https:\/\/contextoanalisisperiodistico.com\/wp-content\/uploads\/2024\/01\/img-20240112-wa00341122436984089687332-1024x682.jpg 1024w, https:\/\/contextoanalisisperiodistico.com\/wp-content\/uploads\/2024\/01\/img-20240112-wa00341122436984089687332-300x200.jpg 300w, https:\/\/contextoanalisisperiodistico.com\/wp-content\/uploads\/2024\/01\/img-20240112-wa00341122436984089687332-768x512.jpg 768w, https:\/\/contextoanalisisperiodistico.com\/wp-content\/uploads\/2024\/01\/img-20240112-wa00341122436984089687332-1536x1023.jpg 1536w, https:\/\/contextoanalisisperiodistico.com\/wp-content\/uploads\/2024\/01\/img-20240112-wa00341122436984089687332.jpg 1600w\" sizes=\"(max-width: 1024px) 100vw, 1024px\" \/><\/figure>\n\n\n\n<p>Tepelmeme Villa de Morelos, Oax. 12 de enero de 2024.- \u201cNosotros queremos que florezcan cosas nuevas en Oaxaca con obras y progreso\u201d, afirm\u00f3 el Gobernador Salom\u00f3n Jara Cruz ante habitantes de esta poblaci\u00f3n perteneciente a la regi\u00f3n Mixteca, donde dio a conocer diversos apoyos como parte de la estrategia Trabajo que Transforma tu Municipio, mediante la cual se destin\u00f3 12 millones 928 mil 311 pesos para diferentes obras y servicios.<\/p>\n\n\n\n<p>El Mandatario estatal inform\u00f3 que el Gobierno de la Primavera Oaxaque\u00f1a contin\u00faa apoyando los 570 municipios de la entidad sin distinci\u00f3n alguna ni intermediarios, y con el \u00fanico objetivo de resarcir el abandono en el que estuvieron durante d\u00e9cadas.<\/p>\n\n\n\n<p>De esta manera, desde la explanada del Palacio Municipal de Tepelmeme Villa de Morelos, la Secretar\u00eda de Finanzas (Sefin) inform\u00f3 que se han depositado a las arcas de este municipio un monto de 177 mil 848 pesos como parte del Fondo Compensatorio del Gobierno Federal.<\/p>\n\n\n\n<p>Asimismo, la Secretar\u00eda de Interculturalidad, Pueblos y Comunidades Ind\u00edgenas y Afromexicanas (SIPCIA) explic\u00f3 que para el fortalecimiento de las lenguas maternas, la dependencia aplica 40 mil pesos para el Programa Lenguas Vivas.<\/p>\n\n\n\n<p>En este pueblo reconocido como el primer corredor forestal se dio a conocer que a trav\u00e9s de la Comisi\u00f3n Estatal Forestal (Coesfo) se entregaron 14 mil plantas y se trabaja en la rehabilitaci\u00f3n total de un vivero de clima templado, donde se entregaron insumos para mano de obra y la producci\u00f3n de 500 mil plantas, con un monto total de 3 millones de pesos.<\/p>\n\n\n\n<p>Al pueblo hablante de lengua chocholteca, el Gobierno de Oaxaca a trav\u00e9s de los Servicios de Salud de Oaxaca (SSO) destin\u00f3 en el 2023 m\u00e1s de 1 mill\u00f3n de pesos y, para el 2024 se tiene proyectado 1 mill\u00f3n y medio de pesos para medicamentos.<\/p>\n\n\n\n<p>El Instituto Oaxaque\u00f1o Constructor de Infraestructura Educativa (Iocied) destin\u00f3 a la localidad un monto de 3 millones 964 mil pesos para tres proyectos de diferentes instituciones educativas; al plantel 215 del Instituto de Estudios de Bachillerato del Estado de Oaxaca (IEBO) se le destin\u00f3 3 millones 295 mil pesos para la construcci\u00f3n de un techado y entrega de computadoras, a la telesecundaria se le destin\u00f3 669 mil pesos para la construcci\u00f3n de un aula, mientras que al Jard\u00edn de Ni\u00f1os se le entregar\u00e1 mobiliario, computadoras, iluminaci\u00f3n, entre otros apoyos.<\/p>\n\n\n\n<p>En este encuentro tambi\u00e9n se dio a conocer que por medio de Caminos Bienestar (Cabien) se realizar\u00e1 la pavimentaci\u00f3n de los caminos que une al municipio con las agencias de Tierra Blanca, Puerto Mixteco, La Uni\u00f3n y Las Flores, brindando una inversi\u00f3n de 5 millones de pesos en una primera etapa.<\/p>\n\n\n\n<p>Tambi\u00e9n la Secretar\u00eda de Fomento Agroalimentario y Desarrollo Rural (Sefader) anunci\u00f3 la reforestaci\u00f3n de la localidad con la producci\u00f3n de 500 mil plantas, asimismo, se llevar\u00e1 a cabo un plan de trabajo entre el presidente municipal, agentes y el comisariado para atender el problema de agua, realizando estudios, para la ubicaci\u00f3n de ollas, retenes y represas.<\/p>\n\n\n\n<p>Antes de finalizar el evento, el Instituto Estatal de Educaci\u00f3n P\u00fablica de Oaxaca (IEEPO) anunci\u00f3 la inversi\u00f3n de 576 mil 62 pesos para material de aseo, oficina y limpieza de nueve instituciones educativas, dos jardines de ni\u00f1os, seis primarias y una telesecundaria.<\/p>\n\n\n\n<p>-0-<\/p>\n","protected":false},"excerpt":{"rendered":"<p>\u2022 En este municipio de la Mixteca se destinaron cerca de 13 millones de pesos&#8230;<\/p>\n","protected":false},"author":4,"featured_media":23309,"comment_status":"","ping_status":"open","sticky":false,"template":"","format":"standard","meta":{"footnotes":""},"categories":[9],"tags":[],"jetpack_sharing_enabled":true,"featured_image_urls":{"full":["https:\/\/contextoanalisisperiodistico.com\/wp-content\/uploads\/2024\/01\/IMG-20240112-WA0029.jpg",990,660,false],"thumbnail":["https:\/\/contextoanalisisperiodistico.com\/wp-content\/uploads\/2024\/01\/IMG-20240112-WA0029-150x150.jpg",150,150,true],"medium":["https:\/\/contextoanalisisperiodistico.com\/wp-content\/uploads\/2024\/01\/IMG-20240112-WA0029-300x200.jpg",300,200,true],"medium_large":["https:\/\/contextoanalisisperiodistico.com\/wp-content\/uploads\/2024\/01\/IMG-20240112-WA0029-768x512.jpg",640,427,true],"large":["https:\/\/contextoanalisisperiodistico.com\/wp-content\/uploads\/2024\/01\/IMG-20240112-WA0029.jpg",640,427,false],"1536x1536":["https:\/\/contextoanalisisperiodistico.com\/wp-content\/uploads\/2024\/01\/IMG-20240112-WA0029.jpg",990,660,false],"2048x2048":["https:\/\/contextoanalisisperiodistico.com\/wp-content\/uploads\/2024\/01\/IMG-20240112-WA0029.jpg",990,660,false],"covernews-slider-full":["https:\/\/contextoanalisisperiodistico.com\/wp-content\/uploads\/2024\/01\/IMG-20240112-WA0029.jpg",990,660,false],"covernews-slider-center":["https:\/\/contextoanalisisperiodistico.com\/wp-content\/uploads\/2024\/01\/IMG-20240112-WA0029-800x500.jpg",800,500,true],"covernews-featured":["https:\/\/contextoanalisisperiodistico.com\/wp-content\/uploads\/2024\/01\/IMG-20240112-WA0029.jpg",990,660,false],"covernews-medium":["https:\/\/contextoanalisisperiodistico.com\/wp-content\/uploads\/2024\/01\/IMG-20240112-WA0029-540x340.jpg",540,340,true],"covernews-medium-square":["https:\/\/contextoanalisisperiodistico.com\/wp-content\/uploads\/2024\/01\/IMG-20240112-WA0029-400x250.jpg",400,250,true]},"author_info":{"display_name":"Mario Gir\u00f3n","author_link":"https:\/\/contextoanalisisperiodistico.com\/index.php\/author\/director\/"},"category_info":"<a href=\"https:\/\/contextoanalisisperiodistico.com\/index.php\/category\/politica\/\" rel=\"category tag\">Pol\u00edtica<\/a>","tag_info":"Pol\u00edtica","comment_count":"0","jetpack_featured_media_url":"https:\/\/contextoanalisisperiodistico.com\/wp-content\/uploads\/2024\/01\/IMG-20240112-WA0029.jpg","_links":{"self":[{"href":"https:\/\/contextoanalisisperiodistico.com\/index.php\/wp-json\/wp\/v2\/posts\/23315"}],"collection":[{"href":"https:\/\/contextoanalisisperiodistico.com\/index.php\/wp-json\/wp\/v2\/posts"}],"about":[{"href":"https:\/\/contextoanalisisperiodistico.com\/index.php\/wp-json\/wp\/v2\/types\/post"}],"author":[{"embeddable":true,"href":"https:\/\/contextoanalisisperiodistico.com\/index.php\/wp-json\/wp\/v2\/users\/4"}],"replies":[{"embeddable":true,"href":"https:\/\/contextoanalisisperiodistico.com\/index.php\/wp-json\/wp\/v2\/comments?post=23315"}],"version-history":[{"count":0,"href":"https:\/\/contextoanalisisperiodistico.com\/index.php\/wp-json\/wp\/v2\/posts\/23315\/revisions"}],"wp:featuredmedia":[{"embeddable":true,"href":"https:\/\/contextoanalisisperiodistico.com\/index.php\/wp-json\/wp\/v2\/media\/23309"}],"wp:attachment":[{"href":"https:\/\/contextoanalisisperiodistico.com\/index.php\/wp-json\/wp\/v2\/media?parent=23315"}],"wp:term":[{"taxonomy":"category","embeddable":true,"href":"https:\/\/contextoanalisisperiodistico.com\/index.php\/wp-json\/wp\/v2\/categories?post=23315"},{"taxonomy":"post_tag","embeddable":true,"href":"https:\/\/contextoanalisisperiodistico.com\/index.php\/wp-json\/wp\/v2\/tags?post=23315"}],"curies":[{"name":"wp","href":"https:\/\/api.w.org\/{rel}","templated":true}]}}