{"id":23308,"date":"2024-01-12T10:22:59","date_gmt":"2024-01-12T16:22:59","guid":{"rendered":"https:\/\/contextoanalisisperiodistico.com\/index.php\/2024\/01\/12\/el-campo-agricola-ganadero-y-forestal-fundamentales-para-la-economia-de-oaxaca-salomon-jara\/"},"modified":"2024-01-12T10:22:59","modified_gmt":"2024-01-12T16:22:59","slug":"el-campo-agricola-ganadero-y-forestal-fundamentales-para-la-economia-de-oaxaca-salomon-jara","status":"publish","type":"post","link":"https:\/\/contextoanalisisperiodistico.com\/index.php\/2024\/01\/12\/el-campo-agricola-ganadero-y-forestal-fundamentales-para-la-economia-de-oaxaca-salomon-jara\/","title":{"rendered":"<em>El campo agr\u00edcola, ganadero y forestal <\/em><em> fundamentales para la econom\u00eda de Oaxaca: Salom\u00f3n Jar<\/em>a"},"content":{"rendered":"<div id=\"fb-root\"><\/div>\n\n<p>\u2022 El Gobernador del Estado destac\u00f3 el impulso a los agronegocios y dijo que por primera vez se aportaron 50 millones de pesos para otorgar cr\u00e9ditos y apoyos a personas productoras<\/p>\n\n\n\n<p>Oaxaca de Ju\u00e1rez, Oax. 12 de enero de 2024.- El Gobernador Salom\u00f3n Jara Cruz anunci\u00f3 que su gobierno destinar\u00e1 mil millones de pesos para fortalecer el campo agr\u00edcola, ganadero y forestal, los cuales representan una parte fundamental para la econom\u00eda del estado.<\/p>\n\n\n\n<p>Durante el programa televisivo Jueves de Gozona emitido a trav\u00e9s de la Corporaci\u00f3n Oaxaque\u00f1a de Radio y Televisi\u00f3n (Cortv), el Mandatario estatal expres\u00f3 que con este recurso se busca honrar el trabajo que realizan las y los productores oaxaque\u00f1os.<\/p>\n\n\n\n<p>\u201cEste a\u00f1o tenemos cerca de mil millones de pesos para apoyar al campo, para la producci\u00f3n y para el abasto de alimentos, porque el Gobierno de Oaxaca est\u00e1 ocupado atendiendo las necesidades del sector que mucho tiempo estuvo abandonado\u201d, recalc\u00f3.<\/p>\n\n\n\n<p>Jara Cruz destac\u00f3 el impulso a los agronegocios y dijo que por primera vez se aportaron 50 millones de pesos para otorgar cr\u00e9ditos y apoyos a las y los productores que ya est\u00e1n en otro nivel, como quienes producen caf\u00e9 y que ya est\u00e1n exportando su producto.<\/p>\n\n\n\n<p>Detall\u00f3 que en comparaci\u00f3n con las 650 mil toneladas que se producen de ma\u00edz al a\u00f1o, Oaxaca consume 800 mil toneladas, por lo que se trabaja para lograr la autosuficiencia alimentaria.<\/p>\n\n\n\n<p>Al respecto dijo que su administraci\u00f3n apoya a todas las regiones del estado con capacitaci\u00f3n y con semillas mejoradas que no son agresivas en el campo oaxaque\u00f1o, adem\u00e1s de que, a diferencia de gobiernos anteriores, ahora se apoya a las peque\u00f1as y medianas personas productoras, as\u00ed como a quienes ya tiene un nivel de producci\u00f3n de exportaci\u00f3n.<\/p>\n\n\n\n<p>Actualmente, se\u00f1al\u00f3, ya se exporta tomate, pepino, lim\u00f3n y caf\u00e9, adem\u00e1s de que \u201cnosotros ponemos en el mercado nacional el precio de la papaya\u201d, sostuvo.<\/p>\n\n\n\n<p><em>Gobierno de Oaxaca trabaja para garantizar la gratuidad en la educaci\u00f3n<\/em><\/p>\n\n\n\n<p>En esta emisi\u00f3n el Gobernador Salom\u00f3n Jara expres\u00f3 que invitar\u00e1 a la Universidad Aut\u00f3noma Benito Ju\u00e1rez de Oaxaca (UABJO), as\u00ed como a todos los dem\u00e1s centros de educaci\u00f3n media superior y superior de la entidad, a sumarse para garantizar la gratuidad de las inscripciones y reinscripciones.<\/p>\n\n\n\n<p>Coment\u00f3 que en la entidad se recaudaban aproximadamente 115 millones de pesos por inscripciones, recurso que no se reflejaba en beneficio de las y los estudiantes por la corrupci\u00f3n que exist\u00eda. \u201cEn nuestro gobierno no podemos aceptar que la educaci\u00f3n se cobre; adem\u00e1s, la pol\u00edtica de austeridad que empleamos ayuda para que la educaci\u00f3n sea gratuita\u201d.<\/p>\n\n\n\n<p>Jara Cruz tambi\u00e9n abord\u00f3 las acciones que se est\u00e1n realizando en el sector salud, y expres\u00f3 que Oaxaca se encuentra en la \u00faltima etapa de la federalizaci\u00f3n, misma que concluir\u00e1 el 21 de marzo para garantizar el abasto de medicinas y los servicios b\u00e1sicos.<\/p>\n\n\n\n<p>Finalmente, adelant\u00f3 que este 2024 habr\u00e1 una inversi\u00f3n de m\u00e1s de 650 millones de pesos para rehabilitar y concluir hospitales que fueron abandonados por gobiernos anteriores, como el de Pinotepa Nacional, Jalapa de D\u00edaz y Magdalena Tequisistl\u00e1n.<\/p>\n\n\n\n<p>-0-<\/p>\n\n\n\n<figure class=\"wp-block-image size-large\"><img fetchpriority=\"high\" decoding=\"async\" width=\"990\" height=\"658\" src=\"https:\/\/contextoanalisisperiodistico.com\/wp-content\/uploads\/2024\/01\/img-20240112-wa00055784467835385244578.jpg\" alt=\"\" class=\"wp-image-23307\" srcset=\"https:\/\/contextoanalisisperiodistico.com\/wp-content\/uploads\/2024\/01\/img-20240112-wa00055784467835385244578.jpg 990w, https:\/\/contextoanalisisperiodistico.com\/wp-content\/uploads\/2024\/01\/img-20240112-wa00055784467835385244578-300x199.jpg 300w, https:\/\/contextoanalisisperiodistico.com\/wp-content\/uploads\/2024\/01\/img-20240112-wa00055784467835385244578-768x510.jpg 768w\" sizes=\"(max-width: 990px) 100vw, 990px\" \/><\/figure>\n\n\n\n<figure class=\"wp-block-image\"><img decoding=\"async\" width=\"300\" height=\"200\" src=\"https:\/\/contextoanalisisperiodistico.com\/wp-content\/uploads\/2024\/01\/img-20240112-wa00073401772617790561021-300x200.jpg\" alt=\"\" class=\"wp-image-23306\" srcset=\"https:\/\/contextoanalisisperiodistico.com\/wp-content\/uploads\/2024\/01\/img-20240112-wa00073401772617790561021-300x200.jpg 300w, https:\/\/contextoanalisisperiodistico.com\/wp-content\/uploads\/2024\/01\/img-20240112-wa00073401772617790561021-768x512.jpg 768w, https:\/\/contextoanalisisperiodistico.com\/wp-content\/uploads\/2024\/01\/img-20240112-wa00073401772617790561021.jpg 990w\" sizes=\"(max-width: 300px) 100vw, 300px\" \/><\/figure>\n\n\n\n<figure class=\"wp-block-image\"><img decoding=\"async\" width=\"300\" height=\"200\" src=\"https:\/\/contextoanalisisperiodistico.com\/wp-content\/uploads\/2024\/01\/img-20240112-wa00082910262298664997144-300x200.jpg\" alt=\"\" class=\"wp-image-23305\" srcset=\"https:\/\/contextoanalisisperiodistico.com\/wp-content\/uploads\/2024\/01\/img-20240112-wa00082910262298664997144-300x200.jpg 300w, https:\/\/contextoanalisisperiodistico.com\/wp-content\/uploads\/2024\/01\/img-20240112-wa00082910262298664997144-768x512.jpg 768w, https:\/\/contextoanalisisperiodistico.com\/wp-content\/uploads\/2024\/01\/img-20240112-wa00082910262298664997144.jpg 990w\" sizes=\"(max-width: 300px) 100vw, 300px\" \/><\/figure>\n\n\n\n<figure class=\"wp-block-image\"><img loading=\"lazy\" decoding=\"async\" width=\"300\" height=\"200\" src=\"https:\/\/contextoanalisisperiodistico.com\/wp-content\/uploads\/2024\/01\/img-20240112-wa00038846902117410599116-300x200.jpg\" alt=\"\" class=\"wp-image-23303\" srcset=\"https:\/\/contextoanalisisperiodistico.com\/wp-content\/uploads\/2024\/01\/img-20240112-wa00038846902117410599116-300x200.jpg 300w, https:\/\/contextoanalisisperiodistico.com\/wp-content\/uploads\/2024\/01\/img-20240112-wa00038846902117410599116-768x511.jpg 768w, https:\/\/contextoanalisisperiodistico.com\/wp-content\/uploads\/2024\/01\/img-20240112-wa00038846902117410599116.jpg 990w\" sizes=\"(max-width: 300px) 100vw, 300px\" \/><\/figure>\n\n\n\n<figure class=\"wp-block-image\"><img loading=\"lazy\" decoding=\"async\" width=\"300\" height=\"200\" src=\"https:\/\/contextoanalisisperiodistico.com\/wp-content\/uploads\/2024\/01\/img-20240112-wa00044299248210172915871-300x200.jpg\" alt=\"\" class=\"wp-image-23304\" srcset=\"https:\/\/contextoanalisisperiodistico.com\/wp-content\/uploads\/2024\/01\/img-20240112-wa00044299248210172915871-300x200.jpg 300w, https:\/\/contextoanalisisperiodistico.com\/wp-content\/uploads\/2024\/01\/img-20240112-wa00044299248210172915871-768x511.jpg 768w, https:\/\/contextoanalisisperiodistico.com\/wp-content\/uploads\/2024\/01\/img-20240112-wa00044299248210172915871.jpg 990w\" sizes=\"(max-width: 300px) 100vw, 300px\" \/><\/figure>\n","protected":false},"excerpt":{"rendered":"<p>\u2022 El Gobernador del Estado destac\u00f3 el impulso a los agronegocios y dijo que por&#8230;<\/p>\n","protected":false},"author":4,"featured_media":23302,"comment_status":"","ping_status":"open","sticky":false,"template":"","format":"standard","meta":{"footnotes":""},"categories":[9],"tags":[],"jetpack_sharing_enabled":true,"featured_image_urls":{"full":["https:\/\/contextoanalisisperiodistico.com\/wp-content\/uploads\/2024\/01\/IMG-20240112-WA0006.jpg",990,659,false],"thumbnail":["https:\/\/contextoanalisisperiodistico.com\/wp-content\/uploads\/2024\/01\/IMG-20240112-WA0006-150x150.jpg",150,150,true],"medium":["https:\/\/contextoanalisisperiodistico.com\/wp-content\/uploads\/2024\/01\/IMG-20240112-WA0006-300x200.jpg",300,200,true],"medium_large":["https:\/\/contextoanalisisperiodistico.com\/wp-content\/uploads\/2024\/01\/IMG-20240112-WA0006-768x511.jpg",640,426,true],"large":["https:\/\/contextoanalisisperiodistico.com\/wp-content\/uploads\/2024\/01\/IMG-20240112-WA0006.jpg",640,426,false],"1536x1536":["https:\/\/contextoanalisisperiodistico.com\/wp-content\/uploads\/2024\/01\/IMG-20240112-WA0006.jpg",990,659,false],"2048x2048":["https:\/\/contextoanalisisperiodistico.com\/wp-content\/uploads\/2024\/01\/IMG-20240112-WA0006.jpg",990,659,false],"covernews-slider-full":["https:\/\/contextoanalisisperiodistico.com\/wp-content\/uploads\/2024\/01\/IMG-20240112-WA0006.jpg",990,659,false],"covernews-slider-center":["https:\/\/contextoanalisisperiodistico.com\/wp-content\/uploads\/2024\/01\/IMG-20240112-WA0006-800x500.jpg",800,500,true],"covernews-featured":["https:\/\/contextoanalisisperiodistico.com\/wp-content\/uploads\/2024\/01\/IMG-20240112-WA0006.jpg",990,659,false],"covernews-medium":["https:\/\/contextoanalisisperiodistico.com\/wp-content\/uploads\/2024\/01\/IMG-20240112-WA0006-540x340.jpg",540,340,true],"covernews-medium-square":["https:\/\/contextoanalisisperiodistico.com\/wp-content\/uploads\/2024\/01\/IMG-20240112-WA0006-400x250.jpg",400,250,true]},"author_info":{"display_name":"Mario Gir\u00f3n","author_link":"https:\/\/contextoanalisisperiodistico.com\/index.php\/author\/director\/"},"category_info":"<a href=\"https:\/\/contextoanalisisperiodistico.com\/index.php\/category\/politica\/\" rel=\"category tag\">Pol\u00edtica<\/a>","tag_info":"Pol\u00edtica","comment_count":"0","jetpack_featured_media_url":"https:\/\/contextoanalisisperiodistico.com\/wp-content\/uploads\/2024\/01\/IMG-20240112-WA0006.jpg","_links":{"self":[{"href":"https:\/\/contextoanalisisperiodistico.com\/index.php\/wp-json\/wp\/v2\/posts\/23308"}],"collection":[{"href":"https:\/\/contextoanalisisperiodistico.com\/index.php\/wp-json\/wp\/v2\/posts"}],"about":[{"href":"https:\/\/contextoanalisisperiodistico.com\/index.php\/wp-json\/wp\/v2\/types\/post"}],"author":[{"embeddable":true,"href":"https:\/\/contextoanalisisperiodistico.com\/index.php\/wp-json\/wp\/v2\/users\/4"}],"replies":[{"embeddable":true,"href":"https:\/\/contextoanalisisperiodistico.com\/index.php\/wp-json\/wp\/v2\/comments?post=23308"}],"version-history":[{"count":0,"href":"https:\/\/contextoanalisisperiodistico.com\/index.php\/wp-json\/wp\/v2\/posts\/23308\/revisions"}],"wp:featuredmedia":[{"embeddable":true,"href":"https:\/\/contextoanalisisperiodistico.com\/index.php\/wp-json\/wp\/v2\/media\/23302"}],"wp:attachment":[{"href":"https:\/\/contextoanalisisperiodistico.com\/index.php\/wp-json\/wp\/v2\/media?parent=23308"}],"wp:term":[{"taxonomy":"category","embeddable":true,"href":"https:\/\/contextoanalisisperiodistico.com\/index.php\/wp-json\/wp\/v2\/categories?post=23308"},{"taxonomy":"post_tag","embeddable":true,"href":"https:\/\/contextoanalisisperiodistico.com\/index.php\/wp-json\/wp\/v2\/tags?post=23308"}],"curies":[{"name":"wp","href":"https:\/\/api.w.org\/{rel}","templated":true}]}}