{"id":23301,"date":"2024-01-12T06:55:18","date_gmt":"2024-01-12T12:55:18","guid":{"rendered":"https:\/\/contextoanalisisperiodistico.com\/index.php\/2024\/01\/12\/presenta-morena-plataforma-electoral-para-elecciones-2024-en-oaxaca\/"},"modified":"2024-01-12T06:55:18","modified_gmt":"2024-01-12T12:55:18","slug":"presenta-morena-plataforma-electoral-para-elecciones-2024-en-oaxaca","status":"publish","type":"post","link":"https:\/\/contextoanalisisperiodistico.com\/index.php\/2024\/01\/12\/presenta-morena-plataforma-electoral-para-elecciones-2024-en-oaxaca\/","title":{"rendered":"Presenta Morena Plataforma Electoral para elecciones 2024 en Oaxaca"},"content":{"rendered":"<div id=\"fb-root\"><\/div>\n\n<p>\u201cMorena sigue fortaleci\u00e9ndose como un movimiento de la gente, del pueblo, vamos por buen camino y estoy seguro que este 2024 seguiremos haciendo historia\u201d, puntualiz\u00f3 Benjam\u00edn Viveros.<\/p>\n\n\n\n<p>Oaxaca de Ju\u00e1rez, Oaxaca a 11 de enero del 2024.- La Dirigencia Estatal de Morena en Oaxaca hizo entrega de la Plataforma Electoral 2024 al Instituto Estatal Electoral y de Participaci\u00f3n Ciudadana de Oaxaca (IEEPCO), de acuerdo a los tiempos y formas que marcan el calendario electoral local.<\/p>\n\n\n\n<p>En ese sentido, el presidente estatal de este instituto pol\u00edtico, Benjam\u00edn Viveros Montalvo se\u00f1al\u00f3 que este documento contiene las propuestas de car\u00e1cter pol\u00edtico, econ\u00f3mico y social que dar\u00e1n continuidad a la Cuarta Transformaci\u00f3n en Oaxaca.<\/p>\n\n\n\n<p>\u201cEste hecho marca el inicio de un proceso hist\u00f3rico y trascendente que vivir\u00e1 nuestro pa\u00eds y nuestro estado; de igual forma, fortalecer\u00e1 la democracia y el movimiento de regeneraci\u00f3n nacional\u201d, destac\u00f3 Viveros Montalvo.<\/p>\n\n\n\n<p>Asimismo, el l\u00edder estatal detall\u00f3 que esta plataforma es un requisito indispensable que establece la norma electoral para que los institutos pol\u00edticos puedan solicitar el registro de candidatas y candidatos a diputaciones locales y concejal\u00edas, en los tiempos correspondientes.<\/p>\n\n\n\n<p>\u201cMorena sigue fortaleci\u00e9ndose como un movimiento de la gente, del pueblo, vamos por buen camino y estoy seguro que este 2024 seguiremos haciendo historia bajo los principios de no mentir, no robar y no traicionar al pueblo\u201d, puntualiz\u00f3 Benjam\u00edn Viveros.<\/p>\n\n\n\n<p>&nbsp;<\/p>\n\n\n\n<figure class=\"wp-block-image size-large\"><img fetchpriority=\"high\" decoding=\"async\" width=\"1024\" height=\"683\" src=\"https:\/\/contextoanalisisperiodistico.com\/wp-content\/uploads\/2024\/01\/benjaminviveros1610610053325614997-1024x683.jpg\" alt=\"\" class=\"wp-image-23300\" srcset=\"https:\/\/contextoanalisisperiodistico.com\/wp-content\/uploads\/2024\/01\/benjaminviveros1610610053325614997-1024x683.jpg 1024w, https:\/\/contextoanalisisperiodistico.com\/wp-content\/uploads\/2024\/01\/benjaminviveros1610610053325614997-300x200.jpg 300w, https:\/\/contextoanalisisperiodistico.com\/wp-content\/uploads\/2024\/01\/benjaminviveros1610610053325614997-768x512.jpg 768w, https:\/\/contextoanalisisperiodistico.com\/wp-content\/uploads\/2024\/01\/benjaminviveros1610610053325614997-1536x1025.jpg 1536w, https:\/\/contextoanalisisperiodistico.com\/wp-content\/uploads\/2024\/01\/benjaminviveros1610610053325614997.jpg 2000w\" sizes=\"(max-width: 1024px) 100vw, 1024px\" \/><\/figure>\n","protected":false},"excerpt":{"rendered":"<p>\u201cMorena sigue fortaleci\u00e9ndose como un movimiento de la gente, del pueblo, vamos por buen camino&#8230;<\/p>\n","protected":false},"author":4,"featured_media":23299,"comment_status":"","ping_status":"open","sticky":false,"template":"","format":"standard","meta":{"footnotes":""},"categories":[9],"tags":[],"jetpack_sharing_enabled":true,"featured_image_urls":{"full":["https:\/\/contextoanalisisperiodistico.com\/wp-content\/uploads\/2024\/01\/Morena-scaled.jpeg",2560,1707,false],"thumbnail":["https:\/\/contextoanalisisperiodistico.com\/wp-content\/uploads\/2024\/01\/Morena-150x150.jpeg",150,150,true],"medium":["https:\/\/contextoanalisisperiodistico.com\/wp-content\/uploads\/2024\/01\/Morena-300x200.jpeg",300,200,true],"medium_large":["https:\/\/contextoanalisisperiodistico.com\/wp-content\/uploads\/2024\/01\/Morena-768x512.jpeg",640,427,true],"large":["https:\/\/contextoanalisisperiodistico.com\/wp-content\/uploads\/2024\/01\/Morena-1024x683.jpeg",640,427,true],"1536x1536":["https:\/\/contextoanalisisperiodistico.com\/wp-content\/uploads\/2024\/01\/Morena-1536x1024.jpeg",1536,1024,true],"2048x2048":["https:\/\/contextoanalisisperiodistico.com\/wp-content\/uploads\/2024\/01\/Morena-2048x1366.jpeg",2048,1366,true],"covernews-slider-full":["https:\/\/contextoanalisisperiodistico.com\/wp-content\/uploads\/2024\/01\/Morena-1115x715.jpeg",1115,715,true],"covernews-slider-center":["https:\/\/contextoanalisisperiodistico.com\/wp-content\/uploads\/2024\/01\/Morena-800x500.jpeg",800,500,true],"covernews-featured":["https:\/\/contextoanalisisperiodistico.com\/wp-content\/uploads\/2024\/01\/Morena-1024x683.jpeg",1024,683,true],"covernews-medium":["https:\/\/contextoanalisisperiodistico.com\/wp-content\/uploads\/2024\/01\/Morena-540x340.jpeg",540,340,true],"covernews-medium-square":["https:\/\/contextoanalisisperiodistico.com\/wp-content\/uploads\/2024\/01\/Morena-400x250.jpeg",400,250,true]},"author_info":{"display_name":"Mario Gir\u00f3n","author_link":"https:\/\/contextoanalisisperiodistico.com\/index.php\/author\/director\/"},"category_info":"<a href=\"https:\/\/contextoanalisisperiodistico.com\/index.php\/category\/politica\/\" rel=\"category tag\">Pol\u00edtica<\/a>","tag_info":"Pol\u00edtica","comment_count":"0","jetpack_featured_media_url":"https:\/\/contextoanalisisperiodistico.com\/wp-content\/uploads\/2024\/01\/Morena-scaled.jpeg","_links":{"self":[{"href":"https:\/\/contextoanalisisperiodistico.com\/index.php\/wp-json\/wp\/v2\/posts\/23301"}],"collection":[{"href":"https:\/\/contextoanalisisperiodistico.com\/index.php\/wp-json\/wp\/v2\/posts"}],"about":[{"href":"https:\/\/contextoanalisisperiodistico.com\/index.php\/wp-json\/wp\/v2\/types\/post"}],"author":[{"embeddable":true,"href":"https:\/\/contextoanalisisperiodistico.com\/index.php\/wp-json\/wp\/v2\/users\/4"}],"replies":[{"embeddable":true,"href":"https:\/\/contextoanalisisperiodistico.com\/index.php\/wp-json\/wp\/v2\/comments?post=23301"}],"version-history":[{"count":0,"href":"https:\/\/contextoanalisisperiodistico.com\/index.php\/wp-json\/wp\/v2\/posts\/23301\/revisions"}],"wp:featuredmedia":[{"embeddable":true,"href":"https:\/\/contextoanalisisperiodistico.com\/index.php\/wp-json\/wp\/v2\/media\/23299"}],"wp:attachment":[{"href":"https:\/\/contextoanalisisperiodistico.com\/index.php\/wp-json\/wp\/v2\/media?parent=23301"}],"wp:term":[{"taxonomy":"category","embeddable":true,"href":"https:\/\/contextoanalisisperiodistico.com\/index.php\/wp-json\/wp\/v2\/categories?post=23301"},{"taxonomy":"post_tag","embeddable":true,"href":"https:\/\/contextoanalisisperiodistico.com\/index.php\/wp-json\/wp\/v2\/tags?post=23301"}],"curies":[{"name":"wp","href":"https:\/\/api.w.org\/{rel}","templated":true}]}}